{"id":373064,"date":"2025-09-07T13:44:17","date_gmt":"2025-09-07T13:44:17","guid":{"rendered":"https:\/\/www.europesays.com\/fr\/373064\/"},"modified":"2025-09-07T13:44:17","modified_gmt":"2025-09-07T13:44:17","slug":"a-londres-890-personnes-arretees-lors-dune-manifestation-de-soutien-a-long-palestine-action","status":"publish","type":"post","link":"https:\/\/www.europesays.com\/fr\/373064\/","title":{"rendered":"\u00c0 Londres, 890 personnes arr\u00eat\u00e9es lors d\u2019une manifestation de soutien \u00e0 l\u2019ONG Palestine Action"},"content":{"rendered":"<p>Au Royaume-Uni, la solidarit\u00e9 avec la Palestine et Gaza peut vous mener en garde \u00e0 vue. La police de Londres a arr\u00eat\u00e9 890 personnes samedi au Royaume-Uni, en marge d\u2019une manifestation de soutien \u00e0 la Palestine organis\u00e9e par le groupe Palestine Action.<\/p>\n<p>Les autorit\u00e9s avaient annonc\u00e9 qu\u2019elles interpelleraient toute personne qui afficherait son soutien explicite \u00e0 ce mouvement, class\u00e9 comme \u00ab\u00a0terroriste\u00a0\u00bb par le gouvernement travailliste d\u00e9but juillet \u00e0 la suite d\u2019actes de vandalisme, notamment sur une base de l\u2019arm\u00e9e de l\u2019air.<\/p>\n<p>Mais plusieurs centaines de personnes ont brav\u00e9 le risque \u00e0 partir de la mi-journ\u00e9e devant le Parlement britannique, brandissant des pancartes \u00ab<a href=\"https:\/\/www.humanite.fr\/monde\/palestine\/je-moppose-au-genocide-je-soutiens-palestine-action-au-royaume-uni-522-personnes-arretees-pour-apres-avoir-manifeste-contre-le-genocide-a-gaza\" target=\"_blank\" rel=\"noopener\">\u00a0Je m\u2019oppose au g\u00e9nocide. Je soutiens Palestine Action<\/a>\u00a0\u00bb.<\/p>\n<p>\u00ab\u00a0Notre gouvernement a d\u00e9cid\u00e9 d\u2019interdire une organisation. C\u2019est totalement d\u00e9plac\u00e9 et il devrait passer plus de temps \u00e0 \u0153uvrer pour tenter d\u2019arr\u00eater le g\u00e9nocide (\u00e0 Gaza) plut\u00f4t que d\u2019essayer d\u2019arr\u00eater des manifestations\u00a0\u00bb, a d\u00e9nonc\u00e9 aupr\u00e8s de l\u2019AFP Nigel, 62\u00a0ans, dirigeant d\u2019une entreprise de recyclage tenant une pancarte de soutien \u00e0 Palestine Action. Il a \u00e9t\u00e9 interpell\u00e9 par la police, sous les cris de \u00ab\u00a0Honte \u00e0 vous\u00a0\u00bb lanc\u00e9s par d\u2019autres manifestants, a constat\u00e9 un journaliste de l\u2019AFP. Des tensions ont eu lieu entre les forces de l\u2019ordre et des participants qui ont tent\u00e9 d\u2019emp\u00eacher les arrestations.<\/p>\n<p>\u00ab\u00a0Nous ne sommes pas des terroristes\u00a0\u00bb<\/p>\n<p>La police de la capitale britannique a indiqu\u00e9 avoir d\u00e9ploy\u00e9 plus de 2\u00a0500 agents pour encadrer une s\u00e9rie de manifestations pro-palestiniennes dans la journ\u00e9e, dont une marche de soutien qui selon elle a r\u00e9uni plus de 20\u00a0000 personnes et n\u2019a donn\u00e9 lieu qu\u2019\u00e0 \u00ab\u00a0tr\u00e8s peu d\u2019interpellations\u00a0\u00bb.<\/p>\n<p>Mais la situation a \u00e9t\u00e9 plus tendue lors du rassemblement distinct qui avait \u00e9t\u00e9 organis\u00e9 par le groupe Defend Our Juries, qui proteste contre l\u2019interdiction de Palestine Action. Ce groupe d\u00e9nonce la complicit\u00e9 britannique avec l\u2019\u00c9tat d\u2019Isra\u00ebl, en particulier sur <a href=\"https:\/\/www.humanite.fr\/monde\/armee-israelienne\/mdba-le-fabricant-de-missiles-francais-continue-de-vendre-des-pieces-a-israel-pour-bombarder-gaza\" data-type=\"post\" data-id=\"3088737\" target=\"_blank\" rel=\"noopener\">la question des ventes d\u2019armes<\/a>.<\/p>\n<p>Cette mesure a \u00e9t\u00e9 jug\u00e9e \u00ab\u00a0disproportionn\u00e9e\u00a0\u00bb par l\u2019ONU et d\u00e9nonc\u00e9e par des organisations de d\u00e9fense des droits humains et des personnalit\u00e9s comme le cin\u00e9aste britannique Ken Loach ou <a href=\"https:\/\/www.humanite.fr\/monde\/irlande\/lactrice-irlandaise-sally-rooney-soutient-palestine-action\" data-type=\"post\" data-id=\"3128996\" target=\"_blank\" rel=\"noopener\">la romanci\u00e8re irlandaise Sally Rooney<\/a>.<\/p>\n<p>\u00ab\u00a0Nous ne sommes pas des terroristes (\u2026) Nous devons dire que Palestine Action a le droit d\u2019exister. L\u2019interdiction doit \u00eatre annul\u00e9e\u00a0\u00bb, a insist\u00e9 Polly Smith, retrait\u00e9e de 74\u00a0ans pr\u00e9sente au rassemblement de samedi.<\/p>\n<p>Avant la mobilisation de samedi, plus de 800 personnes avaient d\u00e9j\u00e0 \u00e9t\u00e9 arr\u00eat\u00e9es depuis juillet, et 138 inculp\u00e9es de soutien ou d\u2019incitation au soutien \u00e0 une organisation terroriste. Elles risquent pour la plupart six mois de prison. Celles consid\u00e9r\u00e9es comme des organisateurs des rassemblements risquent jusqu\u2019\u00e0 14\u00a0ans d\u2019emprisonnement.<\/p>\n<p>La cofondatrice de Palestine Action, Huda Ammori, a \u00e9t\u00e9 autoris\u00e9e \u00e0 contester en justice l\u2019interdiction du mouvement. Une audience est pr\u00e9vue en novembre.<\/p>\n<p>Pour une information libre sur la Palestine<\/p>\n<p>Nous avons \u00e9t\u00e9 l\u2019un des premiers m\u00e9dias fran\u00e7ais \u00e0 d\u00e9fendre le droit des Palestiniens \u00e0 disposer d\u2019un \u00c9tat viable dans le respect des r\u00e9solutions de l\u2019ONU. Et nous avons inlassablement d\u00e9fendu la paix au Proche-Orient. Aidez-nous \u00e0 continuer de vous informer sur ce qui se passe l\u00e0-bas. Gr\u00e2ce \u00e0 vos dons.<br \/><a href=\"https:\/\/www.humanite.fr\/lhumanite-cest-vous\" data-type=\"link\" data-id=\"https:\/\/www.humanite.fr\/lhumanite-cest-vous\" target=\"_blank\" rel=\"noopener\">Je veux en savoir plus\u00a0!<\/a><\/p>\n","protected":false},"excerpt":{"rendered":"Au Royaume-Uni, la solidarit\u00e9 avec la Palestine et Gaza peut vous mener en garde \u00e0 vue. La police&hellip;\n","protected":false},"author":2,"featured_media":373065,"comment_status":"","ping_status":"","sticky":false,"template":"","format":"standard","meta":{"footnotes":""},"categories":[1588],"tags":[11,1777,674,15130,12,473,1853,28555,1851,1850,1852],"class_list":{"0":"post-373064","1":"post","2":"type-post","3":"status-publish","4":"format-standard","5":"has-post-thumbnail","7":"category-royaume-uni","8":"tag-actualites","9":"tag-eu","10":"tag-europe","11":"tag-guerre-u00e0-gaza","12":"tag-news","13":"tag-royaume-uni","14":"tag-royaume-uni-de-grande-bretagne-et-dirlande-du-nord","15":"tag-ru00e9pression","16":"tag-uk","17":"tag-united-kingdom","18":"tag-united-kingdom-of-great-britain-and-northern-ireland"},"share_on_mastodon":{"url":"https:\/\/pubeurope.com\/@fr\/115163317219937519","error":""},"_links":{"self":[{"href":"https:\/\/www.europesays.com\/fr\/wp-json\/wp\/v2\/posts\/373064","targetHints":{"allow":["GET"]}}],"collection":[{"href":"https:\/\/www.europesays.com\/fr\/wp-json\/wp\/v2\/posts"}],"about":[{"href":"https:\/\/www.europesays.com\/fr\/wp-json\/wp\/v2\/types\/post"}],"author":[{"embeddable":true,"href":"https:\/\/www.europesays.com\/fr\/wp-json\/wp\/v2\/users\/2"}],"replies":[{"embeddable":true,"href":"https:\/\/www.europesays.com\/fr\/wp-json\/wp\/v2\/comments?post=373064"}],"version-history":[{"count":0,"href":"https:\/\/www.europesays.com\/fr\/wp-json\/wp\/v2\/posts\/373064\/revisions"}],"wp:featuredmedia":[{"embeddable":true,"href":"https:\/\/www.europesays.com\/fr\/wp-json\/wp\/v2\/media\/373065"}],"wp:attachment":[{"href":"https:\/\/www.europesays.com\/fr\/wp-json\/wp\/v2\/media?parent=373064"}],"wp:term":[{"taxonomy":"category","embeddable":true,"href":"https:\/\/www.europesays.com\/fr\/wp-json\/wp\/v2\/categories?post=373064"},{"taxonomy":"post_tag","embeddable":true,"href":"https:\/\/www.europesays.com\/fr\/wp-json\/wp\/v2\/tags?post=373064"}],"curies":[{"name":"wp","href":"https:\/\/api.w.org\/{rel}","templated":true}]}}