{"id":373068,"date":"2025-09-07T13:46:09","date_gmt":"2025-09-07T13:46:09","guid":{"rendered":"https:\/\/www.europesays.com\/fr\/373068\/"},"modified":"2025-09-07T13:46:09","modified_gmt":"2025-09-07T13:46:09","slug":"un-systeme-europeen-de-defense-pourrait-etre-mis-en-place-ou-les-pays-participants-seraient-a-la-fois-actionnaires-et-garants","status":"publish","type":"post","link":"https:\/\/www.europesays.com\/fr\/373068\/","title":{"rendered":"\u00ab\u00a0Un syst\u00e8me europ\u00e9en de d\u00e9fense pourrait \u00eatre mis en place, o\u00f9 les pays participants seraient \u00e0 la fois actionnaires et garants\u00a0\u00bb"},"content":{"rendered":"\n<p class=\"article__paragraph  \">Au mois de juin, <a href=\"https:\/\/www.lemonde.fr\/international\/article\/2025\/06\/05\/otan-les-allies-d-accord-pour-augmenter-les-depenses-de-defense-jusqu-a-5-de-leur-pib_6610704_3210.html\" rel=\"nofollow noopener\" target=\"_blank\">les pays membres de l\u2019OTAN ont scell\u00e9 un accord historique<\/a>, dans le but d\u2019accro\u00eetre leurs investissements dans la d\u00e9fense et la s\u00e9curit\u00e9. Un engagement chiffr\u00e9, mais encore d\u00e9pourvu de feuille de route claire. L\u2019objectif, fix\u00e9 \u00e0 3,5\u00a0% du produit int\u00e9rieur brut (PIB) pour les seules d\u00e9penses militaires d\u2019ici \u00e0 2035, doit \u00eatre compl\u00e9t\u00e9 par d\u2019autres d\u00e9penses de s\u00e9curit\u00e9, portant le total \u00e0 5\u00a0%.<\/p>\n<p class=\"article__paragraph  \">Trois pistes de financement s\u2019offrent aux gouvernements\u00a0: relever la fiscalit\u00e9, r\u00e9duire les d\u00e9penses publiques dans d\u2019autres secteurs ou alourdir encore la dette. Autant de leviers \u00e9vidents sur le papier, mais politiquement p\u00e9rilleux. La \u00ab\u00a0coalition des volontaires\u00a0\u00bb est, en r\u00e9alit\u00e9, une coalition de contraints.<\/p>\n<p class=\"article__paragraph  \">L\u2019\u00e9quation budg\u00e9taire se complique d\u2019autant plus que nombre de ces pays font d\u00e9j\u00e0 face \u00e0 des charges croissantes. Sur les 23 membres de l\u2019Union europ\u00e9enne (UE) appartenant \u00e0 l\u2019Alliance atlantique, plus de la moiti\u00e9 d\u00e9passent le seuil de dette fix\u00e9 \u00e0 60\u00a0% du PIB par Bruxelles. Le Royaume-Uni, le Canada et les Etats-Unis se trouvent dans une situation similaire. A l\u2019inverse, seules la Turquie et la Pologne disposent encore d\u2019une marge de man\u0153uvre notable, en raison d\u2019une dette publique contenue et de budgets militaires d\u00e9j\u00e0 importants. Dans les prochaines ann\u00e9es, de nombreux pays devront trouver de nouvelles ressources, au risque de voir se profiler de s\u00e9rieuses tensions budg\u00e9taires.<\/p>\n<p>           Endettement collectif           <\/p>\n<p class=\"article__paragraph  \">Face aux exigences financi\u00e8res colossales induites par l\u2019engagement des pays de l\u2019OTAN \u00e0 porter leurs d\u00e9penses de d\u00e9fense et de s\u00e9curit\u00e9 \u00e0 5\u00a0% du PIB d\u2019ici \u00e0 2035, une piste revient avec insistance dans les cercles diplomatiques et \u00e9conomiques\u00a0: recourir \u00e0 l\u2019endettement collectif. La mise en place d\u2019une \u00ab\u00a0coalition d\u2019emprunteurs\u00a0\u00bb consisterait \u00e0 fl\u00e9cher l\u2019ensemble des ressources lev\u00e9es par emprunt vers le financement de la d\u00e9fense.<\/p>\n<p class=\"article__paragraph  \">Les arguments en faveur d\u2019un tel m\u00e9canisme ne manquent pas. Les menaces qui p\u00e8sent sur la paix mondiale sont jug\u00e9es suffisamment graves pour justifier un effort imm\u00e9diat, comparable \u00e0 une police d\u2019assurance contre les risques futurs de chaos et de guerre. Investir aujourd\u2019hui, estiment ses promoteurs, permettrait de r\u00e9duire le co\u00fbt humain, \u00e9conomique et politique des potentiels conflits de demain.<\/p>\n<p class=\"reading-mode-only \"><strong>Il vous reste 62.37% de cet article \u00e0 lire. La suite est r\u00e9serv\u00e9e aux abonn\u00e9s.<\/strong><\/p>\n","protected":false},"excerpt":{"rendered":"Au mois de juin, les pays membres de l\u2019OTAN ont scell\u00e9 un accord historique, dans le but d\u2019accro\u00eetre&hellip;\n","protected":false},"author":2,"featured_media":203667,"comment_status":"","ping_status":"","sticky":false,"template":"","format":"standard","meta":{"footnotes":""},"categories":[1586],"tags":[11,1777,674,1011,27,12,25],"class_list":{"0":"post-373068","1":"post","2":"type-post","3":"status-publish","4":"format-standard","5":"has-post-thumbnail","7":"category-europe","8":"tag-actualites","9":"tag-eu","10":"tag-europe","11":"tag-fr","12":"tag-france","13":"tag-news","14":"tag-republique-francaise"},"share_on_mastodon":{"url":"https:\/\/pubeurope.com\/@fr\/115163325009799864","error":""},"_links":{"self":[{"href":"https:\/\/www.europesays.com\/fr\/wp-json\/wp\/v2\/posts\/373068","targetHints":{"allow":["GET"]}}],"collection":[{"href":"https:\/\/www.europesays.com\/fr\/wp-json\/wp\/v2\/posts"}],"about":[{"href":"https:\/\/www.europesays.com\/fr\/wp-json\/wp\/v2\/types\/post"}],"author":[{"embeddable":true,"href":"https:\/\/www.europesays.com\/fr\/wp-json\/wp\/v2\/users\/2"}],"replies":[{"embeddable":true,"href":"https:\/\/www.europesays.com\/fr\/wp-json\/wp\/v2\/comments?post=373068"}],"version-history":[{"count":0,"href":"https:\/\/www.europesays.com\/fr\/wp-json\/wp\/v2\/posts\/373068\/revisions"}],"wp:featuredmedia":[{"embeddable":true,"href":"https:\/\/www.europesays.com\/fr\/wp-json\/wp\/v2\/media\/203667"}],"wp:attachment":[{"href":"https:\/\/www.europesays.com\/fr\/wp-json\/wp\/v2\/media?parent=373068"}],"wp:term":[{"taxonomy":"category","embeddable":true,"href":"https:\/\/www.europesays.com\/fr\/wp-json\/wp\/v2\/categories?post=373068"},{"taxonomy":"post_tag","embeddable":true,"href":"https:\/\/www.europesays.com\/fr\/wp-json\/wp\/v2\/tags?post=373068"}],"curies":[{"name":"wp","href":"https:\/\/api.w.org\/{rel}","templated":true}]}}