{"id":373069,"date":"2025-09-07T13:47:11","date_gmt":"2025-09-07T13:47:11","guid":{"rendered":"https:\/\/www.europesays.com\/fr\/373069\/"},"modified":"2025-09-07T13:47:11","modified_gmt":"2025-09-07T13:47:11","slug":"le-secteur-des-services-de-la-zone-euro-et-de-lue-enregistre-une-croissance-annuelle-malgre-une-baisse-mensuelle-business-am","status":"publish","type":"post","link":"https:\/\/www.europesays.com\/fr\/373069\/","title":{"rendered":"Le secteur des services de la zone euro et de l&rsquo;UE enregistre une croissance annuelle malgr\u00e9 une baisse mensuelle &#8211; Business AM"},"content":{"rendered":"<p>Principaux renseignements<\/p>\n<ul class=\"wp-block-list\">\n<li><strong>Le secteur des services dans la zone euro et l\u2019UE a enregistr\u00e9 une l\u00e9g\u00e8re baisse mensuelle en juin 2025, mais une forte croissance en glissement annuel.<\/strong><\/li>\n<li><strong>La Gr\u00e8ce \u00e9tait en t\u00eate en termes de croissance mensuelle et annuelle, tandis que le Luxembourg affichait la plus forte baisse.<\/strong><\/li>\n<li\/>\n<\/ul>\n<p>En juin 2025, le secteur des services a l\u00e9g\u00e8rement recul\u00e9 de 0,1 pour cent dans <a href=\"https:\/\/fr.businessam.be\/lactivite-economique-de-la-zone-euro-en-hausse-grace-a-lindustrie\/\" target=\"_blank\" rel=\"noopener\">la zone euro<\/a> et l\u2019Union europ\u00e9enne par rapport \u00e0 mai 2025. Toutefois, si l\u2019on examine l\u2019\u00e9volution d\u2019une ann\u00e9e sur l\u2019autre, on constate une croissance significative. En juin 2025, par rapport \u00e0 juin 2024, celle-ci a augment\u00e9 de 2,9 pour cent dans la zone euro et de 3,3 pour cent dans l\u2019UE. C\u2019est ce qu\u2019indique <a href=\"https:\/\/ec.europa.eu\/eurostat\/web\/products-euro-indicators\/w\/4-05092025-bp\" target=\"_blank\" rel=\"noopener\">Eurostat<\/a>.<\/p>\n<p>Tableau contrast\u00e9 dans la zone euro et l\u2019UE<\/p>\n<p>Si l\u2019on examine les variations mensuelles dans des secteurs de services sp\u00e9cifiques, le tableau est contrast\u00e9. Dans la zone euro, les transports et le stockage ont l\u00e9g\u00e8rement augment\u00e9 de 0,1 pour cent, tandis que le logement et l\u2019alimentation ont enregistr\u00e9 une baisse de 0,6 pour cent. L\u2019information et la communication ont progress\u00e9 de 0,2 pour cent, l\u2019immobilier de 0,1 pour cent, mais les activit\u00e9s sp\u00e9cialis\u00e9es, scientifiques et techniques ont recul\u00e9 de 0,2 pour cent et les services administratifs et de soutien ont l\u00e9g\u00e8rement baiss\u00e9 de 0,1 pour cent.<\/p>\n<p>L\u2019UE a suivi certaines tendances, mais s\u2019est \u00e9cart\u00e9e d\u2019autres. Les transports et le stockage ont recul\u00e9 de 0,2 pour cent, l\u2019h\u00e9bergement et la restauration ont baiss\u00e9 de 0,7 pour cent, l\u2019information et la communication ont augment\u00e9 de 0,4 pour cent et les activit\u00e9s immobili\u00e8res ont recul\u00e9 de 0,1 pour cent. Les activit\u00e9s sp\u00e9cialis\u00e9es, scientifiques et techniques sont rest\u00e9es stables, tandis que les services administratifs et de soutien ont l\u00e9g\u00e8rement augment\u00e9 de 0,1 pour cent.<\/p>\n<p>Si l\u2019on examine les diff\u00e9rents \u00c9tats membres, on constate que le Luxembourg a enregistr\u00e9 la plus forte baisse mensuelle (-11,8 pour cent), suivi du Danemark (-2,8 pour cent) et de la Lettonie (-1,2 pour cent). \u00c0 l\u2019inverse, la Gr\u00e8ce a enregistr\u00e9 la plus forte hausse (+2,8 pour cent), suivie de l\u2019Estonie (+2,3 pour cent) et de la Pologne (+1,3 pour cent).<\/p>\n<p>Croissance positive sur une base annuelle<\/p>\n<p>Sur une base annuelle, tous les secteurs des services de la zone euro ont enregistr\u00e9 une croissance en juin 2025 par rapport \u00e0 juin 2024. Les transports et le stockage ont progress\u00e9 de 2,0 pour cent, l\u2019h\u00e9bergement et la restauration de 2,3 pour cent, l\u2019information et la communication de 5,4 pour cent, les activit\u00e9s immobili\u00e8res de 2,7 pour cent, les professions lib\u00e9rales et les activit\u00e9s scientifiques et techniques de 3,5 pour cent et les services administratifs et de soutien de 1,9 pour cent.<\/p>\n<p>L\u2019UE a refl\u00e9t\u00e9 ces tendances positives. Les transports et le stockage ont augment\u00e9 de 3,5 pour cent, l\u2019h\u00e9bergement et la restauration de 2,3 pour cent, l\u2019information et la communication de 5,5 pour cent, l\u2019immobilier de 2,9 pour cent, les activit\u00e9s lib\u00e9rales, scientifiques et techniques de 3,5 pour cent et les services administratifs et de soutien de 2,1 pour cent.<\/p>\n<p>Parmi les \u00c9tats membres, la Gr\u00e8ce a enregistr\u00e9 la plus forte hausse annuelle (+24,0 pour cent), suivie du Danemark (+15,2 pour cent) et de l\u2019Estonie (+9,9 pour cent). Le Luxembourg, en revanche, a enregistr\u00e9 la plus forte baisse (-41,7 pour cent), suivi de Malte (-3,2 pour cent) et de l\u2019Autriche (-1,1 pour cent).<\/p>\n","protected":false},"excerpt":{"rendered":"Principaux renseignements Le secteur des services dans la zone euro et l\u2019UE a enregistr\u00e9 une l\u00e9g\u00e8re baisse mensuelle&hellip;\n","protected":false},"author":2,"featured_media":373070,"comment_status":"","ping_status":"","sticky":false,"template":"","format":"standard","meta":{"footnotes":""},"categories":[1586],"tags":[11,1777,674,1779,1011,27,1861,12,25,50725,1778,364,8408],"class_list":{"0":"post-373069","1":"post","2":"type-post","3":"status-publish","4":"format-standard","5":"has-post-thumbnail","7":"category-europe","8":"tag-actualites","9":"tag-eu","10":"tag-europe","11":"tag-european-union","12":"tag-fr","13":"tag-france","14":"tag-lue","15":"tag-news","16":"tag-republique-francaise","17":"tag-secteur-des-services","18":"tag-ue","19":"tag-union-europeenne","20":"tag-zone-euro"},"share_on_mastodon":{"url":"https:\/\/pubeurope.com\/@fr\/115163328946408339","error":""},"_links":{"self":[{"href":"https:\/\/www.europesays.com\/fr\/wp-json\/wp\/v2\/posts\/373069","targetHints":{"allow":["GET"]}}],"collection":[{"href":"https:\/\/www.europesays.com\/fr\/wp-json\/wp\/v2\/posts"}],"about":[{"href":"https:\/\/www.europesays.com\/fr\/wp-json\/wp\/v2\/types\/post"}],"author":[{"embeddable":true,"href":"https:\/\/www.europesays.com\/fr\/wp-json\/wp\/v2\/users\/2"}],"replies":[{"embeddable":true,"href":"https:\/\/www.europesays.com\/fr\/wp-json\/wp\/v2\/comments?post=373069"}],"version-history":[{"count":0,"href":"https:\/\/www.europesays.com\/fr\/wp-json\/wp\/v2\/posts\/373069\/revisions"}],"wp:featuredmedia":[{"embeddable":true,"href":"https:\/\/www.europesays.com\/fr\/wp-json\/wp\/v2\/media\/373070"}],"wp:attachment":[{"href":"https:\/\/www.europesays.com\/fr\/wp-json\/wp\/v2\/media?parent=373069"}],"wp:term":[{"taxonomy":"category","embeddable":true,"href":"https:\/\/www.europesays.com\/fr\/wp-json\/wp\/v2\/categories?post=373069"},{"taxonomy":"post_tag","embeddable":true,"href":"https:\/\/www.europesays.com\/fr\/wp-json\/wp\/v2\/tags?post=373069"}],"curies":[{"name":"wp","href":"https:\/\/api.w.org\/{rel}","templated":true}]}}