{"id":373071,"date":"2025-09-07T13:48:13","date_gmt":"2025-09-07T13:48:13","guid":{"rendered":"https:\/\/www.europesays.com\/fr\/373071\/"},"modified":"2025-09-07T13:48:13","modified_gmt":"2025-09-07T13:48:13","slug":"benyamin-netanyahou-annonce-une-extension-des-operations-militaires-dans-la-ville-de-gaza","status":"publish","type":"post","link":"https:\/\/www.europesays.com\/fr\/373071\/","title":{"rendered":"Benyamin N\u00e9tanyahou annonce une extension des op\u00e9rations militaires dans la ville de Gaza"},"content":{"rendered":"<p>   Recevant le chef de la diplomatie danoise, Gideon Saar d\u00e9fend l\u2019action d\u2019Isra\u00ebl dans la bande de Gaza             <\/p>\n<p class=\"post__live-container--answer-text post__space-node\">Le ministre des affaires \u00e9trang\u00e8res de l\u2019Etat h\u00e9breu, Gideon Saar, a fait part d\u2019un \u00ab\u00a0grand changement sur le terrain\u00a0\u00bb au chef de la diplomatie danois, Lars Lokke Rasmussen, re\u00e7u \u00e0 J\u00e9rusalem, selon des propos rapport\u00e9s par <a href=\"https:\/\/www.timesofisrael.com\/liveblog_entry\/saar-danish-fm-clash-on-gaza-humanitarian-situation-evacuation-of-injured-gazans\/\" target=\"_blank\" rel=\"noopener nofollow\" title=\"Nouvelle fen\u00eatre\">The Times of Israel<\/a>. \u00ab\u00a0Ce n\u2019est pas quelque chose que l\u2019on peut trouver dans les m\u00e9dias occidentaux, mais les faits sont que nous avons respect\u00e9 tous nos accords avec l\u2019Union europ\u00e9enne sur [la] question [de l\u2019<a href=\"https:\/\/www.lemonde.fr\/international\/article\/2025\/07\/16\/guerre-a-gaza-l-union-europe[\u2026]renonce-pour-l-instant-a-sanctionner-israel_6621482_3210.html\" target=\"_blank\" rel=\"noopener nofollow\" title=\"Nouvelle fen\u00eatre\">approvisionnement de l\u2019aide dans l\u2019enclave<\/a>]\u00a0\u00bb, poursuit-il.<\/p>\n<p>                 <img decoding=\"async\" class=\"post__live-container--img post__space-node\"  src=\"https:\/\/www.europesays.com\/fr\/wp-content\/uploads\/2025\/09\/0937858_upload-1-cu2pnbtrviir-829649.jpg\" data- alt=\"Le ministre danois des affaires \u00e9trang\u00e8res, Lars Loekke Rasmussen (\u00e0 gauche), et le ministre isra\u00e9lien des affaires \u00e9trang\u00e8res, Gideon Saar, lors de leur r\u00e9union \u00e0 J\u00e9rusalem, le 7\u00a0septembre 2025.\"\/>   Le ministre danois des affaires \u00e9trang\u00e8res, Lars Loekke Rasmussen (\u00e0 gauche), et le ministre isra\u00e9lien des affaires \u00e9trang\u00e8res, Gideon Saar, lors de leur r\u00e9union \u00e0 J\u00e9rusalem, le 7\u00a0septembre 2025. IDA MARIE ODGAARD\/AFP               <\/p>\n<p class=\"post__live-container--answer-text post__space-node\">\u00ab\u00a0De plus, apr\u00e8s le lancement de la politique des couloirs humanitaires et des largages a\u00e9riens, d\u2019importantes quantit\u00e9s de vivres ont \u00e9t\u00e9 achemin\u00e9es vers la bande de Gaza, ce qui s\u2019est traduit par une baisse spectaculaire des prix des produits\u00a0\u00bb, explique le ministre isra\u00e9lien. Depuis la fin de mai, l\u2019Etat h\u00e9breu a l\u00e9g\u00e8rement assoupli un blocus total impos\u00e9 au territoire palestinien depuis le d\u00e9but de mars, qui a entra\u00een\u00e9 de tr\u00e8s graves p\u00e9nuries de nourriture, m\u00e9dicaments et autres biens de premi\u00e8re n\u00e9cessit\u00e9.<\/p>\n<p class=\"post__live-container--answer-text post__space-node\">Le Cogat, instance isra\u00e9lienne, estime que 200\u00a0\u00e0 300\u00a0camions entrent quotidiennement dans l\u2019enclave pour apporter de l\u2019aide, loin des 600\u00a0camions n\u00e9cessaires selon les ONG et l\u2019ONU. A la mi-ao\u00fbt, <a href=\"https:\/\/www.lemonde.fr\/international\/live\/2025\/08\/19\/en-direct-gaza-la-republique-protege-et-protegera-toujours-ses-compatriotes-de-confession-juive-repond-la-france-a-benyamin-netanyahou_6628849_3210.html?#id-2522286\" rel=\"nofollow noopener\" target=\"_blank\">les donn\u00e9es communiqu\u00e9es par le Cogat ont \u00e9t\u00e9 d\u00e9menties<\/a>\u00a0par le directeur du r\u00e9seau des ONG palestiniennes \u00e0 Gaza, Amjad Shawa\u00a0: il affirmait alors \u00e0 l\u2019Agence France-Presse que \u00ab\u00a0le nombre de camions entrant dans Gaza\u00a0[chaque jour \u00e9tait]\u00a0compris entre 70 et 90 au mieux\u00a0\u00bb.<\/p>\n<p class=\"post__live-container--answer-text post__space-node\">De son c\u00f4t\u00e9, sur les questions humanitaires, M.\u00a0Rasmussen oppose n\u2019\u00eatre \u00ab\u00a0d\u2019accord sur aucune avanc\u00e9e majeure\u00a0\u00bb, expliquant qu\u2019il \u00ab\u00a0a r\u00e9it\u00e9r\u00e9 l\u2019offre du Danemark d\u2019aider au traitement des patients de Gaza \u00e0 J\u00e9rusalem-Est ou en Cisjordanie\u00a0\u00bb. \u00ab\u00a0Vous n\u2019\u00eates pas dispos\u00e9s \u00e0 donner acc\u00e8s \u00e0 ces patients\u00a0\u00bb, a-t-il d\u00e9nonc\u00e9. \u00ab\u00a0C\u2019est une guerre, et nous avons nos propres pr\u00e9occupations en mati\u00e8re de s\u00e9curit\u00e9\u00a0\u00bb, a r\u00e9pondu\u00a0M. Saar ajoutant avoir \u00ab\u00a0toutefois convenu d\u2019examiner la possibilit\u00e9 de le faire avec certains Etats arabes\u00a0\u00bb.<\/p>\n","protected":false},"excerpt":{"rendered":"Recevant le chef de la diplomatie danoise, Gideon Saar d\u00e9fend l\u2019action d\u2019Isra\u00ebl dans la bande de Gaza Le&hellip;\n","protected":false},"author":2,"featured_media":373072,"comment_status":"","ping_status":"","sticky":false,"template":"","format":"standard","meta":{"footnotes":""},"categories":[2],"tags":[11,1011,27,12,25],"class_list":{"0":"post-373071","1":"post","2":"type-post","3":"status-publish","4":"format-standard","5":"has-post-thumbnail","7":"category-actualites","8":"tag-actualites","9":"tag-fr","10":"tag-france","11":"tag-news","12":"tag-republique-francaise"},"share_on_mastodon":{"url":"https:\/\/pubeurope.com\/@fr\/115163332869406134","error":""},"_links":{"self":[{"href":"https:\/\/www.europesays.com\/fr\/wp-json\/wp\/v2\/posts\/373071","targetHints":{"allow":["GET"]}}],"collection":[{"href":"https:\/\/www.europesays.com\/fr\/wp-json\/wp\/v2\/posts"}],"about":[{"href":"https:\/\/www.europesays.com\/fr\/wp-json\/wp\/v2\/types\/post"}],"author":[{"embeddable":true,"href":"https:\/\/www.europesays.com\/fr\/wp-json\/wp\/v2\/users\/2"}],"replies":[{"embeddable":true,"href":"https:\/\/www.europesays.com\/fr\/wp-json\/wp\/v2\/comments?post=373071"}],"version-history":[{"count":0,"href":"https:\/\/www.europesays.com\/fr\/wp-json\/wp\/v2\/posts\/373071\/revisions"}],"wp:featuredmedia":[{"embeddable":true,"href":"https:\/\/www.europesays.com\/fr\/wp-json\/wp\/v2\/media\/373072"}],"wp:attachment":[{"href":"https:\/\/www.europesays.com\/fr\/wp-json\/wp\/v2\/media?parent=373071"}],"wp:term":[{"taxonomy":"category","embeddable":true,"href":"https:\/\/www.europesays.com\/fr\/wp-json\/wp\/v2\/categories?post=373071"},{"taxonomy":"post_tag","embeddable":true,"href":"https:\/\/www.europesays.com\/fr\/wp-json\/wp\/v2\/tags?post=373071"}],"curies":[{"name":"wp","href":"https:\/\/api.w.org\/{rel}","templated":true}]}}