{"id":373073,"date":"2025-09-07T13:49:10","date_gmt":"2025-09-07T13:49:10","guid":{"rendered":"https:\/\/www.europesays.com\/fr\/373073\/"},"modified":"2025-09-07T13:49:10","modified_gmt":"2025-09-07T13:49:10","slug":"marc-ferracci-estime-probable-que-la-ppe-ne-soit-pas-publiee-avant-une-chute-du-gouvernement","status":"publish","type":"post","link":"https:\/\/www.europesays.com\/fr\/373073\/","title":{"rendered":"Marc Ferracci estime \u00abprobable\u00bb que la PPE ne soit pas publi\u00e9e avant une chute du gouvernement"},"content":{"rendered":"<p>Le sujet est crucial en vue de la publication \u00e0 venir, par le gouvernement, de ce d\u00e9cret cens\u00e9 d\u00e9finir les priorit\u00e9s d\u2019action des pouvoirs publics pour la gestion des formes d\u2019\u00e9nergie sur le territoire ces prochaines ann\u00e9es.<\/p>\n<p class=\"fig-paragraph\">Le ministre d\u00e9l\u00e9gu\u00e9 charg\u00e9 de l&rsquo;Industrie Marc Ferracci a jug\u00e9 \u00abprobable\u00bb dimanche que le d\u00e9cret\u00a0<a href=\"http:\/\/www.lefigaro.fr\/politique\/budget-energie-ces-textes-qui-seront-suspendus-en-cas-de-chute-du-gouvernement-bayrou-20250902\" data-fig-type=\"Article\" data-gtm-custom-categorie=\"navigation\" data-gtm-custom-action=\"crossclick\" data-gtm-custom-label=\"Contextuel\" data-gtm-event=\"customEventSPE\" data-fig-domain=\"LEFIGARO\" target=\"_blank\" rel=\"noopener\">sur la programmation \u00e9nerg\u00e9tique ne soit pas publi\u00e9<\/a>\u00a0avant la chute \u00e9ventuelle du gouvernement \u00e0 l&rsquo;issue d&rsquo;un vote de confiance lundi. La troisi\u00e8me Programmation pluriannuelle \u00e9nerg\u00e9tique (PPE) trace la feuille de route de la France en la mati\u00e8re jusqu&rsquo;en 2035. Elle vise \u00e0 sortir des \u00e9nergies fossiles et \u00e0 atteindre la neutralit\u00e9 carbone en 2050, gr\u00e2ce \u00e0 une plus grande disponibilit\u00e9 du parc nucl\u00e9aire fran\u00e7ais et \u00e0 la construction de nouveaux r\u00e9acteurs de type EPR2.<\/p>\n<p class=\"fig-paragraph\">Mais elle devait encore faire l&rsquo;objet d&rsquo;un d\u00e9cret, dont le premier ministre Fran\u00e7ois Bayrou a annonc\u00e9 d\u00e9but ao\u00fbt avoir retard\u00e9 la publication \u00abpour que soient conduites la concertation et les consultations n\u00e9cessaires\u00bb avec les partis et les groupes parlementaires. La PPE a donn\u00e9 lieu \u00e0 de vifs d\u00e9bats entre pro-nucl\u00e9aires et partisans des \u00e9nergies renouvelables. \u00abJ&rsquo;ai valid\u00e9 ce d\u00e9cret. C&rsquo;est une d\u00e9cision du premier ministre\u00bb de l&rsquo;avoir retard\u00e9, a expliqu\u00e9 Marc Ferracci sur Franceinfo dimanche matin.<\/p>\n<p>                                    <a class=\"fig-a11y-skip a11y-hidden\" href=\"#fig-a11y-skip-main-inarticle\"><br \/>\n        Passer la publicit\u00e9<br \/>\n    <\/a><\/p>\n<p>Le texte risque de rester dans les limbes<\/p>\n<p class=\"fig-paragraph\">Mais alors que Fran\u00e7ois Bayrou a convoqu\u00e9 lundi un vote de confiance \u00e0 l&rsquo;Assembl\u00e9e nationale, qu&rsquo;il devrait perdre vu les vetos annonc\u00e9s de l&rsquo;extr\u00eame droite et de la gauche, le texte risque de rester dans les limbes. \u00abC&rsquo;est effectivement une hypoth\u00e8se qui est probable aujourd&rsquo;hui\u00bb, a r\u00e9pondu Marc Ferracci \u00e0 la question de savoir si la PPE ne serait pas publi\u00e9e avant la chute du gouvernement.<\/p>\n<p class=\"fig-paragraph\">Le ministre a toutefois esp\u00e9r\u00e9 que ce texte ne soit pas enterr\u00e9. \u00abJe pense que le premier ministre qui peut-\u00eatre prendra la suite de Fran\u00e7ois Bayrou aura besoin de donner une trajectoire pluriannuelle de l&rsquo;\u00e9nergie au pays\u00bb, a-t-il ajout\u00e9. La publication de la PPE \u00e9tait tr\u00e8s attendue par les acteurs de l&rsquo;\u00e9nergie pour lancer des appels d\u2019offres, notamment dans l&rsquo;\u00e9olien en mer, s\u00e9curiser des investissements, anticiper les besoins de formation et d&#8217;emploi et pr\u00e9voir les infrastructures.<\/p>\n","protected":false},"excerpt":{"rendered":"Le sujet est crucial en vue de la publication \u00e0 venir, par le gouvernement, de ce d\u00e9cret cens\u00e9&hellip;\n","protected":false},"author":2,"featured_media":373074,"comment_status":"","ping_status":"","sticky":false,"template":"","format":"standard","meta":{"footnotes":""},"categories":[2],"tags":[11,893,1011,27,431,49333,12,25],"class_list":{"0":"post-373073","1":"post","2":"type-post","3":"status-publish","4":"format-standard","5":"has-post-thumbnail","7":"category-actualites","8":"tag-actualites","9":"tag-energie","10":"tag-fr","11":"tag-france","12":"tag-francois-bayrou","13":"tag-marc-ferracci","14":"tag-news","15":"tag-republique-francaise"},"share_on_mastodon":{"url":"https:\/\/pubeurope.com\/@fr\/115163336749195211","error":""},"_links":{"self":[{"href":"https:\/\/www.europesays.com\/fr\/wp-json\/wp\/v2\/posts\/373073","targetHints":{"allow":["GET"]}}],"collection":[{"href":"https:\/\/www.europesays.com\/fr\/wp-json\/wp\/v2\/posts"}],"about":[{"href":"https:\/\/www.europesays.com\/fr\/wp-json\/wp\/v2\/types\/post"}],"author":[{"embeddable":true,"href":"https:\/\/www.europesays.com\/fr\/wp-json\/wp\/v2\/users\/2"}],"replies":[{"embeddable":true,"href":"https:\/\/www.europesays.com\/fr\/wp-json\/wp\/v2\/comments?post=373073"}],"version-history":[{"count":0,"href":"https:\/\/www.europesays.com\/fr\/wp-json\/wp\/v2\/posts\/373073\/revisions"}],"wp:featuredmedia":[{"embeddable":true,"href":"https:\/\/www.europesays.com\/fr\/wp-json\/wp\/v2\/media\/373074"}],"wp:attachment":[{"href":"https:\/\/www.europesays.com\/fr\/wp-json\/wp\/v2\/media?parent=373073"}],"wp:term":[{"taxonomy":"category","embeddable":true,"href":"https:\/\/www.europesays.com\/fr\/wp-json\/wp\/v2\/categories?post=373073"},{"taxonomy":"post_tag","embeddable":true,"href":"https:\/\/www.europesays.com\/fr\/wp-json\/wp\/v2\/tags?post=373073"}],"curies":[{"name":"wp","href":"https:\/\/api.w.org\/{rel}","templated":true}]}}