{"id":37308,"date":"2025-04-19T20:40:08","date_gmt":"2025-04-19T20:40:08","guid":{"rendered":"https:\/\/www.europesays.com\/fr\/37308\/"},"modified":"2025-04-19T20:40:08","modified_gmt":"2025-04-19T20:40:08","slug":"a-bannalec-une-collecte-solidaire-pour-lukraine","status":"publish","type":"post","link":"https:\/\/www.europesays.com\/fr\/37308\/","title":{"rendered":"\u00c0 Bannalec, une collecte solidaire pour l\u2019Ukraine"},"content":{"rendered":"<p>Les caddies d\u00e9bordaient de p\u00e2tes, de conserves, de produits d\u2019hygi\u00e8ne. Toute la journ\u00e9e, samedi 19 avril, les b\u00e9n\u00e9voles de l\u2019association Unis pour l\u2019Ukraine 56 ont accueilli les dons des clients de l\u2019Intermarch\u00e9 de Bannalec. \u00ab\u00a0On a \u00e9t\u00e9 touch\u00e9s par la g\u00e9n\u00e9rosit\u00e9 des gens. Les Fran\u00e7ais sont g\u00e9n\u00e9reux\u00a0\u00bb, t\u00e9moigne Nataliia, r\u00e9fugi\u00e9e ukrainienne et membre de l\u2019association. Nataliia est arriv\u00e9e avec sa famille dans la commune de Bannalec, le 8 mars 2022, au d\u00e9but du conflit. Avec elle, sa maman et ses deux enfants, Yevheniia et Kyrylo, tous deux scolaris\u00e9 \u00e0 Quimperl\u00e9. Nataliia s\u2019ins\u00e8re dans la vie fran\u00e7aise et parle un bon fran\u00e7ais. Cependant, elle n\u2019a pas de permis et est en recherche d\u2019emploi. \u00ab\u00a0Ici, \u00e0 Bannalec, c\u2019est compliqu\u00e9 de trouver quelque chose, il faut plus se rapprocher de Lorient ou de Quimperl\u00e9 mais sans permis ce n\u2019est pas \u00e9vident\u00a0\u00bb, explique-t-elle.<\/p>\n<p>\u00ab\u00a0Notre ancien logement en Ukraine a \u00e9t\u00e9 bombard\u00e9\u00a0\u00bb<\/p>\n<p>\u00ab\u00a0Nous habitions la ville de Soumy en Ukraine avant le d\u00e9but de la guerre mais notre ancien logement a \u00e9t\u00e9 bombard\u00e9 la semaine derni\u00e8re\u00a0\u00bb, s\u2019attriste la jeune maman r\u00e9fugi\u00e9e. Un bombardement qui a fait 35 morts et une centaine de bless\u00e9s. \u00ab\u00a0On a du mal \u00e0 positiver sur la situation et sur les perspectives \u00e0 venir. Les n\u00e9gociations avec Trump n\u2019avancent pas. C\u2019est difficile de se dire que \u00e7a va aller mieux\u00a0\u00bb, ajoute-t-elle.<\/p>\n<p>Un 23e convoi vers l\u2019Ukraine<\/p>\n<p>Cette collecte vient s\u2019ajouter aux nombreuses actions men\u00e9es par l\u2019association depuis le d\u00e9but de la guerre en Ukraine. Les dons seront achemin\u00e9s dans les prochaines semaines vers des zones sinistr\u00e9es du pays, o\u00f9 la population manque toujours de produits de premi\u00e8re n\u00e9cessit\u00e9. \u00ab\u00a0C\u2019est le 23e camion que l\u2019on envoie vers l\u2019Ukraine. En plus de cette collecte de nourriture et de produits de premi\u00e8re n\u00e9cessit\u00e9, il y aura du mat\u00e9riel m\u00e9dical\u00a0\u00bb, souligne Pascal, d\u00e9l\u00e9gu\u00e9 de l\u2019association, qui organise des collectes dans le secteur du Finist\u00e8re Sud. \u00ab\u00a0J\u2019ai donn\u00e9 une dizaine d\u2019articles, je peux me permettre financi\u00e8rement d\u2019aider, alors je le fais. C\u2019est choquant ce qu\u2019il se passe l\u00e0-bas\u00a0\u00bb, remarque une donneuse. Pour l\u2019association, chaque don compte et peut aider \u00e0 reconstruire des vies.<\/p>\n","protected":false},"excerpt":{"rendered":"Les caddies d\u00e9bordaient de p\u00e2tes, de conserves, de produits d\u2019hygi\u00e8ne. Toute la journ\u00e9e, samedi 19 avril, les b\u00e9n\u00e9voles&hellip;\n","protected":false},"author":2,"featured_media":37309,"comment_status":"","ping_status":"","sticky":false,"template":"","format":"standard","meta":{"footnotes":""},"categories":[1590],"tags":[11,11879,1777,674,12,11878,11880,220],"class_list":{"0":"post-37308","1":"post","2":"type-post","3":"status-publish","4":"format-standard","5":"has-post-thumbnail","7":"category-ukraine","8":"tag-actualites","9":"tag-bannalec","10":"tag-eu","11":"tag-europe","12":"tag-news","13":"tag-quimperle","14":"tag-solidarite-ukraine","15":"tag-ukraine"},"share_on_mastodon":{"url":"https:\/\/pubeurope.com\/@fr\/114366567161098097","error":""},"_links":{"self":[{"href":"https:\/\/www.europesays.com\/fr\/wp-json\/wp\/v2\/posts\/37308","targetHints":{"allow":["GET"]}}],"collection":[{"href":"https:\/\/www.europesays.com\/fr\/wp-json\/wp\/v2\/posts"}],"about":[{"href":"https:\/\/www.europesays.com\/fr\/wp-json\/wp\/v2\/types\/post"}],"author":[{"embeddable":true,"href":"https:\/\/www.europesays.com\/fr\/wp-json\/wp\/v2\/users\/2"}],"replies":[{"embeddable":true,"href":"https:\/\/www.europesays.com\/fr\/wp-json\/wp\/v2\/comments?post=37308"}],"version-history":[{"count":0,"href":"https:\/\/www.europesays.com\/fr\/wp-json\/wp\/v2\/posts\/37308\/revisions"}],"wp:featuredmedia":[{"embeddable":true,"href":"https:\/\/www.europesays.com\/fr\/wp-json\/wp\/v2\/media\/37309"}],"wp:attachment":[{"href":"https:\/\/www.europesays.com\/fr\/wp-json\/wp\/v2\/media?parent=37308"}],"wp:term":[{"taxonomy":"category","embeddable":true,"href":"https:\/\/www.europesays.com\/fr\/wp-json\/wp\/v2\/categories?post=37308"},{"taxonomy":"post_tag","embeddable":true,"href":"https:\/\/www.europesays.com\/fr\/wp-json\/wp\/v2\/tags?post=37308"}],"curies":[{"name":"wp","href":"https:\/\/api.w.org\/{rel}","templated":true}]}}