{"id":373083,"date":"2025-09-07T13:56:14","date_gmt":"2025-09-07T13:56:14","guid":{"rendered":"https:\/\/www.europesays.com\/fr\/373083\/"},"modified":"2025-09-07T13:56:14","modified_gmt":"2025-09-07T13:56:14","slug":"motogp-alex-marquez-simpose-en-catalogne-devant-son-frere-marc-stoppe","status":"publish","type":"post","link":"https:\/\/www.europesays.com\/fr\/373083\/","title":{"rendered":"MotoGP: Alex Marquez s&rsquo;impose en Catalogne devant son fr\u00e8re Marc, stopp\u00e9"},"content":{"rendered":"<p>Publi\u00e97. septembre 2025, 15:20<\/p>\n<p>MotoGP: Alex Marquez s&rsquo;impose en Catalogne, fin de s\u00e9rie pour son fr\u00e8re<\/p>\n<p>Apr\u00e8s 15 victoires de suite dans la cat\u00e9gorie reine, Marc Marquez a d\u00fb se contenter de la 2e place au Grand Prix de Catalogne, dimanche, derri\u00e8re son fr\u00e8re Alex.<\/p>\n<p><a href=\"https:\/\/www.20min.ch\/fr\/auteurs\/103333179\/agence-france-presse\" class=\"sc-b1f21c84-2 egfiIF\" target=\"_blank\" rel=\"noopener\"><img decoding=\"async\" alt=\"Agence France-Presse\" src=\"https:\/\/www.europesays.com\/fr\/wp-content\/uploads\/2025\/09\/1757253372_652_09cf394e-d19c-4235-9b46-7e00127afb7f.png\" class=\"sc-b1f21c84-1 iTOvpR\"\/><\/a><img loading=\"lazy\" decoding=\"async\" src=\"https:\/\/www.europesays.com\/fr\/wp-content\/uploads\/2025\/09\/5b6c6262-c190-4ae1-a899-47283623ae16.jpg\" alt=\"Alex Marquez (\u00e0 droite) a tenu la drag\u00e9e haute \u00e0 son fr\u00e8re Marc (\u00e0 gauche) pour le devancer et repousser sa qu\u00eate annonc\u00e9e d'un septi\u00e8me titre de champion du monde.\" title=\"Alex Marquez (\u00e0 droite) a tenu la drag\u00e9e haute \u00e0 son fr\u00e8re Marc (\u00e0 gauche) pour le devancer et repousser sa qu\u00eate annonc\u00e9e d'un septi\u00e8me titre de champion du monde.\"  width=\"1200\" height=\"800\"\/><\/p>\n<p>Alex Marquez (\u00e0 droite) a tenu la drag\u00e9e haute \u00e0 son fr\u00e8re Marc (\u00e0 gauche) pour le devancer et repousser sa qu\u00eate annonc\u00e9e d&rsquo;un septi\u00e8me titre de champion du monde.<\/p>\n<p>AFP<\/p>\n<p>Fin de s\u00e9rie pour Marc Marquez! Le pilote Ducati, qui restait sur 15 victoires cons\u00e9cutives, a vu cette dynamique s&rsquo;interrompre sur ses terres, en Catalogne, o\u00f9 son fr\u00e8re Alex Marquez (Ducati-Gresini) s&rsquo;est impos\u00e9 dimanche lors du Grand Prix.<\/p>\n<p>Parti en pole position, Alex Marquez a eu les nerfs solides et r\u00e9alis\u00e9 une superbe course pour tenir la drag\u00e9e haute \u00e0 son fr\u00e8re a\u00een\u00e9. Emp\u00eachant ce dernier de se procurer une premi\u00e8re \u00abballe de match\u00bb le week-end prochain lors du GP de Saint-Marin \u00e0 Misano. Marc Marquez, tout pr\u00e8s de d\u00e9crocher un septi\u00e8me titre de champion du monde qui lui permettrait d&rsquo;\u00e9galer son grand rival italien Valentino Rossi, devra en effet attendre au moins jusqu&rsquo;au Japon \u00e0 la fin du mois pour remporter le titre.<\/p>\n<p>L&rsquo;Espagnol avait pourtant pris le meilleur d\u00e9part en sortant en t\u00eate du premier virage, suivi par son fr\u00e8re et un troisi\u00e8me Espagnol, Pedro Acosta (KTM). Mais Alex a rapidement d\u00e9pass\u00e9 son fr\u00e8re a\u00een\u00e9 et, m\u00eame s&rsquo;il n&rsquo;a jamais r\u00e9ussi \u00e0 vraiment le distancer, il a tenu bon pour remporter le deuxi\u00e8me Grand Prix de sa carri\u00e8re apr\u00e8s Jerez en avril, quand il avait profit\u00e9 de la chute de Marc pour l&#8217;emporter.<\/p>\n<p>Remont\u00e9e spectaculaire de Francesco Bagnaia<\/p>\n<p>Le podium est compl\u00e9t\u00e9 par l&rsquo;Italien Enea Bastiannini, qui a offert un podium inattendu \u00e0 l&rsquo;\u00e9quipe fran\u00e7aise KTM-Tech3 sous les yeux de son futur patron italo-am\u00e9ricain G\u00fcnther Steiner. L&rsquo;ancien directeur de l&rsquo;\u00e9quipe Haas en F1 a en effet annonc\u00e9 vendredi avoir boucl\u00e9 le rachat de l&rsquo;\u00e9quipe fond\u00e9e par le Fran\u00e7ais Herv\u00e9 Poncharal.<\/p>\n<p>Acosta, le seul \u00e0 avoir choisi un pneu tendre \u00e0 l&rsquo;arri\u00e8re, a d\u00fb se contenter de la 4e place apr\u00e8s avoir \u00e9t\u00e9 3e durant les deux tiers de la course. Le Fran\u00e7ais Fabio Quartararo, 2e sur la grille et qui avait pris une superbe 2e place samedi lors du sprint, a termin\u00e9 5e apr\u00e8s avoir bien r\u00e9sist\u00e9 au guidon de sa Yamaha.<\/p>\n<p>Le remont\u00e9e du jour est \u00e0 mettre \u00e0 l&rsquo;actif de Francesco Bagnaia (Ducati). Le double champion du monde italien, qui partait en 21e position apr\u00e8s des qualifications catastrophiques, est parvenu \u00e0 finir au 7e rang.<\/p>\n","protected":false},"excerpt":{"rendered":"Publi\u00e97. septembre 2025, 15:20 MotoGP: Alex Marquez s&rsquo;impose en Catalogne, fin de s\u00e9rie pour son fr\u00e8re Apr\u00e8s 15&hellip;\n","protected":false},"author":2,"featured_media":373084,"comment_status":"","ping_status":"","sticky":false,"template":"","format":"standard","meta":{"footnotes":""},"categories":[1413],"tags":[1011,27,1457,1456,60],"class_list":{"0":"post-373083","1":"post","2":"type-post","3":"status-publish","4":"format-standard","5":"has-post-thumbnail","7":"category-moto","8":"tag-fr","9":"tag-france","10":"tag-moto","11":"tag-motocycle","12":"tag-sports"},"share_on_mastodon":{"url":"https:\/\/pubeurope.com\/@fr\/115163364427413590","error":""},"_links":{"self":[{"href":"https:\/\/www.europesays.com\/fr\/wp-json\/wp\/v2\/posts\/373083","targetHints":{"allow":["GET"]}}],"collection":[{"href":"https:\/\/www.europesays.com\/fr\/wp-json\/wp\/v2\/posts"}],"about":[{"href":"https:\/\/www.europesays.com\/fr\/wp-json\/wp\/v2\/types\/post"}],"author":[{"embeddable":true,"href":"https:\/\/www.europesays.com\/fr\/wp-json\/wp\/v2\/users\/2"}],"replies":[{"embeddable":true,"href":"https:\/\/www.europesays.com\/fr\/wp-json\/wp\/v2\/comments?post=373083"}],"version-history":[{"count":0,"href":"https:\/\/www.europesays.com\/fr\/wp-json\/wp\/v2\/posts\/373083\/revisions"}],"wp:featuredmedia":[{"embeddable":true,"href":"https:\/\/www.europesays.com\/fr\/wp-json\/wp\/v2\/media\/373084"}],"wp:attachment":[{"href":"https:\/\/www.europesays.com\/fr\/wp-json\/wp\/v2\/media?parent=373083"}],"wp:term":[{"taxonomy":"category","embeddable":true,"href":"https:\/\/www.europesays.com\/fr\/wp-json\/wp\/v2\/categories?post=373083"},{"taxonomy":"post_tag","embeddable":true,"href":"https:\/\/www.europesays.com\/fr\/wp-json\/wp\/v2\/tags?post=373083"}],"curies":[{"name":"wp","href":"https:\/\/api.w.org\/{rel}","templated":true}]}}