{"id":373089,"date":"2025-09-07T13:59:09","date_gmt":"2025-09-07T13:59:09","guid":{"rendered":"https:\/\/www.europesays.com\/fr\/373089\/"},"modified":"2025-09-07T13:59:09","modified_gmt":"2025-09-07T13:59:09","slug":"kylian-mbappe-revele-avoir-ete-approche-par-des-clubs-allemands","status":"publish","type":"post","link":"https:\/\/www.europesays.com\/fr\/373089\/","title":{"rendered":"Kylian Mbapp\u00e9 r\u00e9v\u00e8le avoir \u00e9t\u00e9 approch\u00e9 par des clubs allemands"},"content":{"rendered":"<p>Pendant la tr\u00eave internationale, <a href=\"https:\/\/www.footmercato.net\/joueur\/kylian-mbappe\/\" rel=\"nofollow noopener\" target=\"_blank\">Kylian Mbapp\u00e9<\/a> a \u00e9t\u00e9 plus pr\u00e9sent que d\u2019habitude dans les m\u00e9dias. D\u00e9j\u00e0 au micro de TF1 apr\u00e8s la victoire contre l\u2019Ukraine (2-0), l\u2019attaquant de 26 ans s\u2019est pr\u00e9sent\u00e9 au micro du m\u00e9dia allemand <a href=\"https:\/\/m.bild.de\/sport\/fussball\/bundesliga-diese-klubs-haben-kylian-mbappe-kontaktiert-68bc4cdb72019652f128c564?t_ref=https%3A%2F%2Fwww.bild.de%2Fsport%2Ffussball%2Fbundesliga-diese-klubs-haben-kylian-mbappe-kontaktiert-68bc4cdb72019652f128c564\" rel=\"nofollow noopener\" target=\"_blank\">Bild<\/a> et a \u00e9t\u00e9 questionn\u00e9 sur un possible transfert en <a href=\"https:\/\/www.footmercato.net\/allemagne\/bundesliga\/\" rel=\"nofollow noopener\" target=\"_blank\">Bundesliga<\/a>. L\u2019attaquant tricolore a r\u00e9v\u00e9l\u00e9 avoir \u00e9t\u00e9 approch\u00e9 par trois clubs allemands, au moins, au cours de sa carri\u00e8re et confirme qu\u2019il n\u2019a jamais manqu\u00e9 de sollicitations. <\/p>\n<p>            La suite apr\u00e8s cette publicit\u00e9<\/p>\n<p>\u00abBeaucoup de clubs m\u2019ont contact\u00e9. Le Bayern est venu vers moi quand j\u2019\u00e9tais encore un peu plus jeune et que je pouvais quitter Monaco (Kylian Mbapp\u00e9 est pass\u00e9 de Monaco \u00e0 Paris en 2017, ndlr). Dortmund a aussi demand\u00e9. Et le RB Leipzig. Et ce ne sont que les trois dont je me souviens. Peut-\u00eatre qu\u2019il y en a eu d\u2019autres, mais je ne m\u2019en rappelle pas. Maintenant, tout le monde demande, mais maintenant, c\u2019est un peu trop tard\u00bb, a indiqu\u00e9 le capitaine de l\u2019\u00e9quipe de France, qui a pr\u00e9f\u00e9r\u00e9 le PSG et le <a href=\"https:\/\/www.footmercato.net\/club\/real-madrid\/\" rel=\"nofollow noopener\" target=\"_blank\">Real Madrid<\/a>. <\/p>\n<p>\n    Pub. le 07\/09\/2025 14:16<br \/>\n            &#8211; MAJ le 07\/09\/2025 14:40\n    <\/p>\n","protected":false},"excerpt":{"rendered":"Pendant la tr\u00eave internationale, Kylian Mbapp\u00e9 a \u00e9t\u00e9 plus pr\u00e9sent que d\u2019habitude dans les m\u00e9dias. D\u00e9j\u00e0 au micro&hellip;\n","protected":false},"author":2,"featured_media":331054,"comment_status":"","ping_status":"","sticky":false,"template":"","format":"standard","meta":{"footnotes":""},"categories":[1410],"tags":[63,1011,27,60],"class_list":{"0":"post-373089","1":"post","2":"type-post","3":"status-publish","4":"format-standard","5":"has-post-thumbnail","7":"category-football","8":"tag-football","9":"tag-fr","10":"tag-france","11":"tag-sports"},"share_on_mastodon":{"url":"https:\/\/pubeurope.com\/@fr\/115163376132245662","error":""},"_links":{"self":[{"href":"https:\/\/www.europesays.com\/fr\/wp-json\/wp\/v2\/posts\/373089","targetHints":{"allow":["GET"]}}],"collection":[{"href":"https:\/\/www.europesays.com\/fr\/wp-json\/wp\/v2\/posts"}],"about":[{"href":"https:\/\/www.europesays.com\/fr\/wp-json\/wp\/v2\/types\/post"}],"author":[{"embeddable":true,"href":"https:\/\/www.europesays.com\/fr\/wp-json\/wp\/v2\/users\/2"}],"replies":[{"embeddable":true,"href":"https:\/\/www.europesays.com\/fr\/wp-json\/wp\/v2\/comments?post=373089"}],"version-history":[{"count":0,"href":"https:\/\/www.europesays.com\/fr\/wp-json\/wp\/v2\/posts\/373089\/revisions"}],"wp:featuredmedia":[{"embeddable":true,"href":"https:\/\/www.europesays.com\/fr\/wp-json\/wp\/v2\/media\/331054"}],"wp:attachment":[{"href":"https:\/\/www.europesays.com\/fr\/wp-json\/wp\/v2\/media?parent=373089"}],"wp:term":[{"taxonomy":"category","embeddable":true,"href":"https:\/\/www.europesays.com\/fr\/wp-json\/wp\/v2\/categories?post=373089"},{"taxonomy":"post_tag","embeddable":true,"href":"https:\/\/www.europesays.com\/fr\/wp-json\/wp\/v2\/tags?post=373089"}],"curies":[{"name":"wp","href":"https:\/\/api.w.org\/{rel}","templated":true}]}}