{"id":373090,"date":"2025-09-07T14:00:14","date_gmt":"2025-09-07T14:00:14","guid":{"rendered":"https:\/\/www.europesays.com\/fr\/373090\/"},"modified":"2025-09-07T14:00:14","modified_gmt":"2025-09-07T14:00:14","slug":"tout-est-faux-camille-cerf-en-colere-contre-hubert-guerin","status":"publish","type":"post","link":"https:\/\/www.europesays.com\/fr\/373090\/","title":{"rendered":"\u201cTout est faux\u201d : Camille Cerf en col\u00e8re contre Hubert Gu\u00e9rin"},"content":{"rendered":"<p>Un livre qui n\u2019est m\u00eame pas encore sorti fait d\u00e9j\u00e0 trembler le monde des reines de beaut\u00e9. <strong>Hubert Gu\u00e9rin<\/strong>, ancien proche de <strong><a href=\"https:\/\/www.public.fr\/genevieve-de-fontenay-est-dans-le-coffre-camille-cerf-et-valerie-begue-esquivent-une-question-genante-sur-le-tournage-dintervilles\" rel=\"nofollow noopener\" target=\"_blank\">Genevi\u00e8ve de Fontenay<\/a><\/strong>, publie ce lundi 8 septembre un pav\u00e9 de 489 pages. Intitul\u00e9 Miss France, du r\u00eave \u00e0 la r\u00e9alit\u00e9, il va faire l&rsquo;effet d&rsquo;une bombe. Tir\u00e9 \u00e0 <strong>15 000 exemplaires<\/strong>, il promet de r\u00e9v\u00e9ler les coulisses sombres du concours le plus c\u00e9l\u00e8bre de France.<\/p>\n<p>Certains passages sont gla\u00e7ants avec des faits de violences sexuelles. Mais, cet ouvrage a surtout d\u00e9clench\u00e9 la <strong>col\u00e8re de Camille Cerf<\/strong>. L\u2019ancienne Miss France, couronn\u00e9e en 2015, a bondi en d\u00e9couvrant ce qu&rsquo;il a \u00e9crit&#8230;<\/p>\n<p>Camille Cerf attaque Hubert Gu\u00e9rin et ne m\u00e2che pas ses mots<\/p>\n<p>Sur ses r\u00e9seaux sociaux, Camille Cerf a \u00e9crit sur X sans d\u00e9tour : \u00ab Je n\u2019ai <strong>jamais discut\u00e9 avec Hubert Gu\u00e9rin<\/strong>, ce qu\u2019il dit \u00e0 mon sujet est faux et invent\u00e9 de toutes pi\u00e8ces. \u00bb. Le livre a mis en avant des r\u00e9cits anonymes d\u2019anciennes reines de beaut\u00e9 victimes de <strong>violences sexuelles<\/strong>. Des extraits terribles circulent d\u00e9j\u00e0. Par exemple, \u00ab \u00c9lue Miss France, <strong>je suis viol\u00e9e quelques heures plus tard <\/strong>\u00bb, ou encore \u00ab Le lendemain de mon sacre, je suis<strong> forc\u00e9e \u00e0 faire une fellation<\/strong> \u00bb, partage La Voix du Nord. Aucun nom n\u2019est cit\u00e9, aucune date n\u2019est pr\u00e9cis\u00e9e, mais ces phrases suffisent \u00e0 cr\u00e9er un \u00e9norme malaise.<\/p>\n<p><a href=\"https:\/\/www.public.fr\/une-aventure-horrible-camille-cerf-sa-declaration-inattendue-apres-sa-participation-a-lemission-les-traitres\" rel=\"nofollow noopener\" target=\"_blank\">Camille Cerf<\/a>, elle, ne veut pas \u00eatre associ\u00e9e \u00e0 ces lignes. Pour l\u2019ex-Miss France, il n&rsquo;en est rien et elle rappelle qu\u2019elle a toujours \u00e9t\u00e9 <strong>soutenue<\/strong>. \u00ab Pendant mon ann\u00e9e et depuis ces 10 ann\u00e9es, l\u2019Organisation Miss France m\u2019a toujours prot\u00e9g\u00e9e. \u00bb, \u00e9crit-elle. Elle n\u2019entend pas laisser son nom \u00eatre associ\u00e9 \u00e0 ce livre pour ce qu\u2019elle consid\u00e8re comme un <strong>mensonge<\/strong>.<\/p>\n<p>Hubert Gu\u00e9rin, contact\u00e9 par Le Parisien, s\u2019est d\u00e9fendu : \u00ab Je <strong>ne peux pas faire comme si de rien n\u2019\u00e9tait<\/strong>, mais je ne peux pas non plus trahir leur confiance en r\u00e9v\u00e9lant leur nom. \u00bb. Pour lui, le but est de <strong>briser l\u2019omerta<\/strong> et de d\u00e9noncer un syst\u00e8me.<\/p>\n<blockquote class=\"twitter-tweet\">\n<p>Je n\u2019ai jamais discut\u00e9 avec Hubert Gu\u00e9rin, ce qu\u2019il dit \u00e0 mon sujet est faux et invent\u00e9 de toutes pi\u00e8ces.<br \/>Ses propos sont tr\u00e8s graves et je ne compte pas le laisser faire. <br \/>Pendant mon ann\u00e9e et depuis ces 10 ann\u00e9es, l\u2019Organisation Miss France m\u2019a toujours prot\u00e9g\u00e9e.<\/p>\n<p>\u2014 CamilleCerf (@CamilleCerfOff) <a href=\"https:\/\/twitter.com\/CamilleCerfOff\/status\/1964361015878905977?ref_src=twsrc%5Etfw\" rel=\"nofollow noopener\" target=\"_blank\">September 6, 2025<\/a><\/p><\/blockquote>\n<p>Camille Cerf, entre buzz et malaise<\/p>\n<p>Les accusations \u00e9voqu\u00e9es dans l\u2019ouvrage concerneraient surtout la p\u00e9riode <strong>1990 \u00e0 2002<\/strong>, soit bien avant la <strong>reprise du concours par Endemol puis Banijay<\/strong>. Le pr\u00e9sident actuel de l\u2019organisation, Fr\u00e9d\u00e9ric Gilbert, a d\u2019ailleurs rappel\u00e9 dans un communiqu\u00e9 : \u00ab S\u2019ils \u00e9taient av\u00e9r\u00e9s, ces faits toucheraient \u00e0 des sujets qui nous <strong>concernent tous profond\u00e9ment<\/strong> : la s\u00e9curit\u00e9, la dignit\u00e9 et le respect des femmes. \u00bb.<\/p>\n<p>Pour Camille Cerf, la priorit\u00e9 est claire : d\u00e9fendre son image et <strong>ne rien laisser passer<\/strong>. \u00ab Ses propos sont tr\u00e8s graves et je ne compte pas le laisser faire \u00bb, a-t-elle assur\u00e9.<\/p>\n<p>      Mentionn\u00e9s dans cet article<\/p>\n<p>      Sur le m\u00eame sujet<\/p>\n<p>  <script async src=\"https:\/\/platform.twitter.com\/widgets.js\" charset=\"utf-8\"><\/script><\/p>\n","protected":false},"excerpt":{"rendered":"Un livre qui n\u2019est m\u00eame pas encore sorti fait d\u00e9j\u00e0 trembler le monde des reines de beaut\u00e9. Hubert&hellip;\n","protected":false},"author":2,"featured_media":373091,"comment_status":"","ping_status":"","sticky":false,"template":"","format":"standard","meta":{"footnotes":""},"categories":[1359],"tags":[17055,58,59,1011,27,973],"class_list":{"0":"post-373090","1":"post","2":"type-post","3":"status-publish","4":"format-standard","5":"has-post-thumbnail","7":"category-people","8":"tag-camille-cerf","9":"tag-divertissement","10":"tag-entertainment","11":"tag-fr","12":"tag-france","13":"tag-people"},"share_on_mastodon":{"url":"https:\/\/pubeurope.com\/@fr\/115163379980426011","error":""},"_links":{"self":[{"href":"https:\/\/www.europesays.com\/fr\/wp-json\/wp\/v2\/posts\/373090","targetHints":{"allow":["GET"]}}],"collection":[{"href":"https:\/\/www.europesays.com\/fr\/wp-json\/wp\/v2\/posts"}],"about":[{"href":"https:\/\/www.europesays.com\/fr\/wp-json\/wp\/v2\/types\/post"}],"author":[{"embeddable":true,"href":"https:\/\/www.europesays.com\/fr\/wp-json\/wp\/v2\/users\/2"}],"replies":[{"embeddable":true,"href":"https:\/\/www.europesays.com\/fr\/wp-json\/wp\/v2\/comments?post=373090"}],"version-history":[{"count":0,"href":"https:\/\/www.europesays.com\/fr\/wp-json\/wp\/v2\/posts\/373090\/revisions"}],"wp:featuredmedia":[{"embeddable":true,"href":"https:\/\/www.europesays.com\/fr\/wp-json\/wp\/v2\/media\/373091"}],"wp:attachment":[{"href":"https:\/\/www.europesays.com\/fr\/wp-json\/wp\/v2\/media?parent=373090"}],"wp:term":[{"taxonomy":"category","embeddable":true,"href":"https:\/\/www.europesays.com\/fr\/wp-json\/wp\/v2\/categories?post=373090"},{"taxonomy":"post_tag","embeddable":true,"href":"https:\/\/www.europesays.com\/fr\/wp-json\/wp\/v2\/tags?post=373090"}],"curies":[{"name":"wp","href":"https:\/\/api.w.org\/{rel}","templated":true}]}}