{"id":373092,"date":"2025-09-07T14:01:13","date_gmt":"2025-09-07T14:01:13","guid":{"rendered":"https:\/\/www.europesays.com\/fr\/373092\/"},"modified":"2025-09-07T14:01:13","modified_gmt":"2025-09-07T14:01:13","slug":"tarascon-sur-ariege-decouvrir-lart-abstrait-de-francois-regis-oberthur","status":"publish","type":"post","link":"https:\/\/www.europesays.com\/fr\/373092\/","title":{"rendered":"Tarascon-sur-Ari\u00e8ge. D\u00e9couvrir l\u2019art abstrait de Fran\u00e7ois-R\u00e9gis Oberth\u00fcr"},"content":{"rendered":"<p>Dans le hall du Centre culturel, le visiteur s\u2019arr\u00eate devant une cinquantaine de toiles abstraites. Des formats diff\u00e9rents, des couleurs, des mati\u00e8res, tout le laisse r\u00eaveur : la magie de l\u2019art de Fran\u00e7ois-R\u00e9gis Oberth\u00fcr op\u00e8re \u00e0 coup s\u00fbr. Ce Tarasconnais de fra\u00eeche date, n\u00e9 \u00e0 Rennes, a choisi de changer radicalement de parcours professionnel avec son \u00e9pouse, de prendre enfin le temps, ce qui lui permet de retrouver son amour de jeunesse : la peinture.<\/p>\n<p>\u00ab\u00a0Ma m\u00e8re peignait beaucoup, et j\u2019ai grandi entre crayons, couleurs et encres de Chine. J\u2019ai toujours dessin\u00e9 et griffonn\u00e9. Puis, il y a 10 ans, je me suis lanc\u00e9 dans la peinture.\u00a0\u00bb<\/p>\n<p>Sa fa\u00e7on \u00e0 lui de se reconstruire apr\u00e8s les coups durs de la vie : \u00ab\u00a0La cr\u00e9ation est alors devenue un exutoire indispensable, un moyen de traverser le deuil et de renouer avec une forme de libert\u00e9 int\u00e9rieure.\u00a0\u00bb<\/p>\n<p>Le choix de l\u2019Ari\u00e8ge<\/p>\n<p>L\u2019Ari\u00e8ge apporte \u00e0 Fran\u00e7ois-R\u00e9gis le calme et la beaut\u00e9, n\u00e9cessaires \u00e0 tout acte de cr\u00e9ation. Cette s\u00e9r\u00e9nit\u00e9 retrouv\u00e9e transpara\u00eet dans ses \u0153uvres, o\u00f9 les teintes traduisent une \u00e9nergie vive et fluide. En s\u2019approchant, de micro-pointill\u00e9s donnent de l\u2019\u00e9l\u00e9gance fine, de la l\u00e9g\u00e8ret\u00e9 aux toiles. Le contraste entre vernis mats et brillants accentue la profondeur visuelle de ses tableaux. En cela, son art abstrait, intuitif, \u00ab\u00a0ne dicte rien mais sugg\u00e8re, chacun restant libre d\u2019y projeter son propre univers.\u00a0\u00bb<\/p>\n<p>L\u2019exposition est visible au Centre culturel jusqu\u2019au 16 septembre ; sa galerie et son atelier sont \u00e9galement ouverts au public, au 10 rue Sainte-Quitterie.<\/p>\n","protected":false},"excerpt":{"rendered":"Dans le hall du Centre culturel, le visiteur s\u2019arr\u00eate devant une cinquantaine de toiles abstraites. Des formats diff\u00e9rents,&hellip;\n","protected":false},"author":2,"featured_media":373093,"comment_status":"","ping_status":"","sticky":false,"template":"","format":"standard","meta":{"footnotes":""},"categories":[1358],"tags":[1348,1384,1385,1386,58,59,1011,27],"class_list":{"0":"post-373092","1":"post","2":"type-post","3":"status-publish","4":"format-standard","5":"has-post-thumbnail","7":"category-arts-et-design","8":"tag-arts","9":"tag-arts-and-design","10":"tag-arts-et-design","11":"tag-design","12":"tag-divertissement","13":"tag-entertainment","14":"tag-fr","15":"tag-france"},"share_on_mastodon":{"url":"https:\/\/pubeurope.com\/@fr\/115163383965104383","error":""},"_links":{"self":[{"href":"https:\/\/www.europesays.com\/fr\/wp-json\/wp\/v2\/posts\/373092","targetHints":{"allow":["GET"]}}],"collection":[{"href":"https:\/\/www.europesays.com\/fr\/wp-json\/wp\/v2\/posts"}],"about":[{"href":"https:\/\/www.europesays.com\/fr\/wp-json\/wp\/v2\/types\/post"}],"author":[{"embeddable":true,"href":"https:\/\/www.europesays.com\/fr\/wp-json\/wp\/v2\/users\/2"}],"replies":[{"embeddable":true,"href":"https:\/\/www.europesays.com\/fr\/wp-json\/wp\/v2\/comments?post=373092"}],"version-history":[{"count":0,"href":"https:\/\/www.europesays.com\/fr\/wp-json\/wp\/v2\/posts\/373092\/revisions"}],"wp:featuredmedia":[{"embeddable":true,"href":"https:\/\/www.europesays.com\/fr\/wp-json\/wp\/v2\/media\/373093"}],"wp:attachment":[{"href":"https:\/\/www.europesays.com\/fr\/wp-json\/wp\/v2\/media?parent=373092"}],"wp:term":[{"taxonomy":"category","embeddable":true,"href":"https:\/\/www.europesays.com\/fr\/wp-json\/wp\/v2\/categories?post=373092"},{"taxonomy":"post_tag","embeddable":true,"href":"https:\/\/www.europesays.com\/fr\/wp-json\/wp\/v2\/tags?post=373092"}],"curies":[{"name":"wp","href":"https:\/\/api.w.org\/{rel}","templated":true}]}}