{"id":373094,"date":"2025-09-07T14:02:11","date_gmt":"2025-09-07T14:02:11","guid":{"rendered":"https:\/\/www.europesays.com\/fr\/373094\/"},"modified":"2025-09-07T14:02:11","modified_gmt":"2025-09-07T14:02:11","slug":"des-reductions-de-peine-accordees-aux-detenus-qui-lisent-des-livres","status":"publish","type":"post","link":"https:\/\/www.europesays.com\/fr\/373094\/","title":{"rendered":"des r\u00e9ductions de peine accord\u00e9es aux d\u00e9tenus qui lisent des livres"},"content":{"rendered":"<p>            <img decoding=\"async\" alt=\"Cette mesure concerne environ 13 500 d\u00e9tenus, mais ne s\u2019applique pas aux prisonniers condamn\u00e9s \u00e0 perp\u00e9tuit\u00e9.\" src=\"https:\/\/www.europesays.com\/fr\/wp-content\/uploads\/2025\/09\/040_bkp040819n4d.jpg\" width=\"375\" height=\"250\" loading=\"lazy\"\/><\/p>\n<p>\n    Cette mesure concerne environ 13 500 d\u00e9tenus, mais ne s\u2019applique pas aux prisonniers condamn\u00e9s \u00e0 perp\u00e9tuit\u00e9.<\/p>\n<p>                AFP<br \/>\n                                        \/<br \/>\n                                                    \u00a9 PATIPAT JANTHONG \/ BANGKOK POST<\/p>\n<p>Tourner des pages pour s\u2019ouvrir les chemins de la libert\u00e9 plus rapidement. En <a href=\"https:\/\/www.lejdd.fr\/international\/afghanistan-pour-mieux-lutter-contre-daech-louzbekistan-courtise-les-talibans-150954\" target=\"_blank\" rel=\"nofollow noopener\">Ouzb\u00e9kistan<\/a>, plusieurs milliers de d\u00e9tenus verront la dur\u00e9e de leur peine r\u00e9duite s\u2019ils lisent des livres, relate l\u2019AFP. Mais pas n\u2019importe lesquels. Des ouvrages d\u00fbment s\u00e9lectionn\u00e9s par les autorit\u00e9s, qui veulent transmettre \u00ab\u00a0des valeurs spirituelles et morales correctes\u00a0\u00bb chez les condamn\u00e9s de l\u2019ancienne r\u00e9publique sovi\u00e9tique d\u2019Asie centrale.<\/p>\n<p>    La suite apr\u00e8s cette publicit\u00e9<\/p>\n<p>Le Code p\u00e9nal a \u00e9t\u00e9 amend\u00e9 pour int\u00e9grer cette mesure. Elle concerne environ 13 500 d\u00e9tenus, mais ne s\u2019applique pas aux prisonniers condamn\u00e9s \u00e0 perp\u00e9tuit\u00e9. Les livres sont choisis \u00ab\u00a0parmi une liste approuv\u00e9e par le Centre r\u00e9publicain de spiritualit\u00e9 et d\u2019\u00e9ducation, visant \u00e0 former des valeurs spirituelles et morales correctes chez les condamn\u00e9s\u00a0\u00bb, a fait savoir le S\u00e9nat. La liste n\u2019a pas encore \u00e9t\u00e9 rendue publique.<\/p>\n<p>    La suite apr\u00e8s cette publicit\u00e9<\/p>\n<p>Une commission devra v\u00e9rifier si le livre a bien \u00e9t\u00e9 lu<\/p>\n<p>Dans le d\u00e9tail, chaque ouvrage lu r\u00e9duit la peine de trois jours, jusqu\u2019\u00e0 un maximum de 30\u00a0livres par an. Une commission devra v\u00e9rifier si le d\u00e9tenu a bien lu et retenu les grandes lignes du livre.<\/p>\n<p>    La suite apr\u00e8s cette publicit\u00e9<\/p>\n<p>    La suite apr\u00e8s cette publicit\u00e9<\/p>\n<p>Il y a plusieurs mois, l\u2019Ouzb\u00e9kistan avait promis de \u00ab\u00a0s\u2019efforcer de garantir les droits et libert\u00e9s des condamn\u00e9s et d\u2019harmoniser la l\u00e9gislation p\u00e9nale avec des normes du droit international\u00a0\u00bb. Toutefois, l\u2019ONG Human Rights Watch note que \u00ab\u00a0la torture et les mauvais traitements demeurent un probl\u00e8me grave\u00a0\u00bb.<\/p>\n<p>Aux manettes depuis 2016, <a href=\"https:\/\/www.lejdd.fr\/international\/chavkat-mirzioiev-le-reformateur-qui-veut-verrouiller-louzbekistan-135273\" target=\"_blank\" rel=\"nofollow noopener\">Chavkat Mirzio\u00efev<\/a> est parvenu \u00e0 ouvrir son pays au monde ext\u00e9rieur apr\u00e8s un relatif isolement. Il a r\u00e9ussi \u00e0 attirer les investissements \u00e9trangers et \u00e0 d\u00e9velopper le tourisme. Mais l\u2019opposition reste quasiment inexistante, tandis que la presse et l\u2019\u00e9conomie sont majoritairement contr\u00f4l\u00e9es par l\u2019\u00c9tat.<\/p>\n","protected":false},"excerpt":{"rendered":"Cette mesure concerne environ 13 500 d\u00e9tenus, mais ne s\u2019applique pas aux prisonniers condamn\u00e9s \u00e0 perp\u00e9tuit\u00e9. AFP \/&hellip;\n","protected":false},"author":2,"featured_media":373095,"comment_status":"","ping_status":"","sticky":false,"template":"","format":"standard","meta":{"footnotes":""},"categories":[1357],"tags":[1379,58,59,1011,27,1380],"class_list":{"0":"post-373094","1":"post","2":"type-post","3":"status-publish","4":"format-standard","5":"has-post-thumbnail","7":"category-livres","8":"tag-books","9":"tag-divertissement","10":"tag-entertainment","11":"tag-fr","12":"tag-france","13":"tag-livres"},"share_on_mastodon":{"url":"https:\/\/pubeurope.com\/@fr\/115163388017564483","error":""},"_links":{"self":[{"href":"https:\/\/www.europesays.com\/fr\/wp-json\/wp\/v2\/posts\/373094","targetHints":{"allow":["GET"]}}],"collection":[{"href":"https:\/\/www.europesays.com\/fr\/wp-json\/wp\/v2\/posts"}],"about":[{"href":"https:\/\/www.europesays.com\/fr\/wp-json\/wp\/v2\/types\/post"}],"author":[{"embeddable":true,"href":"https:\/\/www.europesays.com\/fr\/wp-json\/wp\/v2\/users\/2"}],"replies":[{"embeddable":true,"href":"https:\/\/www.europesays.com\/fr\/wp-json\/wp\/v2\/comments?post=373094"}],"version-history":[{"count":0,"href":"https:\/\/www.europesays.com\/fr\/wp-json\/wp\/v2\/posts\/373094\/revisions"}],"wp:featuredmedia":[{"embeddable":true,"href":"https:\/\/www.europesays.com\/fr\/wp-json\/wp\/v2\/media\/373095"}],"wp:attachment":[{"href":"https:\/\/www.europesays.com\/fr\/wp-json\/wp\/v2\/media?parent=373094"}],"wp:term":[{"taxonomy":"category","embeddable":true,"href":"https:\/\/www.europesays.com\/fr\/wp-json\/wp\/v2\/categories?post=373094"},{"taxonomy":"post_tag","embeddable":true,"href":"https:\/\/www.europesays.com\/fr\/wp-json\/wp\/v2\/tags?post=373094"}],"curies":[{"name":"wp","href":"https:\/\/api.w.org\/{rel}","templated":true}]}}