{"id":373096,"date":"2025-09-07T14:03:09","date_gmt":"2025-09-07T14:03:09","guid":{"rendered":"https:\/\/www.europesays.com\/fr\/373096\/"},"modified":"2025-09-07T14:03:09","modified_gmt":"2025-09-07T14:03:09","slug":"je-nai-jamais-ete-a-laise-pascale-de-la-tour-du-pin-sans-filtre-sur-son-experience-avec-cyril-hanouna-a-tpmp","status":"publish","type":"post","link":"https:\/\/www.europesays.com\/fr\/373096\/","title":{"rendered":"Je n&rsquo;ai jamais \u00e9t\u00e9 \u00e0 l&rsquo;aise\u00a0\u00bb : Pascale de la Tour du Pin sans filtre sur son exp\u00e9rience avec Cyril Hanouna \u00e0 \u00ab\u00a0TPMP"},"content":{"rendered":"<p>      R\u00e9sum\u00e9<\/p>\n<p>Pascale de la Tour du Pin revient sur son exp\u00e9rience de chroniqueuse avec Cyril Hanouna, avouant ne jamais s&rsquo;\u00eatre sentie \u00e0 l&rsquo;aise dans ce r\u00f4le malgr\u00e9 de bons liens avec l&rsquo;\u00e9quipe.<\/p>\n<p>        Sommaire<\/p>\n<p>Elle est de ceux qui ont d\u00e9cid\u00e9 de ne pas rempiler. <a href=\"https:\/\/www.public.fr\/jai-choisi-de-ne-pas-poursuivre-un-chroniqueur-de-cyril-hanouna-annonce-son-depart\" rel=\"nofollow noopener\" target=\"_blank\">Comme Bernard Montiel<\/a>, Jean-Michel Maire ou encore Guillaume Genton, <strong>Pascale de la Tour du Pin a choisi de tourner la page de H2O Productions<\/strong>, la soci\u00e9t\u00e9 de Cyril Hanouna. De retour depuis le 1er septembre dernier sur W9 avec une toute nouvelle \u00e9mission baptis\u00e9e <a href=\"https:\/\/vsd.fr\/86931-de-nelson-monfort-a-marlene-schiappa-35-candidats-auditionnes-pour-tout-beau-tout-n9uf\/\" rel=\"nofollow noopener\" target=\"_blank\">Tout beau, tout n9uf<\/a>, l&rsquo;animateur et producteur phare r\u00e9alise d\u00e9j\u00e0 d&rsquo;excellents scores d&rsquo;audience. En le regardant et en d\u00e9couvrant ses anciens coll\u00e8gues, la journaliste d\u00e9sormais sur RMC Story a<strong> forc\u00e9ment eu un petit pincement au c\u0153ur<\/strong>&#8230;<\/p>\n<p>En effet, dans une interview accord\u00e9e \u00e0 Purem\u00e9dias, <strong>Pascale de la Tour du Pin <\/strong>est revenue sur ses deux saisons pass\u00e9es avec Cyril Hanouna. D&rsquo;abord annonc\u00e9e comme chroniqueuse, la nouvelle recrue n&rsquo;avait finalement qu&rsquo;une dizaine d&rsquo;\u00e9missions en deux ans&#8230; On lui doit surtout l&rsquo;animation du pr\u00e9-access de C8, avec <strong>PAF<\/strong> pour la premi\u00e8re saison, une \u00e9mission d\u00e9di\u00e9e aux m\u00e9dias, et <strong>Pascale, Eric, Yann et les autres<\/strong> pour les derniers mois de C8, dans laquelle elle laissait Eric Naulleau et Yann Moix d\u00e9battre entre eux.<\/p>\n<p>\u00ab\u00a0J&rsquo;ai gard\u00e9 des liens avec des chroniqueurs, et je leur souhaite \u00e0 eux et \u00e0 Cyril, le meilleur. <strong>\u00c7a m&rsquo;a fait un petit pincement au c\u0153ur quand m\u00eame<\/strong> parce que m\u00eame si je n&rsquo;allais pas souvent \u00e0 TPMP, je les regardais faire et j&rsquo;\u00e9tais dans cette ambiance. Il y avait vraiment des gens sympas derri\u00e8re, qui font tourner cette \u00e9norme machine. C&rsquo;est un \u00e9norme show.<strong> J&rsquo;\u00e9tais contente pour eux lundi<\/strong>\u00a0\u00bb a confi\u00e9 Pascale de la Tour du Pin \u00e0 nos confr\u00e8res.<\/p>\n<p>Pascale de la Tour du Pin se sentait \u00ab\u00a0nulle\u00a0\u00bb<\/p>\n<p>Toutefois, difficile pour la journaliste d&rsquo;assurer avoir ador\u00e9 l&rsquo;exercice de chroniqueuse. La nouvelle matinali\u00e8re du groupe RMC <strong>reconna\u00eet tr\u00e8s bien vivre son d\u00e9part<\/strong>, et ne voulait surtout pas \u00eatre de la bande de TBT9. Elle garde effectivement un tr\u00e8s mauvais souvenir de ce r\u00f4le de chroniqueuse, qui ne lui convenait pas selon elle&#8230; \u00ab\u00a0Je n&rsquo;ai jamais \u00e9t\u00e9 \u00e0 l&rsquo;aise dans ce r\u00f4le. Ce sont des r\u00f4les qui sont extr\u00eamement diff\u00e9rents. \u00catre chroniqueuse, c&rsquo;est un vrai m\u00e9tier. <strong>Moi, je suis nulle l\u00e0-dedans, je le dis. Ce n&rsquo;\u00e9tait pas mon truc<\/strong>\u00a0\u00bb a ainsi r\u00e9pondu cash la journaliste. Voil\u00e0 qui est dit ! <\/p>\n<p>      Mentionn\u00e9s dans cet article<\/p>\n<p>      Sur le m\u00eame sujet<\/p>\n","protected":false},"excerpt":{"rendered":"R\u00e9sum\u00e9 Pascale de la Tour du Pin revient sur son exp\u00e9rience de chroniqueuse avec Cyril Hanouna, avouant ne&hellip;\n","protected":false},"author":2,"featured_media":373097,"comment_status":"","ping_status":"","sticky":false,"template":"","format":"standard","meta":{"footnotes":""},"categories":[1356],"tags":[1083,58,59,1011,27,31154,252,549,1364],"class_list":{"0":"post-373096","1":"post","2":"type-post","3":"status-publish","4":"format-standard","5":"has-post-thumbnail","7":"category-television","8":"tag-cyril-hanouna","9":"tag-divertissement","10":"tag-entertainment","11":"tag-fr","12":"tag-france","13":"tag-pascale-de-la-tour-du-pin","14":"tag-television","15":"tag-touche-pas-a-mon-poste","16":"tag-tv"},"share_on_mastodon":{"url":"https:\/\/pubeurope.com\/@fr\/115163391773580605","error":""},"_links":{"self":[{"href":"https:\/\/www.europesays.com\/fr\/wp-json\/wp\/v2\/posts\/373096","targetHints":{"allow":["GET"]}}],"collection":[{"href":"https:\/\/www.europesays.com\/fr\/wp-json\/wp\/v2\/posts"}],"about":[{"href":"https:\/\/www.europesays.com\/fr\/wp-json\/wp\/v2\/types\/post"}],"author":[{"embeddable":true,"href":"https:\/\/www.europesays.com\/fr\/wp-json\/wp\/v2\/users\/2"}],"replies":[{"embeddable":true,"href":"https:\/\/www.europesays.com\/fr\/wp-json\/wp\/v2\/comments?post=373096"}],"version-history":[{"count":0,"href":"https:\/\/www.europesays.com\/fr\/wp-json\/wp\/v2\/posts\/373096\/revisions"}],"wp:featuredmedia":[{"embeddable":true,"href":"https:\/\/www.europesays.com\/fr\/wp-json\/wp\/v2\/media\/373097"}],"wp:attachment":[{"href":"https:\/\/www.europesays.com\/fr\/wp-json\/wp\/v2\/media?parent=373096"}],"wp:term":[{"taxonomy":"category","embeddable":true,"href":"https:\/\/www.europesays.com\/fr\/wp-json\/wp\/v2\/categories?post=373096"},{"taxonomy":"post_tag","embeddable":true,"href":"https:\/\/www.europesays.com\/fr\/wp-json\/wp\/v2\/tags?post=373096"}],"curies":[{"name":"wp","href":"https:\/\/api.w.org\/{rel}","templated":true}]}}