{"id":373098,"date":"2025-09-07T14:04:11","date_gmt":"2025-09-07T14:04:11","guid":{"rendered":"https:\/\/www.europesays.com\/fr\/373098\/"},"modified":"2025-09-07T14:04:11","modified_gmt":"2025-09-07T14:04:11","slug":"alouette-relooke-votre-interieur","status":"publish","type":"post","link":"https:\/\/www.europesays.com\/fr\/373098\/","title":{"rendered":"Alouette relooke votre int\u00e9rieur !"},"content":{"rendered":"\n<p><strong>Pour la rentr\u00e9e, Alouette relooke votre int\u00e9rieur !<\/strong><\/p>\n<p>\u00a0<\/p>\n<p>Meubles, salon, literie, arts de la table, tapis, voilages, d\u00e9coration\u2026 Alouette s\u2019occupe de votre int\u00e9rieur pour une rentr\u00e9e riche en<strong> nouveaut\u00e9s<\/strong> !<\/p>\n<p>\u00a0<\/p>\n<p>Pour tenter votre chance, \u00e9coutez Alouette, <strong>rep\u00e9rez les 4 mots du jour donn\u00e9s \u00e0 l\u2019antenne <\/strong>puis\u00a0inscrivez-vous via <strong>le formulaire ci-dessous<\/strong>. Si Alouette vous appelle en direct et que vous donnez<strong> les 4 bons mots du jour<\/strong>, c&rsquo;est gagn\u00e9 !<\/p>\n<p>\u00a0<\/p>\n<p><strong>Tirage au sort vendredi 12 septembre entre 7h et 8h.<\/strong><\/p>\n","protected":false},"excerpt":{"rendered":"Pour la rentr\u00e9e, Alouette relooke votre int\u00e9rieur ! \u00a0 Meubles, salon, literie, arts de la table, tapis, voilages,&hellip;\n","protected":false},"author":2,"featured_media":373099,"comment_status":"","ping_status":"","sticky":false,"template":"","format":"standard","meta":{"footnotes":""},"categories":[1355],"tags":[2888,8117,4397,58,59,1011,27,7683,16978,1197,2142,1361,873,1825,50730],"class_list":{"0":"post-373098","1":"post","2":"type-post","3":"status-publish","4":"format-standard","5":"has-post-thumbnail","7":"category-musique","8":"tag-alouette","9":"tag-deco","10":"tag-decoration","11":"tag-divertissement","12":"tag-entertainment","13":"tag-fr","14":"tag-france","15":"tag-gagner","16":"tag-interieur","17":"tag-jeu","18":"tag-maison","19":"tag-music","20":"tag-musique","21":"tag-radio","22":"tag-relooking"},"share_on_mastodon":{"url":"https:\/\/pubeurope.com\/@fr\/115163395919094708","error":""},"_links":{"self":[{"href":"https:\/\/www.europesays.com\/fr\/wp-json\/wp\/v2\/posts\/373098","targetHints":{"allow":["GET"]}}],"collection":[{"href":"https:\/\/www.europesays.com\/fr\/wp-json\/wp\/v2\/posts"}],"about":[{"href":"https:\/\/www.europesays.com\/fr\/wp-json\/wp\/v2\/types\/post"}],"author":[{"embeddable":true,"href":"https:\/\/www.europesays.com\/fr\/wp-json\/wp\/v2\/users\/2"}],"replies":[{"embeddable":true,"href":"https:\/\/www.europesays.com\/fr\/wp-json\/wp\/v2\/comments?post=373098"}],"version-history":[{"count":0,"href":"https:\/\/www.europesays.com\/fr\/wp-json\/wp\/v2\/posts\/373098\/revisions"}],"wp:featuredmedia":[{"embeddable":true,"href":"https:\/\/www.europesays.com\/fr\/wp-json\/wp\/v2\/media\/373099"}],"wp:attachment":[{"href":"https:\/\/www.europesays.com\/fr\/wp-json\/wp\/v2\/media?parent=373098"}],"wp:term":[{"taxonomy":"category","embeddable":true,"href":"https:\/\/www.europesays.com\/fr\/wp-json\/wp\/v2\/categories?post=373098"},{"taxonomy":"post_tag","embeddable":true,"href":"https:\/\/www.europesays.com\/fr\/wp-json\/wp\/v2\/tags?post=373098"}],"curies":[{"name":"wp","href":"https:\/\/api.w.org\/{rel}","templated":true}]}}