{"id":373100,"date":"2025-09-07T14:05:15","date_gmt":"2025-09-07T14:05:15","guid":{"rendered":"https:\/\/www.europesays.com\/fr\/373100\/"},"modified":"2025-09-07T14:05:15","modified_gmt":"2025-09-07T14:05:15","slug":"a-madrid-dans-le-chaos-du-bidonville-ou-guillermo-galoe-a-tourne-son-dernier-film-le-magique-ciudad-sin-sueno","status":"publish","type":"post","link":"https:\/\/www.europesays.com\/fr\/373100\/","title":{"rendered":"\u00c0 Madrid, dans le chaos du bidonville o\u00f9 Guillermo Galoe a tourn\u00e9 son dernier film, le magique \u201cCiudad sin sue\u00f1o\u201d"},"content":{"rendered":"<p>      La Ca\u00f1ada Real, aux portes de la capitale espagnole, est le plus grand bidonville d\u2019Europe. Le Madril\u00e8ne y a r\u00e9alis\u00e9 son long m\u00e9trage d\u2019une grande puissance po\u00e9tique, avec les habitants. Entre d\u00e9brouille et trafics, crainte de l\u2019avenir et \u00e9lans de solidarit\u00e9.              <a href=\"https:\/\/www.europesays.com\/fr\/wp-content\/uploads\/2025\/09\/e468522_upload-1-azvwf6ioqzxf-048-ciudad-sin-sueni-o-la-cani-ada-real-2025.jpg\" data-pswp-width=\"\" data-pswp-height=\"\" class=\"media__hd\" target=\"_blank\">      <img decoding=\"async\" fetchpriority=\"high\" src=\"https:\/\/www.europesays.com\/fr\/wp-content\/uploads\/2025\/09\/e468522_upload-1-azvwf6ioqzxf-048-ciudad-sin-sueni-o-la-cani-ada-real-2025.jpg\" class=\"media__picture js-media-zoom-main \" alt=\"Une zone de 14\u00a0kilom\u00e8tres de long, au sud-est de la capitale espagnole. \" title=\"Photo Juan Manuel Castro Prieto\/VU\u2019 Pour T\u00e9l\u00e9rama\"\/>      <\/p>\n<p class=\"media__legend\"> Une zone de 14\u00a0kilom\u00e8tres de long, au sud-est de la capitale espagnole.   Photo Juan Manuel Castro Prieto\/VU\u2019 Pour T\u00e9l\u00e9rama  <\/p>\n<p>     <\/a>                    <\/p>\n<p class=\"author author--simple\">Par  <a class=\"author author--link\" href=\"https:\/\/www.telerama.fr\/recherche\/articles?q=Mathilde+Blotti%C3%A8re\" rel=\"nofollow noopener\" target=\"_blank\"> Mathilde Blotti\u00e8re <\/a>    <\/p>\n<p class=\"publication__date\">Publi\u00e9 le 07 septembre 2025 \u00e0 10h00<\/p>\n<p>   Partager   <\/p>\n<ul class=\"sharing-popin--results\">\n<li class=\"sharing-popin--item sharing-popin--item-container\"> Partage  <\/li>\n<li data-share=\"linkedin\" class=\"sharing-popin--item\">  LinkedIn <\/li>\n<li data-share=\"facebook\" class=\"sharing-popin--item\">  Facebook <\/li>\n<li data-share=\"mail\" data-social=\"mail\" class=\"sharing-popin--item\">  Envoyer par email <\/li>\n<li data-share=\"copy\" class=\"sharing-popin--item\">  Copier le lien <\/li>\n<\/ul>\n<p>        Favoris       <\/p>\n<p>                <a class=\"openapp__link\" data-event=\"click-open-app\" data-deep-link=\"tlrm:\/\/element?id=\/cinema\/a-madrid-dans-le-chaos-du-bidonville-ou-guillermo-galoe-a-tourne-son-dernier-film-le-magique-ciudad-sin-sueno-7027253.php&amp;source=deeplink_site\">  Lire dans l&rsquo;application<br \/>\n  <\/a>                               <\/p>\n<p class=\"paragraph\">\u00abAttention aux seringues qui tra\u00eenent\u00a0!\u00a0\u00bb Dans les rues de la Ca\u00f1ada Real, aux portes de Madrid, le port de sandales est une option dangereuse. Cern\u00e9 par les d\u00e9chetteries, h\u00e9riss\u00e9 de baraques pr\u00e9caires o\u00f9 s\u2019enchev\u00eatrent b\u00e2ches, t\u00f4les et tuiles, le plus grand bidonville d\u2019Europe du Sud (plus de 14\u00a0kilom\u00e8tres de long) semble fondre sous le soleil de juin. De ce chaos de drogue et de ferraille \u2014\u00a0les deux choses qui se vendent ici \u2014, le r\u00e9alisateur madril\u00e8ne Guillermo Galoe a tir\u00e9 un film magique s\u00e9lectionn\u00e9 cette ann\u00e9e \u00e0 la Semaine de la critique du Festival de Cannes\u00a0: Ciudad sin sue\u00f1o. Une fiction non pas \u00ab\u00a0sur\u00a0\u00bb mais \u00ab\u00a0avec\u00a0\u00bb ses habitants, devenus acteurs le temps des six semaines et demie de tournage.<\/p>\n<p class=\"paragraph\">Sous couvert d\u2019un r\u00e9cit d\u2019amiti\u00e9 entre deux adolescents, Ciudad sin sue\u00f1o raconte avec panache la fin d\u2019une communaut\u00e9. Car apr\u00e8s des d\u00e9cennies d\u2019extension anarchique, la Ca\u00f1ada Real est menac\u00e9e de d\u00e9mant\u00e8lement. L\u2019expansion de la capitale espagnole l\u2019a rendue ind\u00e9sirable. Install\u00e9s sur cet ancien chemin de transhumance, les habitants \u2014 Gitans, Roms, immigr\u00e9s marocains et latinos\u00a0\u2014 sont pouss\u00e9s au d\u00e9part. Difficile d\u2019obtenir des chiffres sur cet endroit mouvant o\u00f9 les autorit\u00e9s d\u00e9molissent r\u00e9guli\u00e8rement les habitations. Ils seraient environ huit mille, dont une moiti\u00e9 d\u2019enfants.<\/p>\n<p class=\"edito__prefixe\">   D\u00e9couvrir la note et la critique   <\/p>\n<p class=\"edito__text-container\">       <a alt=\"Lire aussi\" href=\"https:\/\/www.telerama.fr\/cinema\/ciudad-sin-sueno-de-guillermo-galoe-un-conte-social-a-couper-le-souffle_cri-7040429.php\" class=\"article__title--edito\" rel=\"nofollow noopener\" target=\"_blank\">\u201cCiudad sin sue\u00f1o\u201d, de Guillermo Galoe\u00a0: un conte social \u00e0 couper le souffle<\/a>  <\/p>\n<p class=\"paragraph\">Fils d\u2019un r\u00e9alisateur de documentaires sur la transition d\u00e9mocratique en Espagne apr\u00e8s Franco, Guillermo Galoe nous guide dans cet infra-monde qu\u2019il conna\u00eet bien\u00a0: le secteur 6, \u00ab\u00a0le plus hardcore\u00a0\u00bb. En\u00a02023, il y avait d\u00e9j\u00e0 tourn\u00e9 Aunque es de noche, le court m\u00e9trage matrice de Ciudad sin sue\u00f1o. Une modeste \u00e9glise se dresse \u00e0 l\u2019entr\u00e9e, au milieu des d\u00e9tritus. \u00c9tendus \u00e0 m\u00eame la terre, des hommes au regard vide viennent de consommer leur dose. Le p\u00e8re Agust\u00edn, qui a beaucoup aid\u00e9 le cin\u00e9aste \u00e0 se familiariser avec le lieu, officie l\u00e0 depuis dix-huit ans. Selon lui, la pand\u00e9mie de Covid, la temp\u00eate Filomena, et surtout la coupure de l\u2019\u00e9lectricit\u00e9 d\u00e9cid\u00e9e en\u00a02020 par les autorit\u00e9s ont pr\u00e9cipit\u00e9 la Ca\u00f1ada Real en enfer. Obscurit\u00e9, impossible conservation des aliments, r\u00e9tr\u00e9cissement de l\u2019espace\u2026 \u00ab\u00a0le pire ici, c\u2019est l\u2019isolement. Pas de transports, pas d\u2019espaces culturels.\u00a0\u00bb<\/p>\n<p class=\"paragraph\">Sur la voie principale de la Ca\u00f1ada, une piste poussi\u00e9reuse truff\u00e9e de trous, les gens h\u00e8lent Guillermo. La question est toujours la m\u00eame\u00a0: \u00ab\u00a0Quand nous montreras-tu le film\u00a0?\u00a0\u00bb Pour en arriver \u00e0 ce degr\u00e9 de confiance, il aura fallu six ans. Quand il d\u00e9couvre la Ca\u00f1ada Real, le cin\u00e9aste est loin de se douter que ce lieu dantesque va le vampiriser. \u00c0 l\u2019\u00e9t\u00e9\u00a02014, il filme des familles de migrants, tout pr\u00e8s de la Ca\u00f1ada. \u00ab\u00a0\u00c0 quinze minutes de la Puerta del Sol, j\u2019ai d\u00e9couvert une communaut\u00e9 proche du monde de mes grands-parents originaires d\u2019Estr\u00e9madure. Leur \u00e9nergie et leur d\u00e9sir d\u2019exister m\u2019ont touch\u00e9.\u00a0\u00bb<\/p>\n<p>                              <a href=\"https:\/\/www.europesays.com\/fr\/wp-content\/uploads\/2025\/09\/35f6f2a_upload-1-qjqv3t5i9rjj-019-ciudad-sin-sueni-o-la-cani-ada-real-2025.jpg\" data-pswp-width=\"\" data-pswp-height=\"\" class=\"media__hd\" target=\"_blank\">      <img decoding=\"async\" loading=\"lazy\" src=\"https:\/\/www.europesays.com\/fr\/wp-content\/uploads\/2025\/09\/35f6f2a_upload-1-qjqv3t5i9rjj-019-ciudad-sin-sueni-o-la-cani-ada-real-2025.jpg\" class=\"media__picture js-media-zoom  media__size--large\" alt=\"Bilal, 14\u00a0ans, r\u00eave de devenir footballeur. \" title=\"Photo Juan Manuel Castro Prieto\/VU\u2019 Pour T\u00e9l\u00e9rama\"\/>      <\/p>\n<p class=\"media__legend\"> Bilal, 14\u00a0ans, r\u00eave de devenir footballeur.   Photo Juan Manuel Castro Prieto\/VU\u2019 Pour T\u00e9l\u00e9rama  <\/p>\n<p>     <\/a>                          <\/p>\n<p class=\"paragraph\">Quelques ann\u00e9es plus tard, alors que persiste l\u2019envie de filmer la Ca\u00f1ada, Guillermo comprend qu\u2019il ne peut y d\u00e9barquer cam\u00e9ra au poing. Alors il passe du temps sur place, \u00e9tablit la confiance, propose des ateliers cin\u00e9ma aux enfants. R\u00e9aliser des petits films avec des t\u00e9l\u00e9phones devient peu \u00e0 peu une activit\u00e9 famili\u00e8re. \u00ab\u00a0J\u2019ai attendu deux ans avant d\u2019apporter ma cam\u00e9ra\u00a0\u00bb, dit-il. Pas question de verser dans le mis\u00e9rabilisme d\u2019un certain cin\u00e9ma social\u00a0: il veut \u00ab\u00a0faire du cin\u00e9ma comme de la haute couture, mais dans la rue\u00a0\u00bb.<\/p>\n<p class=\"paragraph\">Pour tourner le court m\u00e9trage, il s\u2019appuie sur des m\u00e9diateurs locaux, dont Manuela, de l\u2019<a target=\"_blank\" href=\"https:\/\/asociacionbarro.org.es\/\" rel=\"nofollow noopener\">association socio-\u00e9ducative Barr\u00f3<\/a>. \u00ab\u00a0Convaincre les adultes de participer au film a \u00e9t\u00e9 une gageure, se souvient-elle. Les gens d\u2019ici sont habitu\u00e9s \u00e0 voir des \u00e9quipes de t\u00e9l\u00e9 d\u00e9barquer pour enregistrer des vid\u00e9os sensationnelles des points de deal et des junkies. Alors ils se m\u00e9fient des images.\u00a0\u00bb Quant \u00e0 la notion de fiction, elle demeure assez floue. \u00ab\u00a0Certains redoutent que la police ne les arr\u00eate apr\u00e8s les avoir vus \u00e0 l\u2019\u00e9cran commettre des actes ill\u00e9gaux.\u00a0\u00bb<\/p>\n<p class=\"paragraph\">Manuela, devenue assistante de casting sur le court et le long m\u00e9trage, \u00e9voque aussi des obstacles \u00e9conomiques \u2014 la crainte de perdre des allocations\u00a0\u2014 ou culturels\u00a0: \u00ab\u00a0Les Gitans refusaient que les femmes du film n\u2019aient pas leur vrai mari pour partenaire.\u00a0\u00bb Mais la peur des \u00ab\u00a0gadjos\u00a0\u00bb fut la plus difficile \u00e0 vaincre\u00a0: \u00ab\u00a0Les Gitans sont en Espagne depuis six cents ans, mais beaucoup ne les consid\u00e8rent toujours pas comme des citoyens.\u00a0\u00bb<\/p>\n<p>                              <a href=\"https:\/\/www.europesays.com\/fr\/wp-content\/uploads\/2025\/09\/680a19c_upload-1-51rzbohrm7la-026-ciudad-sin-sueni-o-la-cani-ada-real-2025.jpg\" data-pswp-width=\"\" data-pswp-height=\"\" class=\"media__hd\" target=\"_blank\">      <img decoding=\"async\" loading=\"lazy\" src=\"https:\/\/www.europesays.com\/fr\/wp-content\/uploads\/2025\/09\/680a19c_upload-1-51rzbohrm7la-026-ciudad-sin-sueni-o-la-cani-ada-real-2025.jpg\" class=\"media__picture js-media-zoom  media__size--large\" alt=\"Toni, 17 ans, n\u2019a pas voulu aller \u00e0 Cannes\u2026 \u00ab\u00a0J\u2019ai peur de quitter la Ca\u00f1ada.\u00a0\u00bb\" title=\"Photo Juan Manuel Castro Prieto\/VU\u2019 Pour T\u00e9l\u00e9rama\"\/>      <\/p>\n<p class=\"media__legend\"> Toni, 17 ans, n\u2019a pas voulu aller \u00e0 Cannes\u2026 \u00ab\u00a0J\u2019ai peur de quitter la Ca\u00f1ada.\u00a0\u00bb  Photo Juan Manuel Castro Prieto\/VU\u2019 Pour T\u00e9l\u00e9rama  <\/p>\n<p>     <\/a>                          <\/p>\n<p class=\"paragraph\">Il fait 38 degr\u00e9s. Le bidonville ressemble \u00e0 une cit\u00e9 fant\u00f4me. Direction le secteur marocain o\u00f9 vit Bilal, 14\u00a0ans, l\u2019un des deux protagonistes du film. On p\u00e9n\u00e8tre dans une petite maison en dur d\u2019une impeccable propret\u00e9. Dans le salon meubl\u00e9 \u00e0 l\u2019orientale, des chats paressent sur des sofas brod\u00e9s. Grande tige au sourire franc, l\u2019ado est encore sur un petit nuage apr\u00e8s Cannes. Premi\u00e8re exp\u00e9rience \u00e0 l\u2019\u00e9tranger, deuxi\u00e8me fois qu\u2019il voyait la mer. \u00ab\u00a0Le film parle beaucoup de l\u2019avenir. \u00c7a m\u2019a fait r\u00e9fl\u00e9chir au mien et \u00e0 la force mentale qu\u2019il faut pour r\u00e9ussir sa vie.\u00a0\u00bb Fan de Fast and Furious, Bilal r\u00eave de devenir footballeur. Il se souvient de son quotidien sans \u00e9lectricit\u00e9\u00a0: \u00ab\u00a0Depuis deux ans, nous utilisons des panneaux solaires mais avant, il a fallu vivre\u00a0\u00e0 la bougie et chauffer l\u2019eau sur des r\u00e9chauds\u2026\u00a0\u00bb Pourtant il voudrait rester ici, libre, entour\u00e9 de collines. Et tant pis si certaines sont form\u00e9es des strates de d\u00e9chets accumul\u00e9s. \u00ab\u00a0Il y a des gens qui ne savent m\u00eame pas que la Ca\u00f1ada existe. Gr\u00e2ce au film, ils verront que c\u2019est plus qu\u2019un bidonville.\u00a0\u00bb<\/p>\n<p>                   APPLICATION     L&rsquo;application T\u00e9l\u00e9rama   <\/p>\n<p>Articles, critiques, guide plateformes ou programme TV, am\u00e9liorez votre exp\u00e9rience en t\u00e9l\u00e9chargeant l&rsquo;application<\/p>\n<p class=\"paragraph\">Plus loin, c\u00f4t\u00e9 Gitans, Toni nous attend dans la cour mis\u00e9rable de sa baraque en t\u00f4le. Cha\u00eene en or sur son torse muscl\u00e9, il vient de se marier. Il a 17\u00a0ans, un p\u00e8re ferrailleur qui rapporte un peu d\u2019argent. Lui ne fait rien de sp\u00e9cial, il zone, fume, sort faire la f\u00eate la nuit dans la Ca\u00f1ada. Dans Ciudad sin sue\u00f1o, \u00ab\u00a0Tonino\u00a0\u00bb cr\u00e8ve l\u2019\u00e9cran, intense jusque dans le mutisme. Guillermo le voyait aller loin, d\u2019autant que le gar\u00e7on go\u00fbtait le d\u00e9fi et la comp\u00e9tition. Et puis le d\u00e9terminisme l\u2019a rattrap\u00e9, son regard s\u2019est terni, sa vie s\u2019est r\u00e9tr\u00e9cie avant d\u2019avoir eu le temps de s\u2019\u00e9largir. Toni n\u2019a pas voulu aller \u00e0 Cannes. \u00ab\u00a0Je devais pr\u00e9parer le mariage, et puis\u2026 j\u2019ai peur de quitter la Ca\u00f1ada. J\u2019aime sortir de chez moi et voir mon cousin, mon grand-p\u00e8re, mon oncle, plut\u00f4t que de tomber sur les escaliers d\u2019un immeuble.\u00a0\u00bb Le g\u00e9n\u00e9rateur pos\u00e9 sur une table en plastique dans la cour fait un boucan infernal \u2013 \u00ab\u00a0la bande-son de leur vie\u00a0\u00bb commente Guillermo.<\/p>\n<p>                              <a href=\"https:\/\/www.europesays.com\/fr\/wp-content\/uploads\/2025\/09\/8928c82_upload-1-0b1ogxwp0dre-042-ciudad-sin-sueni-o-la-cani-ada-real-2025.jpg\" data-pswp-width=\"\" data-pswp-height=\"\" class=\"media__hd\" target=\"_blank\">      <img decoding=\"async\" loading=\"lazy\" src=\"https:\/\/www.europesays.com\/fr\/wp-content\/uploads\/2025\/09\/8928c82_upload-1-0b1ogxwp0dre-042-ciudad-sin-sueni-o-la-cani-ada-real-2025.jpg\" class=\"media__picture js-media-zoom  media__size--large\" alt=\"Felicia et Chule, les doyens du film. Durant la tournage, Felicia, d\u00e9tenue pour vente de stup\u00e9fiants, devait retourner dormir en prison. \" title=\"Photo Juan Manuel Castro Prieto\/VU\u2019 Pour T\u00e9l\u00e9rama\"\/>      <\/p>\n<p class=\"media__legend\"> Felicia et Chule, les doyens du film. Durant la tournage, Felicia, d\u00e9tenue pour vente de stup\u00e9fiants, devait retourner dormir en prison.   Photo Juan Manuel Castro Prieto\/VU\u2019 Pour T\u00e9l\u00e9rama  <\/p>\n<p>     <\/a>                          <\/p>\n<p class=\"paragraph\">La peur des\u00a0pisos, les appartements o\u00f9 l\u2019\u00c9tat voudrait voir les habitants se recaser, est largement partag\u00e9e. La perspective d\u2019une vie cloisonn\u00e9e semble incompatible avec les familles nombreuses, la pr\u00e9sence des animaux, l\u2019entraide communautaire. Si Aneli, 12\u00a0ans, estime que \u00ab\u00a0les baskets durent plus longtemps en appartement\u00a0\u00bb, Chule et Felicia, les doyens du film, se r\u00e9crient \u00e0 l\u2019id\u00e9e de quitter l\u2019inimaginable bric-\u00e0-brac de m\u00e9taux et d\u2019objets de r\u00e9cup\u00e9ration qui leur sert de jardin. \u00ab\u00a0Ici, on conna\u00eet tous nos voisins, c\u2019est comme un village, estime le patriarche ferrailleur de 54\u00a0ans. Vivre entre quatre murs, ce n\u2019est pas pour nous. S\u2019ils d\u00e9molissent nos maisons, nous irons nous installer ailleurs.\u00a0\u00bb Sa femme, Felicia, a tourn\u00e9 dans le film alors qu\u2019elle \u00e9tait d\u00e9tenue pour vente de stup\u00e9fiants. \u00ab\u00a0On a n\u00e9goci\u00e9 avec la prison pour qu\u2019elle puisse sortir pour ses sc\u00e8nes\u00a0\u00bb, explique Guillermo. Le soir o\u00f9 Chule montait les marches \u00e0 Cannes, Felicia dormait en cellule. \u00ab\u00a0Les matonnes m\u2019ont applaudie et f\u00e9licit\u00e9e. Elles avaient vu un extrait du film \u00e0 la t\u00e9l\u00e9\u2026\u00a0\u00bb<\/p>\n<p class=\"paragraph\">Ici, il n\u2019y a pas d\u2019\u00e9gout, pas de trottoir, pas d\u2019horizon. Mais une forme de solidarit\u00e9, des collectivit\u00e9s unies par des valeurs, une culture et une histoire communes, des mythes aussi, transmis \u00e0 la veill\u00e9e, de g\u00e9n\u00e9ration en g\u00e9n\u00e9ration. Guillermo, qui se d\u00e9fend de tout romantisme mal plac\u00e9, salue \u00ab\u00a0ces parcelles familiales o\u00f9 l\u2019on partage les soins, o\u00f9 cohabitent grands-parents, arri\u00e8re-grands-parents, oncles et cousins\u00a0\u00bb. Sur le pas de leur porte, des gens balaient consciencieusement sans un regard pour les monceaux d\u2019ordures qui jonchent la rue.<\/p>\n<p>                              <a href=\"https:\/\/www.europesays.com\/fr\/wp-content\/uploads\/2025\/09\/1521c19_upload-1-0huiwgoaauip-034-ciudad-sin-sueni-o-la-cani-ada-real-2025.jpg\" data-pswp-width=\"\" data-pswp-height=\"\" class=\"media__hd\" target=\"_blank\">      <img decoding=\"async\" loading=\"lazy\" src=\"https:\/\/www.europesays.com\/fr\/wp-content\/uploads\/2025\/09\/1521c19_upload-1-0huiwgoaauip-034-ciudad-sin-sueni-o-la-cani-ada-real-2025.jpg\" class=\"media__picture js-media-zoom  media__size--large\" alt=\"Paqui, m\u00e8re de six enfants : \u00ab\u00a0Ce que j\u2019ai fait devant la cam\u00e9ra, c\u2019est ma vie. Ainsi, les gens vont comprendre \u00e0 quel point nous souffrons ici\u00a0\u00bb.\" title=\"Photo Juan Manuel Castro Prieto\/VU\u2019 Pour T\u00e9l\u00e9rama\"\/>      <\/p>\n<p class=\"media__legend\"> Paqui, m\u00e8re de six enfants : \u00ab\u00a0Ce que j\u2019ai fait devant la cam\u00e9ra, c\u2019est ma vie. Ainsi, les gens vont comprendre \u00e0 quel point nous souffrons ici\u00a0\u00bb.  Photo Juan Manuel Castro Prieto\/VU\u2019 Pour T\u00e9l\u00e9rama  <\/p>\n<p>     <\/a>                          <\/p>\n<p class=\"paragraph\">Dans le secteur 6, autour du Caf\u00e9 de Mariano, sorte de saloon forteresse tenu par une Colombienne \u00e9nergique, se d\u00e9ploie \u00ab\u00a0le supermarch\u00e9 de la dope\u00a0\u00bb o\u00f9 des toxicomanes\u00a0esclaves des trafiquants montent la garde devant les baraques. Le dos courb\u00e9 comme des vieillards, le corps et le visage ravag\u00e9s avant l\u2019heure, ces \u00ab\u00a0machacas\u00a0\u00bb ont l\u2019air de sentinelles zombies. C\u2019est dans ce p\u00e9rim\u00e8tre que vit Paqui, une quarantaine d\u2019ann\u00e9es, six enfants, dont une fille de 13\u00a0ans d\u00e9j\u00e0 fianc\u00e9e. Paqui s\u2019est mari\u00e9e \u00e0 14\u00a0ans. Elle habite la Ca\u00f1ada depuis vingt ans, vend drogues et m\u00e9dicaments jour et nuit. Guillermo l\u2019a poursuivie des jours durant avant de r\u00e9ussir \u00e0 lui faire passer un essai. Dans Ciudad sin sue\u00f1o, elle tient le r\u00f4le d\u2019une femme forte dans un monde violent. \u00ab\u00a0Ce que j\u2019ai fait devant la cam\u00e9ra, c\u2019est ma vie. Ainsi, les gens vont comprendre \u00e0 quel point nous souffrons ici.\u00a0\u00bb Paqui voudrait que le film ait du succ\u00e8s, pour qu\u2019on lui demande \u00e0 nouveau d\u2019\u00eatre actrice. \u00ab\u00a0Pour sortir de cet enfer, par piti\u00e9.\u00a0\u00bb<\/p>\n<p class=\"paragraph\">\u00c0 la tomb\u00e9e du jour, la Ca\u00f1ada change de visage, envahie par toute une vie jusque-l\u00e0 invisible. Des chats, des l\u00e9vriers espagnols, une marmaille nue dans les bassines, des patriarches un peu las, des fillettes aux faux ongles couverts de strass\u2026 Des adolescentes se montrent des vid\u00e9os en gloussant\u00a0; un gar\u00e7on de\u00a07\u00a0ans affirme avoir arr\u00eat\u00e9 de fumer en buvant du Coca\u2026 Le d\u00e9cor de western a c\u00e9d\u00e9 la place \u00e0 une com\u00e9die \u00e0 l\u2019italienne o\u00f9 tout un peuple, fier et bravache, s\u2019affiche haut en couleur. Comme un d\u00e9fi lanc\u00e9 \u00e0 ceux qui noircissent son image.<\/p>\n<p class=\"edito__prefixe\">   \u00c0 lire aussi :   <\/p>\n<p class=\"edito__text-container\">     <a alt=\"Lire aussi\" href=\"https:\/\/www.telerama.fr\/cinema\/cinema-les-25-films-les-plus-attendus-de-la-rentree-7027189.php\" class=\"article__title--edito\" rel=\"nofollow noopener\" target=\"_blank\">Cin\u00e9ma\u00a0: les 25 films les plus attendus de la rentr\u00e9e<\/a>  <\/p>\n<p>r Ciudad sin sue\u00f1o, de Guillermo Galoe. En salles.<\/p>\n","protected":false},"excerpt":{"rendered":"La Ca\u00f1ada Real, aux portes de la capitale espagnole, est le plus grand bidonville d\u2019Europe. Le Madril\u00e8ne y&hellip;\n","protected":false},"author":2,"featured_media":373101,"comment_status":"","ping_status":"","sticky":false,"template":"","format":"standard","meta":{"footnotes":""},"categories":[1354],"tags":[58,59,1346,1011,27,1360],"class_list":{"0":"post-373100","1":"post","2":"type-post","3":"status-publish","4":"format-standard","5":"has-post-thumbnail","7":"category-films","8":"tag-divertissement","9":"tag-entertainment","10":"tag-films","11":"tag-fr","12":"tag-france","13":"tag-movies"},"share_on_mastodon":{"url":"https:\/\/pubeurope.com\/@fr\/115163399959690797","error":""},"_links":{"self":[{"href":"https:\/\/www.europesays.com\/fr\/wp-json\/wp\/v2\/posts\/373100","targetHints":{"allow":["GET"]}}],"collection":[{"href":"https:\/\/www.europesays.com\/fr\/wp-json\/wp\/v2\/posts"}],"about":[{"href":"https:\/\/www.europesays.com\/fr\/wp-json\/wp\/v2\/types\/post"}],"author":[{"embeddable":true,"href":"https:\/\/www.europesays.com\/fr\/wp-json\/wp\/v2\/users\/2"}],"replies":[{"embeddable":true,"href":"https:\/\/www.europesays.com\/fr\/wp-json\/wp\/v2\/comments?post=373100"}],"version-history":[{"count":0,"href":"https:\/\/www.europesays.com\/fr\/wp-json\/wp\/v2\/posts\/373100\/revisions"}],"wp:featuredmedia":[{"embeddable":true,"href":"https:\/\/www.europesays.com\/fr\/wp-json\/wp\/v2\/media\/373101"}],"wp:attachment":[{"href":"https:\/\/www.europesays.com\/fr\/wp-json\/wp\/v2\/media?parent=373100"}],"wp:term":[{"taxonomy":"category","embeddable":true,"href":"https:\/\/www.europesays.com\/fr\/wp-json\/wp\/v2\/categories?post=373100"},{"taxonomy":"post_tag","embeddable":true,"href":"https:\/\/www.europesays.com\/fr\/wp-json\/wp\/v2\/tags?post=373100"}],"curies":[{"name":"wp","href":"https:\/\/api.w.org\/{rel}","templated":true}]}}