{"id":373106,"date":"2025-09-07T14:08:10","date_gmt":"2025-09-07T14:08:10","guid":{"rendered":"https:\/\/www.europesays.com\/fr\/373106\/"},"modified":"2025-09-07T14:08:10","modified_gmt":"2025-09-07T14:08:10","slug":"louis-bodin-vit-dans-un-pavillon-transforme-en-maison-darchitecte","status":"publish","type":"post","link":"https:\/\/www.europesays.com\/fr\/373106\/","title":{"rendered":"Louis Bodin vit dans un pavillon transform\u00e9 en maison d&rsquo;architecte"},"content":{"rendered":"\n<p>Pr\u00e9sentateur de la m\u00e9t\u00e9o depuis des ann\u00e9es sur TF1, LCI et RTL, Louis Bodin est une personnalit\u00e9 tr\u00e8s appr\u00e9ci\u00e9e en France. R\u00e9cemment, il a livr\u00e9 quelques confidences sur le logement qu\u2019il occupe dans l\u2019ouest parisien. On vous en dit un peu plus sur son cocon aussi convivial que pointu, partag\u00e9 par nos confr\u00e8res de C\u00f4t\u00e9 Maison.<\/p>\n<p>    Louis Bodin a choisi l\u2019ouest de Paris pour vivre <\/p>\n<p>Comme il aime le rappeler, Louis Bodin n\u2019est pas un vrai parisien, n\u00e9 \u00e0 Paris. En effet, ce dernier <strong>vient de la Marne,<\/strong> et plus pr\u00e9cis\u00e9ment de la <a href=\"https:\/\/www.lejournaldelamaison.fr\/le-journal-de-la-maison\/decoration-par-style\/grands-hotels\/a-reims-une-ancienne-caserne-de-pompier-totalement-transformee-en-un-hotel-de-luxe-454773.html\" target=\"_blank\" rel=\"noopener nofollow\">ville de Reims<\/a>. Mais \u00e9videmment, le pr\u00e9sentateur, qui \u00e9tait initialement <strong>ing\u00e9nieur-pr\u00e9visionniste et m\u00e9t\u00e9orologue<\/strong>, a d\u00fb rester en r\u00e9gion parisienne pour <strong>ses obligations professionnelles.<\/strong><\/p>\n<p>C\u2019est pourquoi il a fait le choix, avec son \u00e9pouse, <strong>d\u2019acheter une maison dans l\u2019ouest de Paris,<\/strong> tout proche de la capitale. Le couple a investi dans <a href=\"https:\/\/www.lejournaldelamaison.fr\/le-journal-de-la-maison\/reportages-maisons\/maisons-reportages-maisons\/corinne-touzet-bernard-lavilliers-maison-secrete-leur-idylle-refuge-campagne-nord-paris-charmant-pavillon-datant-514185.html\" target=\"_blank\" rel=\"noopener nofollow\">un pavillon typique<\/a> des ann\u00e9es 1970. Mais attention, pour vraiment se sentir chez lui, le pr\u00e9sentateur a fait le choix <strong>d\u2019engager des travaux de grandes ampleurs.<\/strong><\/p>\n<p>    Adorateur de la d\u00e9co, Louis Bodin n\u2019a rien voulu laisser au hasard chez lui <\/p>\n<p>En achetant ce bien classique du si\u00e8cle pr\u00e9c\u00e9dent, Louis Bodin le savait d\u00e9j\u00e0. <strong>Il allait tout changer.<\/strong> D\u00e9truire des cloisons, ouvrir des espaces. <strong>Revoir la r\u00e9partition des pi\u00e8ces<\/strong>, comme <a href=\"https:\/\/www.lejournaldelamaison.fr\/le-journal-de-la-maison\/nouveautes\/tendances\/tendances-deco\/tendance-cuisine-annees-70-revient-rentree-sublimer-murs-478432.html\" target=\"_blank\" rel=\"noopener nofollow\">la cuisine ou la salle de bain<\/a>, et offrir un sentiment de convivialit\u00e9 tr\u00e8s pr\u00e9sent, comme un cocon, <strong>o\u00f9 l\u2019on aime recevoir et prendre le temps de partager<\/strong> un moment ensemble.<\/p>\n<p>Ainsi, sa grande cuisine s\u2019ouvre directement <strong>sur la pi\u00e8ce de vie,<\/strong> qui comprend la salle \u00e0 manger et le salon. C\u00f4t\u00e9 d\u00e9coration, Louis Bodin aime <strong>faire vivre l\u2019ancien<\/strong>, mais aime aussi les lignes <strong>\u00e9pur\u00e9es et modernes<\/strong>. Ainsi, sa maison oscille entre objets du pass\u00e9 et pi\u00e8ces <strong>modernes et designs.<\/strong> Pour les mati\u00e8res, il a opt\u00e9 pour un <strong>alliage entre la pierre, le verre et le bois<\/strong> de <a href=\"https:\/\/www.lejournaldelamaison.fr\/le-journal-de-la-maison\/nouveautes\/tendances\/tendances-deco\/parquet-nouvelles-tendances-pose-motifs-506221.html\" target=\"_blank\" rel=\"noopener nofollow\">son superbe parquet<\/a>. Mais il apporte <strong>de la joie et de la lumi\u00e8re<\/strong> gr\u00e2ce \u00e0 des murs peints et des pointes de couleurs allant du rouge \u00e0 l\u2019oranger.<\/p>\n<blockquote class=\"instagram-media \" style=\"background: #ffffff;border: 0;margin: 1px;width: 100%;padding: 0;max-width: 500px;\" data-instgrm-permalink=\"https:\/\/www.instagram.com\/p\/DOIqab1jfg2\/?utm_source=ig_web_copy_link\" data-instgrm-version=\"14\"\/><p>    Pour autant, Louis Bodin ne souhaite pas d\u00e9laisser l\u2019ext\u00e9rieur de sa maison <\/p>\n<p>La maison de Louis Bodin est pour lui <strong>un espace indispensable<\/strong>. Pour s\u2019y reposer, pour recevoir et pour se distraire, <a href=\"https:\/\/www.lejournaldelamaison.fr\/le-journal-de-la-maison\/piece-par-piece\/salon\/si-vous-pouvez-pas-cacher-television-dans-salon-faites-ceci-a-la-place-511620.html\" target=\"_blank\" rel=\"noopener nofollow\">devant la t\u00e9l\u00e9vision<\/a>, en \u00e9coutant du classique ou en lisant un livre. Mais pour autant, le m\u00e9t\u00e9orologue de formation n\u2019a <strong>pas souhait\u00e9 faire l\u2019impasse sur la nature.<\/strong> M\u00eame s\u2019il ne dispose d\u2019aucune plante chez lui.<\/p>\n<p>Ainsi, il a am\u00e9nag\u00e9 son jardin avec <strong>une grande zone de gazon,<\/strong> de beaux et grands arbres, des conif\u00e8res, mais aussi une grande partie avec de <strong>tr\u00e8s belles fleurs.<\/strong> Il a voulu cr\u00e9er une ambiance qui donne envie de s\u2019\u00e9tendre sur l\u2019herbe et de r\u00eavasser. <a href=\"https:\/\/www.lejournaldelamaison.fr\/le-journal-de-la-maison\/reportages-maisons\/maisons-campagne\/stephane-marie-terrasse-croirait-theatre-plantes-oiseaux-dansent-maison-cotentin-extraordinaire-jardin-inspire-silence-ca-pousse-520396.html\" target=\"_blank\" rel=\"noopener nofollow\">Une grande terrasse<\/a> surplombe cette v\u00e9g\u00e9tation, et invite \u00e0 s\u2019installer pour<strong> profiter du soleil couchant.<\/strong><\/p>\n<p>                <script async src=\"\/\/www.instagram.com\/embed.js\"><\/script><\/p>\n","protected":false},"excerpt":{"rendered":"Pr\u00e9sentateur de la m\u00e9t\u00e9o depuis des ann\u00e9es sur TF1, LCI et RTL, Louis Bodin est une personnalit\u00e9 tr\u00e8s&hellip;\n","protected":false},"author":2,"featured_media":373107,"comment_status":"","ping_status":"","sticky":false,"template":"","format":"standard","meta":{"footnotes":""},"categories":[8],"tags":[58,59,1011,27],"class_list":{"0":"post-373106","1":"post","2":"type-post","3":"status-publish","4":"format-standard","5":"has-post-thumbnail","7":"category-divertissement","8":"tag-divertissement","9":"tag-entertainment","10":"tag-fr","11":"tag-france"},"share_on_mastodon":{"url":"https:\/\/pubeurope.com\/@fr\/115163411529665411","error":""},"_links":{"self":[{"href":"https:\/\/www.europesays.com\/fr\/wp-json\/wp\/v2\/posts\/373106","targetHints":{"allow":["GET"]}}],"collection":[{"href":"https:\/\/www.europesays.com\/fr\/wp-json\/wp\/v2\/posts"}],"about":[{"href":"https:\/\/www.europesays.com\/fr\/wp-json\/wp\/v2\/types\/post"}],"author":[{"embeddable":true,"href":"https:\/\/www.europesays.com\/fr\/wp-json\/wp\/v2\/users\/2"}],"replies":[{"embeddable":true,"href":"https:\/\/www.europesays.com\/fr\/wp-json\/wp\/v2\/comments?post=373106"}],"version-history":[{"count":0,"href":"https:\/\/www.europesays.com\/fr\/wp-json\/wp\/v2\/posts\/373106\/revisions"}],"wp:featuredmedia":[{"embeddable":true,"href":"https:\/\/www.europesays.com\/fr\/wp-json\/wp\/v2\/media\/373107"}],"wp:attachment":[{"href":"https:\/\/www.europesays.com\/fr\/wp-json\/wp\/v2\/media?parent=373106"}],"wp:term":[{"taxonomy":"category","embeddable":true,"href":"https:\/\/www.europesays.com\/fr\/wp-json\/wp\/v2\/categories?post=373106"},{"taxonomy":"post_tag","embeddable":true,"href":"https:\/\/www.europesays.com\/fr\/wp-json\/wp\/v2\/tags?post=373106"}],"curies":[{"name":"wp","href":"https:\/\/api.w.org\/{rel}","templated":true}]}}