{"id":373110,"date":"2025-09-07T14:10:11","date_gmt":"2025-09-07T14:10:11","guid":{"rendered":"https:\/\/www.europesays.com\/fr\/373110\/"},"modified":"2025-09-07T14:10:11","modified_gmt":"2025-09-07T14:10:11","slug":"raid-dans-une-usine-americaine-les-sud-coreens-vont-bientot-etre-relaches-selon-seoul-actualites","status":"publish","type":"post","link":"https:\/\/www.europesays.com\/fr\/373110\/","title":{"rendered":"Raid dans une usine am\u00e9ricaine: les Sud-Cor\u00e9ens vont bient\u00f4t \u00eatre rel\u00e2ch\u00e9s selon S\u00e9oul : Actualit\u00e9s"},"content":{"rendered":"<p class=\"lead \">Les plus de 300 Sud-Cor\u00e9ens arr\u00eat\u00e9s jeudi dans une usine aux Etats-Unis par la police de l&rsquo;immigration vont bient\u00f4t \u00eatre lib\u00e9r\u00e9s et rapatri\u00e9s dans leur pays, a annonc\u00e9 dimanche S\u00e9oul.<\/p>\n<p class=\"lead \">\u00ab\u00a0Gr\u00e2ce \u00e0 la r\u00e9ponse rapide et unie\u2026 les n\u00e9gociations pour la lib\u00e9ration des travailleurs arr\u00eat\u00e9s ont \u00e9t\u00e9 conclues\u00a0\u00bb, a d\u00e9clar\u00e9 dimanche Kang Hoon-sik, chef de cabinet du pr\u00e9sident Lee Jae Myung. <\/p>\n<p class=\"lead \">\u00ab\u00a0Il ne reste plus que les proc\u00e9dures administratives. Une fois celles-ci termin\u00e9es, un vol charter d\u00e9collera pour rapatrier nos ressortissants\u00a0\u00bb, a-t-il ajout\u00e9. Samedi, S\u00e9oul avait estim\u00e9 leur nombre \u00e0 \u00ab\u00a0plus de 300\u00a0\u00bb. <\/p>\n<p class=\"lead \">La police de l&rsquo;immigration am\u00e9ricaine a annonc\u00e9 vendredi avoir men\u00e9 jeudi un raid dans une usine de fabrication de batteries pour automobiles des groupes sud-cor\u00e9ens Hyundai et LG Energy Solution \u00e0 Ellabell, dans l&rsquo;Etat de G\u00e9orgie (sud-est). Les personnes interpell\u00e9es sont soup\u00e7onn\u00e9es de travailler ill\u00e9galement aux Etats-Unis.<\/p>\n<p class=\"lead \">Il s&rsquo;agit de l&rsquo;op\u00e9ration la plus importante jamais men\u00e9e sur un seul site dans le cadre de la campagne d&rsquo;expulsion d&rsquo;immigr\u00e9s initi\u00e9e par le pr\u00e9sident am\u00e9ricain Donald Trump. 475 personnes au total ont \u00e9t\u00e9 arr\u00eat\u00e9es dans l&rsquo;usine.<\/p>\n<p class=\"lead \">\u00ab\u00a0On leur donne \u00e0 manger et on leur permet de prendre une douche, mais les conditions (de r\u00e9tention NDLR) sont mauvaises\u00a0\u00bb, a depuis affirm\u00e9 \u00e0 l&rsquo;agence de presse sud-cor\u00e9enne Yonhap un responsable d&rsquo;un sous-traitant de LG Energy Solution, qui s&rsquo;est entretenu avec l&rsquo;un des travailleurs arr\u00eat\u00e9s. Selon lui, ils ne sont pas menott\u00e9s.<\/p>\n<p class=\"lead \">Des images du raid, diffus\u00e9es par les autorit\u00e9s am\u00e9ricaines, ont montr\u00e9 des employ\u00e9s arr\u00eat\u00e9s, menott\u00e9s et avec des cha\u00eenes aux chevilles, en train d&#8217;embarquer dans un bus de transport priv\u00e9.<\/p>\n<p class=\"lead \">Un cadre sup\u00e9rieur de LG Energy Solution s&rsquo;est envol\u00e9 dimanche pour la G\u00e9orgie.<\/p>\n<p class=\"lead \">\u00ab\u00a0La priorit\u00e9 imm\u00e9diate est la lib\u00e9ration rapide de nos employ\u00e9s LG Energy Solution et de ceux de nos entreprises partenaires\u00a0\u00bb, a d\u00e9clar\u00e9 Kim Ki-soo aux journalistes avant de monter \u00e0 bord de l&rsquo;avion.<\/p>\n<p class=\"lead \">Environ 250 des personnes arr\u00eat\u00e9es seraient des employ\u00e9s de sous-traitants de LG Energy Solution, et Sud-Cor\u00e9ens pour la plupart, avait indiqu\u00e9 samedi l&rsquo;entreprise.<\/p>\n<p class=\"lead \">Et 47 (46 Sud-Cor\u00e9ens et un Indon\u00e9sien), sont des salari\u00e9s directs de LG, selon l&rsquo;entreprise.<\/p>\n<p class=\"lead \">Vendredi, Hyundai avait dit penser qu&rsquo;aucune des personnes arr\u00eat\u00e9es n&rsquo;\u00e9tait \u00ab\u00a0directement employ\u00e9e\u00a0\u00bb par le groupe.<\/p>\n<p class=\"lead \">Quatri\u00e8me \u00e9conomie d&rsquo;Asie, la Cor\u00e9e du Sud est un important constructeur automobile et producteur de mat\u00e9riel \u00e9lectronique avec de nombreuses usines aux Etats-Unis.<\/p>\n<p class=\"lead \">En juillet, S\u00e9oul avait promis d&rsquo;investir 350 milliards de dollars aux Etats-Unis, \u00e0 la suite des menaces sur les droits de douane de Donald Trump.<\/p>\n<p class=\"small font-weight-bold text-gray3 \"> publi\u00e9 le 7 septembre \u00e0 13h08, AFP<\/p>\n<p>                             Partager<\/p>\n","protected":false},"excerpt":{"rendered":"Les plus de 300 Sud-Cor\u00e9ens arr\u00eat\u00e9s jeudi dans une usine aux Etats-Unis par la police de l&rsquo;immigration vont&hellip;\n","protected":false},"author":2,"featured_media":373111,"comment_status":"","ping_status":"","sticky":false,"template":"","format":"standard","meta":{"footnotes":""},"categories":[6],"tags":[14427,2441,646,35,37301,312,33,34,313,1011,27,1061,693,25007,308],"class_list":{"0":"post-373110","1":"post","2":"type-post","3":"status-publish","4":"format-standard","5":"has-post-thumbnail","7":"category-economie","8":"tag-nergie","9":"tag-arrestation","10":"tag-automobile","11":"tag-business","12":"tag-coresud","13":"tag-diplomatie","14":"tag-economie","15":"tag-economy","16":"tag-entreprises","17":"tag-fr","18":"tag-france","19":"tag-immigration","20":"tag-industrie","21":"tag-renouvelables","22":"tag-usa"},"share_on_mastodon":{"url":"https:\/\/pubeurope.com\/@fr\/115163419452755813","error":""},"_links":{"self":[{"href":"https:\/\/www.europesays.com\/fr\/wp-json\/wp\/v2\/posts\/373110","targetHints":{"allow":["GET"]}}],"collection":[{"href":"https:\/\/www.europesays.com\/fr\/wp-json\/wp\/v2\/posts"}],"about":[{"href":"https:\/\/www.europesays.com\/fr\/wp-json\/wp\/v2\/types\/post"}],"author":[{"embeddable":true,"href":"https:\/\/www.europesays.com\/fr\/wp-json\/wp\/v2\/users\/2"}],"replies":[{"embeddable":true,"href":"https:\/\/www.europesays.com\/fr\/wp-json\/wp\/v2\/comments?post=373110"}],"version-history":[{"count":0,"href":"https:\/\/www.europesays.com\/fr\/wp-json\/wp\/v2\/posts\/373110\/revisions"}],"wp:featuredmedia":[{"embeddable":true,"href":"https:\/\/www.europesays.com\/fr\/wp-json\/wp\/v2\/media\/373111"}],"wp:attachment":[{"href":"https:\/\/www.europesays.com\/fr\/wp-json\/wp\/v2\/media?parent=373110"}],"wp:term":[{"taxonomy":"category","embeddable":true,"href":"https:\/\/www.europesays.com\/fr\/wp-json\/wp\/v2\/categories?post=373110"},{"taxonomy":"post_tag","embeddable":true,"href":"https:\/\/www.europesays.com\/fr\/wp-json\/wp\/v2\/tags?post=373110"}],"curies":[{"name":"wp","href":"https:\/\/api.w.org\/{rel}","templated":true}]}}