{"id":373112,"date":"2025-09-07T14:11:14","date_gmt":"2025-09-07T14:11:14","guid":{"rendered":"https:\/\/www.europesays.com\/fr\/373112\/"},"modified":"2025-09-07T14:11:14","modified_gmt":"2025-09-07T14:11:14","slug":"shigeru-ishiba-premier-ministre-outsider-pousse-vers-la-sortie","status":"publish","type":"post","link":"https:\/\/www.europesays.com\/fr\/373112\/","title":{"rendered":"Shigeru Ishiba, Premier ministre \u00ab\u00a0outsider\u00a0\u00bb pouss\u00e9 vers la sortie"},"content":{"rendered":"<p>Le Premier ministre japonais a annonc\u00e9 dimanche sa d\u00e9mission. Une d\u00e9cision prise apr\u00e8s la <a href=\"https:\/\/www.20minutes.fr\/monde\/japon\/4164467-20250720-japon-premier-ministre-perd-majorite-chambre-haute-parlement-forte-poussee-extreme-droite\" class=\"c-link c-link--is-underlined\" target=\"_blank\" rel=\"noopener\">d\u00e9b\u00e2cle de son parti aux \u00e9lections<\/a> au parlement cet \u00e9t\u00e9. <a href=\"https:\/\/www.20minutes.fr\/monde\/japon\/4116188-20241017-japon-pourquoi-offrande-nouveau-premier-ministre-temple-shinto-fait-polemique\" class=\"c-link c-link--is-underlined\" target=\"_blank\" rel=\"noopener\">Shigeru Ishiba<\/a> a longtemps fait figure d\u2019outsider dans la politique nippone avant de devenir impopulaire. Ag\u00e9 de 68 ans, il avait pris en septembre\u00a02024, \u00e0 sa cinqui\u00e8me tentative, la t\u00eate du PLD, une formation au pouvoir quasiment sans interruption dans l\u2019archipel depuis les ann\u00e9es\u00a01950. Il est ainsi devenu de facto le chef du gouvernement.<\/p>\n<p>Ex-ministre de la D\u00e9fense et de l\u2019Agriculture, il s\u00e9duisait alors le public\u00a0: connu pour sa ma\u00eetrise des questions militaires, il se revendique amateur de cigarettes et de trains, d\u2019idoles de la pop des ann\u00e9es\u00a01970, et de fabrication de maquettes.<\/p>\n<p>Une popularit\u00e9 en chute<\/p>\n<p>A peine \u00e9lu, Shigeru Ishiba avait convoqu\u00e9 d\u00e8s octobre des \u00e9lections l\u00e9gislatives anticip\u00e9es, esp\u00e9rant asseoir son pouvoir. Mais il avait finalement r\u00e9colt\u00e9 le pire r\u00e9sultat de son parti en 15 ans\u00a0: la coalition PLD-Komeito a perdu sa majorit\u00e9 absolue \u00e0 la chambre basse du Parlement, se voyant contrainte de n\u00e9gocier avec l\u2019opposition.<\/p>\n<p>Sa popularit\u00e9 a chut\u00e9, sur fond de flamb\u00e9e inflationniste et de <a href=\"https:\/\/www.20minutes.fr\/monde\/japon\/4154616-20250521-japon-remarque-deplacee-riz-coute-place-ministre-agriculture\" class=\"c-link c-link--is-underlined\" target=\"_blank\" rel=\"noopener\">doublement des prix du riz<\/a>. Un sondage publi\u00e9 d\u00e9but juin par la t\u00e9l\u00e9vision NHK indiquait que seuls 39\u00a0% des Japonais approuvaient l\u2019action du gouvernement.<\/p>\n<p>Finalement, \u00ab\u00a0Ishiba s\u2019est vu accul\u00e9 dans ses retranchements, ne promettant qu\u2019un soutien financier tardif et timide qui ne contribuera gu\u00e8re \u00e0 am\u00e9liorer les perspectives de la demande\u00a0\u00bb, estime Stefan Angrick, analyste de Moody\u2019s Analytics.<\/p>\n<p>Faux pas<\/p>\n<p>Fils d\u2019un gouverneur r\u00e9gional et issu de la petite minorit\u00e9 chr\u00e9tienne de l\u2019archipel, Shigeru Ishiba s\u2019\u00e9tait engag\u00e9 \u00e0 \u00ab\u00a0cr\u00e9er un nouveau Japon\u00a0\u00bb, \u00e0 revitaliser les r\u00e9gions rurales et \u00e0 r\u00e9pondre \u00e0 \u00ab\u00a0l\u2019urgence silencieuse\u00a0\u00bb du d\u00e9clin d\u00e9mographique.<\/p>\n<p>P\u00e8re de deux filles, ce grand fumeur n\u2019a nomm\u00e9 que deux femmes \u00e0 son cabinet, contre cinq sous son pr\u00e9d\u00e9cesseur Fumio Kishida. Son image politique s\u2019est rapidement ternie et il a \u00e9t\u00e9 fustig\u00e9 pour ses faux pas\u00a0: costume mal ajust\u00e9 lors d\u2019une c\u00e9r\u00e9monie, sieste en pleine s\u00e9ance au Parlement, le fait de ne pas s\u2019\u00eatre lev\u00e9 pour saluer d\u2019autres dirigeants lors d\u2019un sommet au P\u00e9rou.<\/p>\n<p>Paradoxe<\/p>\n<p>Cette d\u00e9mission, si elle est confirm\u00e9e, se fait dans un contexte paradoxal puisque Shigeru Ishiba \u00e9tait en pleine remont\u00e9e dans les sondages, notamment apr\u00e8s <a href=\"https:\/\/www.20minutes.fr\/monde\/etats-unis\/4137755-20250208-etats-unis-face-trump-japon-fait-concessions-eviter-affrontement-commercial\" class=\"c-link c-link--is-underlined\" target=\"_blank\" rel=\"noopener\">l\u2019accord commercial avec les Etats-Unis<\/a>. La cote de popularit\u00e9 de son gouvernement a connu un rebond surprise fin ao\u00fbt atteignant 39\u00a0% d\u2019opinions favorables, soit une hausse record de 17 points par rapport \u00e0 juillet, selon un sondage publi\u00e9 par le quotidien Yomiuri.<\/p>\n<p>Le journal attribue cette remont\u00e9e notamment \u00e0 l\u2019accord commercial conclu fin juillet avec les <a href=\"https:\/\/www.20minutes.fr\/monde\/etats-unis\/\" class=\"c-link c-link--is-underlined\" target=\"_blank\" rel=\"noopener\">Etats-Unis<\/a> (deux jours apr\u00e8s les \u00e9lections au Japon) qui a r\u00e9duit les droits de douane am\u00e9ricains de 25\u00a0% \u00e0 15\u00a0%. Mais cet accord intervient apr\u00e8s une longue p\u00e9riode d\u2019enlisement des n\u00e9gociations commerciales face \u00e0 Donald Trump, qui ont fait craindre une absence totale de compromis.<\/p>\n<\/p>\n<p>Par contraste, <a href=\"https:\/\/www.20minutes.fr\/monde\/3322691-20220708-japon-sait-meurtre-ex-premier-ministre-shinzo-abe\" class=\"c-link c-link--is-underlined\" target=\"_blank\" rel=\"noopener\">Shinzo Abe<\/a>, Premier ministre japonais \u00e0 l\u2019\u00e9poque du premier mandat de Donald Trump, \u00e9tait pour sa part devenu proche du pr\u00e9sident am\u00e9ricain, dont il \u00e9tait r\u00e9put\u00e9 avoir l\u2019oreille. Shinzo Abe, qui avait offert \u00e0 <a href=\"https:\/\/www.20minutes.fr\/dossier\/donald_trump\" class=\"c-link c-link--is-underlined\" target=\"_blank\" rel=\"noopener\">Donald Trump<\/a> un club de golf dor\u00e9, avait obtenu de rapides r\u00e9sultats dans la guerre commerciale men\u00e9e alors par les Etats-Unis, parvenant \u00e0 prot\u00e9ger le Japon de toute surtaxe douani\u00e8re am\u00e9ricaine. \u00ab\u00a0Il n\u2019y en aura jamais un autre comme lui\u00a0\u00bb, avait d\u00e9clar\u00e9 Donald Trump apr\u00e8s la mort de Shinzo Abe, assassin\u00e9 en\u00a02022.<\/p>\n","protected":false},"excerpt":{"rendered":"Le Premier ministre japonais a annonc\u00e9 dimanche sa d\u00e9mission. Une d\u00e9cision prise apr\u00e8s la d\u00e9b\u00e2cle de son parti&hellip;\n","protected":false},"author":2,"featured_media":373113,"comment_status":"","ping_status":"","sticky":false,"template":"","format":"standard","meta":{"footnotes":""},"categories":[5],"tags":[47,11,13189,1011,27,14,2070,74,12,3363,28],"class_list":{"0":"post-373112","1":"post","2":"type-post","3":"status-publish","4":"format-standard","5":"has-post-thumbnail","7":"category-international","8":"tag-actualite","9":"tag-actualites","10":"tag-demission","11":"tag-fr","12":"tag-france","13":"tag-international","14":"tag-japon","15":"tag-monde","16":"tag-news","17":"tag-premier-ministre","18":"tag-world"},"share_on_mastodon":{"url":"https:\/\/pubeurope.com\/@fr\/115163423517717583","error":""},"_links":{"self":[{"href":"https:\/\/www.europesays.com\/fr\/wp-json\/wp\/v2\/posts\/373112","targetHints":{"allow":["GET"]}}],"collection":[{"href":"https:\/\/www.europesays.com\/fr\/wp-json\/wp\/v2\/posts"}],"about":[{"href":"https:\/\/www.europesays.com\/fr\/wp-json\/wp\/v2\/types\/post"}],"author":[{"embeddable":true,"href":"https:\/\/www.europesays.com\/fr\/wp-json\/wp\/v2\/users\/2"}],"replies":[{"embeddable":true,"href":"https:\/\/www.europesays.com\/fr\/wp-json\/wp\/v2\/comments?post=373112"}],"version-history":[{"count":0,"href":"https:\/\/www.europesays.com\/fr\/wp-json\/wp\/v2\/posts\/373112\/revisions"}],"wp:featuredmedia":[{"embeddable":true,"href":"https:\/\/www.europesays.com\/fr\/wp-json\/wp\/v2\/media\/373113"}],"wp:attachment":[{"href":"https:\/\/www.europesays.com\/fr\/wp-json\/wp\/v2\/media?parent=373112"}],"wp:term":[{"taxonomy":"category","embeddable":true,"href":"https:\/\/www.europesays.com\/fr\/wp-json\/wp\/v2\/categories?post=373112"},{"taxonomy":"post_tag","embeddable":true,"href":"https:\/\/www.europesays.com\/fr\/wp-json\/wp\/v2\/tags?post=373112"}],"curies":[{"name":"wp","href":"https:\/\/api.w.org\/{rel}","templated":true}]}}