{"id":373114,"date":"2025-09-07T14:12:10","date_gmt":"2025-09-07T14:12:10","guid":{"rendered":"https:\/\/www.europesays.com\/fr\/373114\/"},"modified":"2025-09-07T14:12:10","modified_gmt":"2025-09-07T14:12:10","slug":"face-au-chantage-marine-le-pen-prete-a-sacrifier-tous-les-mandats-de-la-terre-pour-lalternance","status":"publish","type":"post","link":"https:\/\/www.europesays.com\/fr\/373114\/","title":{"rendered":"Face au chantage, Marine Le\u00a0Pen pr\u00eate \u00e0 \u00ab\u00a0sacrifier tous les mandats de la Terre\u00a0\u00bb pour l\u2019alternance"},"content":{"rendered":"<p>A la veille de la probable chute du gouvernement Bayrou, <a href=\"https:\/\/www.20minutes.fr\/politique\/marine-le-pen\/\" class=\"c-link c-link--is-underlined\" target=\"_blank\" rel=\"noopener\">Marine Le\u00a0Pen<\/a> a r\u00e9clam\u00e9 dimanche avec insistance une nouvelle dissolution de l\u2019<a href=\"https:\/\/www.20minutes.fr\/dossier\/assemblee_nationale\" class=\"c-link c-link--is-underlined\" target=\"_blank\" rel=\"noopener\">Assembl\u00e9e nationale<\/a>. La cheffe de file du Rassemblement national, qui effectue sa traditionnelle rentr\u00e9e politique \u00e0 H\u00e9nin-Beaumont, dans le <a href=\"https:\/\/www.20minutes.fr\/dossier\/pas-de-calais\" class=\"c-link c-link--is-underlined\" target=\"_blank\" rel=\"noopener\">Pas-de-Calais<\/a>, met ainsi la pression sur l\u2019ex\u00e9cutif.<\/p>\n<p>\u00ab\u00a0Aucun d\u2019entre nous n\u2019acceptera de c\u00e9der au chantage du vote de confiance initi\u00e9 par le Premier ministre\u00a0\u00bb, pr\u00e9vient-elle. Et s\u2019il prend au pr\u00e9sident <a href=\"https:\/\/www.20minutes.fr\/politique\/emmanuel-macron\/\" class=\"c-link c-link--is-underlined\" target=\"_blank\" rel=\"noopener\">Emmanuel Macron<\/a> l\u2019envie \u00ab\u00a0de gagner du temps et de nommer un nouveau <a href=\"https:\/\/www.20minutes.fr\/dossier\/premier_ministre\" class=\"c-link c-link--is-underlined\" target=\"_blank\" rel=\"noopener\">Premier ministre<\/a>\u00a0\u00bb, alors celui-ci devra tenir compte des \u00ab\u00a0aspirations\u00a0\u00bb de l\u2019extr\u00eame droite. Sinon, \u00ab\u00a0il sera lui aussi censur\u00e9\u00a0\u00bb, assure-t-elle.<\/p>\n<\/p>\n<p>Des \u00ab\u00a0politiques absurdes\u00a0\u00bb qui \u00ab\u00a0massacrent\u00a0\u00bb les Fran\u00e7ais<\/p>\n<p>Un millier de militants sont venus l\u2019\u00e9couter dans une cour d\u2019\u00e9cole. Un public acquis d\u2019avance \u00e0 son discours sur les \u00ab\u00a0quatre tabous\u00a0\u00bb qu\u2019elle entend \u00ab\u00a0faire tomber\u00a0\u00bb apr\u00e8s le gouvernement\u00a0: immigration, <a href=\"https:\/\/www.20minutes.fr\/dossier\/europe\" class=\"c-link c-link--is-underlined\" target=\"_blank\" rel=\"noopener\">Europe<\/a>, fraudes en tous genres et \u00ab\u00a0train de vie\u00a0\u00bb de l\u2019Etat.<\/p>\n<p>Puisque l\u2019ex\u00e9cutif en place s\u2019y refuse, selon elle, \u00ab\u00a0notre devoir est aujourd\u2019hui de r\u00e9clamer avec force une alternance aussi rapide que possible\u00a0\u00bb. Et tant pis si \u00ab\u00a0je ne pourrai peut-\u00eatre pas me repr\u00e9senter\u00a0\u00bb, admet celle qui conna\u00eetra lundi la date de son proc\u00e8s en appel dans l\u2019affaire des assistants d\u2019eurod\u00e9put\u00e9s.<\/p>\n<p>\u00ab\u00a0Je suis pr\u00eate \u00e0 sacrifier tous les mandats de la Terre pour vous emp\u00eacher de massacrer les Fran\u00e7ais avec vos politiques absurdes et vos pseudo-\u00e9conomies injustes et toxiques\u00a0\u00bb, ass\u00e8ne-t-elle. \u00ab\u00a0Un an d\u2019avance pour l\u2019alternance, voil\u00e0 une immense chance pour la France.\u00a0\u00bb<\/p>\n","protected":false},"excerpt":{"rendered":"A la veille de la probable chute du gouvernement Bayrou, Marine Le\u00a0Pen a r\u00e9clam\u00e9 dimanche avec insistance une&hellip;\n","protected":false},"author":2,"featured_media":373115,"comment_status":"","ping_status":"","sticky":false,"template":"","format":"standard","meta":{"footnotes":""},"categories":[4],"tags":[47,11,1076,1011,27,431,430,12,316,2556,25,49393],"class_list":{"0":"post-373114","1":"post","2":"type-post","3":"status-publish","4":"format-standard","5":"has-post-thumbnail","7":"category-france","8":"tag-actualite","9":"tag-actualites","10":"tag-extreme-droite","11":"tag-fr","12":"tag-france","13":"tag-francois-bayrou","14":"tag-marine-le-pen","15":"tag-news","16":"tag-politique","17":"tag-rassemblement-national-rn","18":"tag-republique-francaise","19":"tag-vote-de-confiance"},"share_on_mastodon":{"url":"https:\/\/pubeurope.com\/@fr\/115163427277939878","error":""},"_links":{"self":[{"href":"https:\/\/www.europesays.com\/fr\/wp-json\/wp\/v2\/posts\/373114","targetHints":{"allow":["GET"]}}],"collection":[{"href":"https:\/\/www.europesays.com\/fr\/wp-json\/wp\/v2\/posts"}],"about":[{"href":"https:\/\/www.europesays.com\/fr\/wp-json\/wp\/v2\/types\/post"}],"author":[{"embeddable":true,"href":"https:\/\/www.europesays.com\/fr\/wp-json\/wp\/v2\/users\/2"}],"replies":[{"embeddable":true,"href":"https:\/\/www.europesays.com\/fr\/wp-json\/wp\/v2\/comments?post=373114"}],"version-history":[{"count":0,"href":"https:\/\/www.europesays.com\/fr\/wp-json\/wp\/v2\/posts\/373114\/revisions"}],"wp:featuredmedia":[{"embeddable":true,"href":"https:\/\/www.europesays.com\/fr\/wp-json\/wp\/v2\/media\/373115"}],"wp:attachment":[{"href":"https:\/\/www.europesays.com\/fr\/wp-json\/wp\/v2\/media?parent=373114"}],"wp:term":[{"taxonomy":"category","embeddable":true,"href":"https:\/\/www.europesays.com\/fr\/wp-json\/wp\/v2\/categories?post=373114"},{"taxonomy":"post_tag","embeddable":true,"href":"https:\/\/www.europesays.com\/fr\/wp-json\/wp\/v2\/tags?post=373114"}],"curies":[{"name":"wp","href":"https:\/\/api.w.org\/{rel}","templated":true}]}}