{"id":373116,"date":"2025-09-07T14:13:12","date_gmt":"2025-09-07T14:13:12","guid":{"rendered":"https:\/\/www.europesays.com\/fr\/373116\/"},"modified":"2025-09-07T14:13:12","modified_gmt":"2025-09-07T14:13:12","slug":"dembele-blesse-le-psg-envoie-une-lettre-courroucee-a-lequipe-de-france","status":"publish","type":"post","link":"https:\/\/www.europesays.com\/fr\/373116\/","title":{"rendered":"Demb\u00e9l\u00e9 bless\u00e9, le PSG envoie une lettre courrouc\u00e9e \u00e0 l\u2019\u00c9quipe de France"},"content":{"rendered":"<p>        <img decoding=\"async\" loading=\"lazy\" src=\"https:\/\/www.europesays.com\/fr\/wp-content\/uploads\/2025\/09\/d7bca9c_sirius-fs-upload-1-bgbsasrb2jdf-1739301676406-000-36xl8uz.jpg\"  width=\"728\" height=\"409\" alt=\"Tripl\u00e9 la semaine derni\u00e8re, doubl\u00e9 ce mardi soir. Ousmane Demb\u00e9l\u00e9 a encore port\u00e9 le PSG pour donner une avance certaine aux Parisiens.\"\/>  <\/p>\n<p>FRED TANNEAU \/ AFP<\/p>\n<p>Tripl\u00e9 la semaine derni\u00e8re, doubl\u00e9 ce mardi soir. Ousmane Demb\u00e9l\u00e9 a encore port\u00e9 le PSG pour donner une avance certaine aux Parisiens.<\/p>\n<p class=\"asset asset-text\">FOOTBALL &#8211; Apr\u00e8s les blessures<a href=\"https:\/\/www.huffingtonpost.fr\/sport\/article\/espagne-france-ousmane-dembele-deja-ballon-d-or-ces-joueurs-peuvent-lui-barrer-la-route_250848.html\" target=\"_blank\" rel=\"noopener nofollow\" title=\"Nouvelle fen\u00eatre\"> d\u2019Ousmane Demb\u00e9l\u00e9 <\/a>et D\u00e9sir\u00e9 Dou\u00e9 avec les Bleus, le Paris Saint-Germain a adress\u00e9 un <a href=\"https:\/\/www.psg.fr\/content\/le-paris-saint-germain-appelle-a-la-mise-en-place-dun-nouveau-protocole-de-coordination-medico-sportive-entre-clubs-et-selection-nationale\" target=\"_blank\" rel=\"noopener nofollow\" title=\"Nouvelle fen\u00eatre\">courrier<\/a> \u00e0 la F\u00e9d\u00e9ration fran\u00e7aise de football (FFF) pour demander une meilleure \u00ab\u00a0coordination m\u00e9dico-sportive entre clubs et s\u00e9lection\u00a0\u00bb.<\/p>\n<p class=\"asset asset-text\">Le PSG, <a href=\"https:\/\/www.huffingtonpost.fr\/sport\/article\/comment-faire-pour-qu-achraf-hakimi-et-ousmane-dembele-rivaux-pour-le-ballon-d-or-restent-amis_253504.html\" rel=\"nofollow noopener\" target=\"_blank\">priv\u00e9 de Demb\u00e9l\u00e9 <\/a>pour six \u00e0 huit semaines et de Dou\u00e9 pour quatre semaines environ, demande \u00ab\u00a0urgemment un nouveau protocole (&#8230;) plus transparent et collaboratif\u00a0\u00bb autour de \u00ab\u00a0la sant\u00e9 des joueurs\u00a0\u00bb, a-t-il annonc\u00e9 ce dimanche 7\u00a0septembre.<\/p>\n<p class=\"asset asset-text\">Le club champion d\u2019Europe a assur\u00e9 qu\u2019il \u00ab\u00a0avait transmis<a href=\"https:\/\/www.huffingtonpost.fr\/sport\/article\/legislatives-2024-la-fff-laisse-les-bleus-s-exprimer-sur-les-elections-anticipees-mais_235552.html\" rel=\"nofollow noopener\" target=\"_blank\"> \u00e0 la FFF <\/a>des \u00e9l\u00e9ments m\u00e9dicaux concrets, avant m\u00eame le d\u00e9but du rassemblement de l\u2019\u00e9quipe de France, sur la charge de travail supportable et les risques de blessures de ses joueurs\u00a0\u00bb.<\/p>\n<p>    Des incidents \u00ab\u00a0graves et \u00e9vitables\u00a0\u00bb    <\/p>\n<p class=\"asset asset-text\">Le PSG \u00ab\u00a0d\u00e9plore que ces recommandations m\u00e9dicales n\u2019aient pas \u00e9t\u00e9 prises en compte par le staff m\u00e9dical\u00a0\u00bb ainsi que \u00ab\u00a0l\u2019absence totale de sollicitation et de concertation avec ses \u00e9quipes m\u00e9dicales\u00a0\u00bb.<\/p>\n<p class=\"asset asset-text\">Si le club de Luis Enrique \u00ab\u00a0tient \u00e0 r\u00e9affirmer son attachement \u00e0 (&#8230;) l\u2019\u00e9quipe de France\u00a0\u00bb, il \u00ab\u00a0souhaite\u00a0\u00bb que ces incidents \u00ab\u00a0graves et \u00e9vitables\u00a0\u00bb servent de d\u00e9clic pour garantir \u00ab\u00a0des \u00e9changes syst\u00e9matiques, document\u00e9s et r\u00e9ciproques entre les staffs m\u00e9dicaux des clubs et de la s\u00e9lection\u00a0\u00bb. Le club demande enfin le respect d\u2019un \u00ab\u00a0principe de pr\u00e9caution renforc\u00e9 dans la convocation et l\u2019utilisation des joueurs\u00a0\u00bb, notamment quand ils reviennent de blessure.<\/p>\n<p class=\"asset asset-text\">Ce lien, \u00ab\u00a0on l\u2019a toujours eu avec tous les clubs, on conna\u00eet \u00e9videmment la situation des joueurs, a r\u00e9pondu Didier Deschamps dimanche dans T\u00e9l\u00e9foot sur TF1. On a toujours fait les choses avec beaucoup de s\u00e9rieux et de professionnalisme\u00a0\u00bb.<\/p>\n<p>    \u00ab\u00a0Le risque z\u00e9ro n\u2019existe pas\u00a0\u00bb    <\/p>\n<p class=\"asset asset-text\">Le s\u00e9lectionneur \u00ab\u00a0comprend\u00a0\u00bb la col\u00e8re du PSG. \u00ab\u00a0Si j\u2019\u00e9tais en club j\u2019aurais le m\u00eame ressenti\u00a0\u00bb, a-t-il expliqu\u00e9, mais il a rappel\u00e9 que \u00ab\u00a0le risque z\u00e9ro n\u2019existe pas. Si vous laissez les joueurs sur le banc, vous ne prenez pas de risques\u2026\u00a0\u00bb<\/p>\n<p class=\"asset asset-text\">Pour montrer que les Bleus tiennent compte des avis des clubs, Deschamps a pris l\u2019exemple de William Saliba et Rayane Cherki, dont respectivement Arsenal et Manchester City avaient annonc\u00e9 les blessures. \u00ab\u00a0Le protocole pr\u00e9voit qu\u2019ils doivent faire venir acter leur blessure le lundi matin\u00a0\u00bb \u00e0 Clairefontaine au d\u00e9but de rassemblement, mais \u00ab\u00a0je ne les fais pas venir\u00a0\u00bb, a expliqu\u00e9 DD.<\/p>\n<p class=\"asset asset-text\">Il a \u00e9galement insist\u00e9 sur \u00ab\u00a0le ressenti du joueur, qui est tr\u00e8s important\u00a0\u00bb, pour assurer que si Demb\u00e9l\u00e9 a jou\u00e9 contre l\u2019Ukraine c\u2019est qu\u2019il se sentait pr\u00eat.<\/p>\n<p class=\"asset asset-text\">Entr\u00e9 en jeu lors de la victoire des Bleus face \u00e0 l\u2019Ukraine vendredi (2-0) pour le d\u00e9but des qualifications au Mondial-2026, Demb\u00e9l\u00e9\u00a0souffre d\u2019une d\u00e9chirure aux ischio-jambiers de la cuisse droite. Il \u00e9tait entr\u00e9 \u00e0 la pause \u00e0 la place de Dou\u00e9, touch\u00e9 au mollet droit. Les deux joueurs ont quitt\u00e9 le rassemblement des Bleus et Kingsley Coman a \u00e9t\u00e9 appel\u00e9 en renfort pour les remplacer.<\/p>\n","protected":false},"excerpt":{"rendered":"FRED TANNEAU \/ AFP Tripl\u00e9 la semaine derni\u00e8re, doubl\u00e9 ce mardi soir. Ousmane Demb\u00e9l\u00e9 a encore port\u00e9 le&hellip;\n","protected":false},"author":2,"featured_media":373117,"comment_status":"","ping_status":"","sticky":false,"template":"","format":"standard","meta":{"footnotes":""},"categories":[2],"tags":[11,85,63,1011,27,12,2782,2332,517],"class_list":{"0":"post-373116","1":"post","2":"type-post","3":"status-publish","4":"format-standard","5":"has-post-thumbnail","7":"category-actualites","8":"tag-actualites","9":"tag-fff","10":"tag-football","11":"tag-fr","12":"tag-france","13":"tag-news","14":"tag-ousmane-dembele","15":"tag-paris-saint-germain-psg","16":"tag-sport"},"share_on_mastodon":{"url":"https:\/\/pubeurope.com\/@fr\/115163431177108509","error":""},"_links":{"self":[{"href":"https:\/\/www.europesays.com\/fr\/wp-json\/wp\/v2\/posts\/373116","targetHints":{"allow":["GET"]}}],"collection":[{"href":"https:\/\/www.europesays.com\/fr\/wp-json\/wp\/v2\/posts"}],"about":[{"href":"https:\/\/www.europesays.com\/fr\/wp-json\/wp\/v2\/types\/post"}],"author":[{"embeddable":true,"href":"https:\/\/www.europesays.com\/fr\/wp-json\/wp\/v2\/users\/2"}],"replies":[{"embeddable":true,"href":"https:\/\/www.europesays.com\/fr\/wp-json\/wp\/v2\/comments?post=373116"}],"version-history":[{"count":0,"href":"https:\/\/www.europesays.com\/fr\/wp-json\/wp\/v2\/posts\/373116\/revisions"}],"wp:featuredmedia":[{"embeddable":true,"href":"https:\/\/www.europesays.com\/fr\/wp-json\/wp\/v2\/media\/373117"}],"wp:attachment":[{"href":"https:\/\/www.europesays.com\/fr\/wp-json\/wp\/v2\/media?parent=373116"}],"wp:term":[{"taxonomy":"category","embeddable":true,"href":"https:\/\/www.europesays.com\/fr\/wp-json\/wp\/v2\/categories?post=373116"},{"taxonomy":"post_tag","embeddable":true,"href":"https:\/\/www.europesays.com\/fr\/wp-json\/wp\/v2\/tags?post=373116"}],"curies":[{"name":"wp","href":"https:\/\/api.w.org\/{rel}","templated":true}]}}