{"id":373118,"date":"2025-09-07T14:15:27","date_gmt":"2025-09-07T14:15:27","guid":{"rendered":"https:\/\/www.europesays.com\/fr\/373118\/"},"modified":"2025-09-07T14:15:27","modified_gmt":"2025-09-07T14:15:27","slug":"une-excellente-operation-bouclee-par-kilmer-sports-a-letranger","status":"publish","type":"post","link":"https:\/\/www.europesays.com\/fr\/373118\/","title":{"rendered":"Une excellente op\u00e9ration boucl\u00e9e par Kilmer Sports \u00e0 l&rsquo;\u00e9tranger"},"content":{"rendered":"<p>                                            Publi\u00e9 le 07\/09\/2025 \u00e0 08h46<br \/>\n                                                                                3 minutes de lecture\n                                                                    <\/p>\n<p>F\u00e9ru de sport et plus particuli\u00e8rement de ballon rond depuis ma plus tendre enfance.<\/p>\n<p>                                            Lire la suite<\/p>\n<p>L\u00a0\u00bbAS Saint-\u00c9tienne vient de boucler une op\u00e9ration particuli\u00e8rement astucieuse sur le march\u00e9 des transferts en c\u00e9dant <strong>Benjamin Bouchouari<\/strong> au club turc de Trabzonspor. Cette transaction, \u00e9valu\u00e9e \u00e0 <strong>4 millions d&rsquo;euros<\/strong>, illustre parfaitement la capacit\u00e9 du club lig\u00e9rien \u00e0 transformer une contrainte m\u00e9dicale en opportunit\u00e9 financi\u00e8re. Le milieu de terrain marocain, arriv\u00e9 dans le Forez en <strong>2022<\/strong>, \u00e9tait devenu un \u00e9l\u00e9ment appr\u00e9ci\u00e9 pour son dynamisme et son volume de jeu consid\u00e9rable. Cependant, sa blessure au dos, diagnostiqu\u00e9e comme une spondylolyse, compromettait s\u00e9rieusement sa disponibilit\u00e9 pour les mois \u00e0 venir. Cette fracture de stress vert\u00e9brale n\u00e9cessite en effet une convalescence particuli\u00e8rement d\u00e9licate et prolong\u00e9e. Dans ce contexte, le pr\u00e9sident <strong>Ivan Gazidis<\/strong> et son \u00e9quipe dirigeante ont su saisir l&rsquo;opportunit\u00e9 offerte par l&rsquo;int\u00e9r\u00eat turc pour r\u00e9aliser une vente strat\u00e9gique qui soulage \u00e0 la fois les finances du club et la gestion de l&rsquo;effectif.<\/p>\n<p>                                <img decoding=\"async\" src=\"https:\/\/www.europesays.com\/fr\/wp-content\/uploads\/2025\/04\/1744123449_543_logo.png\" alt=\"Logo\"\/><\/p>\n<p>100\u20ac offerts sur ton 1er pari !<\/p>\n<p>                            <a href=\"https:\/\/bit.ly\/4j5wl4k\" class=\"headband-button\" rel=\"nofollow noopener\" target=\"_blank\">J&rsquo;en profite<\/a><\/p>\n<p>                                                                <img loading=\"lazy\" decoding=\"async\" src=\"https:\/\/www.europesays.com\/fr\/wp-content\/uploads\/2025\/09\/asse-une-excellente-operation-bouclee-par-kilmer-sports-a-l-etranger.jpg\" alt=\"Illustration : &quot;ASSE : Une excellente op\u00e9ration boucl\u00e9e par Kilmer Sports \u00e0 l'\u00e9tranger&quot;\" class=\"figure-img img-fluid\" width=\"780\" height=\"478\"\/><\/p>\n<p>                                    \u00a9 Site officiel de l&rsquo;ASSE                                <\/p>\n<p>Une transaction financi\u00e8re opportune pour les Verts<\/p>\n<p>Le transfert de Bouchouari vers Trabzonspor repr\u00e9sente bien plus qu&rsquo;une simple vente pour l&rsquo;ASSE. Avec <strong>4 millions d&rsquo;euros<\/strong> qui viennent garnir les caisses st\u00e9phanoises, cette op\u00e9ration offre une bouff\u00e9e d&rsquo;oxyg\u00e8ne financi\u00e8re non n\u00e9gligeable pour un club qui doit composer avec les r\u00e9alit\u00e9s \u00e9conomiques du football moderne. L&rsquo;aspect le plus remarquable de cette transaction r\u00e9side dans le timing parfait de sa r\u00e9alisation. En effet, c\u00e9der un joueur bless\u00e9 pour une telle somme t\u00e9moigne d&rsquo;un travail de n\u00e9gociation particuli\u00e8rement efficace de la part des dirigeants lig\u00e9riens. Cette rentr\u00e9e d&rsquo;argent permettra potentiellement de r\u00e9investir sur le march\u00e9 des transferts, notamment pour recruter un profil imm\u00e9diatement op\u00e9rationnel qui pourra compenser l&rsquo;absence du Marocain. La strat\u00e9gie adopt\u00e9e par Gazidis s&rsquo;av\u00e8re donc doublement payante : elle g\u00e9n\u00e8re des liquidit\u00e9s tout en \u00e9vitant de conserver un joueur indisponible pendant plusieurs mois.<\/p>\n<p>Le pari m\u00e9dical assum\u00e9 par Trabzonspor<\/p>\n<p>Du c\u00f4t\u00e9 turc, Trabzonspor a fait le choix d&rsquo;assumer pleinement les risques li\u00e9s \u00e0 l&rsquo;\u00e9tat de sant\u00e9 de Bouchouari. Le directeur sportif <strong>Fatih Tekke<\/strong> s&rsquo;est montr\u00e9 d&rsquo;une transparence remarquable lors de sa prise de parole publique, d\u00e9clarant : \u00ab\u00a0J&rsquo;ai personnellement pris le risque pour Benjamin Bouchouari. Il faudra encore un mois \u00e0 un mois et demi de pr\u00e9paration. Sans sa blessure, nous n&rsquo;aurions pas pu l&rsquo;acheter \u00e0 ce prix.\u00a0\u00bb Ces propos r\u00e9v\u00e8lent la strat\u00e9gie du club turc qui mise sur le potentiel \u00e0 long terme du joueur marocain. Trabzonspor a clairement identifi\u00e9 une opportunit\u00e9 de march\u00e9, conscient que le prix de transfert \u00e9tait directement impact\u00e9 par la situation m\u00e9dicale du joueur. Cette approche t\u00e9moigne d&rsquo;une vision \u00e0 moyen terme, le club turc \u00e9tant pr\u00eat \u00e0 patienter pour b\u00e9n\u00e9ficier des qualit\u00e9s reconnues de Bouchouari une fois sa gu\u00e9rison compl\u00e8te.<\/p>\n<p>Une absence prolong\u00e9e qui compliquait la donne st\u00e9phanoise<\/p>\n<p>La spondylolyse dont souffre Bouchouari repr\u00e9sentait un v\u00e9ritable casse-t\u00eate pour l&rsquo;encadrement st\u00e9phanois. Cette pathologie, caract\u00e9ris\u00e9e par une fracture de stress vert\u00e9brale, impose une convalescence dont la dur\u00e9e peut consid\u00e9rablement varier selon la gravit\u00e9 du cas. Dans les scenarios les plus optimistes, la gu\u00e9rison s&rsquo;\u00e9tend sur <strong>deux \u00e0 trois mois<\/strong>, mais elle peut atteindre <strong>six mois<\/strong> dans les formes les plus s\u00e9v\u00e8res. Pour l&rsquo;ASSE, cela signifiait concr\u00e8tement que son milieu de terrain n&rsquo;aurait probablement pas pu reprendre la comp\u00e9tition avant <strong>fin octobre ou d\u00e9but novembre<\/strong>. Une telle absence repr\u00e9sentait un handicap majeur pour un joueur consid\u00e9r\u00e9 comme central dans le dispositif tactique des Verts. En se s\u00e9parant de Bouchouari, le club lig\u00e9rien \u00e9vite ainsi de devoir g\u00e9rer un effectif amput\u00e9 d&rsquo;un \u00e9l\u00e9ment important pendant une p\u00e9riode cruciale de la saison.<\/p>\n<p>Tenue en \u00e9chec face \u00e0 Grenoble, l\u2019ASSE continue d\u2019occuper la premi\u00e8re place de L2 \u00e0 la tr\u00eave internationale. Pour cette saison 2025-2026, profitez de 100\u20ac offerts pour votre premi\u00e8re inscription sur Parions Sport en Ligne. <a href=\"http:\/\/bit.ly\/4hgs1yE\" rel=\"nofollow noopener\" target=\"_blank\"><strong>L\u2019ASSE championne de Ligue 2 \u00e0 l\u2019issue de la saison ? Pariez sur le sacre des Verts en Ligue 2 vous rapporte jusqu\u2019\u00e0 285\u20ac !<\/strong><\/a><\/p>\n<p><strong>Pour en profiter, c\u2019est tr\u00e8s simple :<\/strong><\/p>\n<p>&#8211;                  Cr\u00e9ez votre compte joueur en seulement 2 \u00e9tapes <a href=\"http:\/\/bit.ly\/4hgs1yE\" rel=\"nofollow noopener\" target=\"_blank\"><strong>ici<\/strong><\/a><\/p>\n<p>&#8211;                  R\u00e9alisez votre 1er d\u00e9p\u00f4t puis placez votre 1er pari (Minimum 5\u20ac)<\/p>\n<p>&#8211;                  Une fois votre 1er d\u00e9p\u00f4t et votre 1er pari r\u00e9alis\u00e9s, l\u2019int\u00e9gralit\u00e9 du montant de ce 1er pari sera cr\u00e9dit\u00e9e sur votre compte joueur dans la limite de 100\u20ac maximum et sous la forme de cr\u00e9dits de jeu non retirables. Le cr\u00e9dit s\u2019effectuera alors en une seule \u00e9tape et sous 3 jours<\/p>\n<p>Jouer comporte des risques : endettement, d\u00e9pendance\u2026 Appelez le 09 74 75 13 13 (appel non surtax\u00e9)<\/p>\n","protected":false},"excerpt":{"rendered":"Publi\u00e9 le 07\/09\/2025 \u00e0 08h46 3 minutes de lecture F\u00e9ru de sport et plus particuli\u00e8rement de ballon rond&hellip;\n","protected":false},"author":2,"featured_media":373119,"comment_status":"","ping_status":"","sticky":false,"template":"","format":"standard","meta":{"footnotes":""},"categories":[9653],"tags":[1111,11,2430,1777,674,1011,27,12,25,4001],"class_list":{"0":"post-373118","1":"post","2":"type-post","3":"status-publish","4":"format-standard","5":"has-post-thumbnail","7":"category-saint-etienne","8":"tag-actu","9":"tag-actualites","10":"tag-auvergne-rhone-alpes","11":"tag-eu","12":"tag-europe","13":"tag-fr","14":"tag-france","15":"tag-news","16":"tag-republique-francaise","17":"tag-saint-etienne"},"share_on_mastodon":{"url":"https:\/\/pubeurope.com\/@fr\/115163439087527426","error":""},"_links":{"self":[{"href":"https:\/\/www.europesays.com\/fr\/wp-json\/wp\/v2\/posts\/373118","targetHints":{"allow":["GET"]}}],"collection":[{"href":"https:\/\/www.europesays.com\/fr\/wp-json\/wp\/v2\/posts"}],"about":[{"href":"https:\/\/www.europesays.com\/fr\/wp-json\/wp\/v2\/types\/post"}],"author":[{"embeddable":true,"href":"https:\/\/www.europesays.com\/fr\/wp-json\/wp\/v2\/users\/2"}],"replies":[{"embeddable":true,"href":"https:\/\/www.europesays.com\/fr\/wp-json\/wp\/v2\/comments?post=373118"}],"version-history":[{"count":0,"href":"https:\/\/www.europesays.com\/fr\/wp-json\/wp\/v2\/posts\/373118\/revisions"}],"wp:featuredmedia":[{"embeddable":true,"href":"https:\/\/www.europesays.com\/fr\/wp-json\/wp\/v2\/media\/373119"}],"wp:attachment":[{"href":"https:\/\/www.europesays.com\/fr\/wp-json\/wp\/v2\/media?parent=373118"}],"wp:term":[{"taxonomy":"category","embeddable":true,"href":"https:\/\/www.europesays.com\/fr\/wp-json\/wp\/v2\/categories?post=373118"},{"taxonomy":"post_tag","embeddable":true,"href":"https:\/\/www.europesays.com\/fr\/wp-json\/wp\/v2\/tags?post=373118"}],"curies":[{"name":"wp","href":"https:\/\/api.w.org\/{rel}","templated":true}]}}