{"id":373120,"date":"2025-09-07T14:18:13","date_gmt":"2025-09-07T14:18:13","guid":{"rendered":"https:\/\/www.europesays.com\/fr\/373120\/"},"modified":"2025-09-07T14:18:13","modified_gmt":"2025-09-07T14:18:13","slug":"necrologie-deces-de-pierre-valck","status":"publish","type":"post","link":"https:\/\/www.europesays.com\/fr\/373120\/","title":{"rendered":"N\u00e9crologie. D\u00e9c\u00e8s de Pierre Valck"},"content":{"rendered":"<p>C\u2019est avec tristesse que nous avons appris le d\u00e9c\u00e8s de Pierre Valck, survenu samedi, dans sa 95e ann\u00e9e. Pierre Valck avait consacr\u00e9 sa vie \u00e0 l\u2019\u00e9tude et \u00e0 la pr\u00e9servation des plantes de tous horizons, laissant une empreinte durable sur le territoire Grand Nanc\u00e9ien.<\/p>\n<p>Il na\u00eet le 10\u00a0octobre 1930 \u00e0 Nancy, o\u00f9 il passe toute sa jeunesse. Apr\u00e8s guerre, il fut l\u2019un des premiers \u00e0 int\u00e9grer l\u2019\u00c9cole d\u2019horticulture et de paysage de Roville-aux-Ch\u00eanes, dont il deviendra un membre actif du conseil d\u2019administration. Mais sa passion pour le monde des v\u00e9g\u00e9taux prend v\u00e9ritablement corps, lorsqu\u2019il prend, \u00e0 la fin des ann\u00e9es 50, la direction de la Villa des C\u00e8dres, \u00e0 Saint-Jean-Cap-Ferrat, \u00e0 la demande de la famille Marnier-Lapostolle, dont le jardin botanique d\u2019exception est aujourd\u2019hui reconnu par nombre de botanistes.<\/p>\n<p>  Exposition d\u2019orchid\u00e9es<\/p>\n<p>Nanc\u00e9ien de souche et de c\u0153ur, il revient n\u00e9anmoins quelques ann\u00e9es plus tard \u00e0 Nancy, o\u00f9 il est embauch\u00e9 par la Ville. Ses comp\u00e9tences sont vite remarqu\u00e9es. Il prend la direction du jardin botanique Sainte-Catherine (aujourd\u2019hui jardin Dominique Alexandre Godron), puis des jardins botaniques Jean-Marie Pelt, et du jardin d\u2019altitude du Haut-Chitelet, dont il est l\u2019un des fondateurs.<\/p>\n<p>D\u00e8s lors, cet homme entreprenant et dynamique multiplie les initiatives, qui contribueront \u00e0 faire rayonner Nancy bien au-del\u00e0 de ses fronti\u00e8res.<\/p>\n<p>Administrateur du secr\u00e9tariat mondial des jardins botaniques pour la conservation de Londres, co-cr\u00e9ateur du jardin botanique de San Jos\u00e9 au Costa Rica, il fut aussi pr\u00e9sident de la soci\u00e9t\u00e9 d\u2019horticulture de Nancy, et de la soci\u00e9t\u00e9 nationale du m\u00eame nom. L\u2019exposition internationale d\u2019orchid\u00e9es, qu\u2019il organise, en 1987 \u00e0 Nancy, fait encore date.<\/p>\n<p>On lui doit aussi (entre autres) la cr\u00e9ation de la f\u00eate des plantes de Gerb\u00e9viller, et du prix \u00c9mile-Gall\u00e9, d\u00e9cern\u00e9 chaque ann\u00e9e, \u00e0 l\u2019approche du Livre sur la Place. \u00c9mile Gall\u00e9 \u00e0 qui il vouait une admiration sans borne, et qui fut au centre de nombre de ses conf\u00e9rences.<\/p>\n<p>Mari\u00e9 \u00e0 Michelle en 1958, Pierre Valck avait eu la joie d\u2019accueillir deux fils, Pierre Fran\u00e7ois et Dominique, et quatre petits-enfants.<\/p>\n<p>Nos condol\u00e9ances.<\/p>\n","protected":false},"excerpt":{"rendered":"C\u2019est avec tristesse que nous avons appris le d\u00e9c\u00e8s de Pierre Valck, survenu samedi, dans sa 95e ann\u00e9e.&hellip;\n","protected":false},"author":2,"featured_media":373121,"comment_status":"","ping_status":"","sticky":false,"template":"","format":"standard","meta":{"footnotes":""},"categories":[9635],"tags":[1111,11,9223,1704,436,1777,674,1011,27,775,1702,1703,1391,12,25,104],"class_list":{"0":"post-373120","1":"post","2":"type-post","3":"status-publish","4":"format-standard","5":"has-post-thumbnail","7":"category-nancy","8":"tag-actu","9":"tag-actualites","10":"tag-carnet-du-jour","11":"tag-edition-nancy-et-agglomeration","12":"tag-environnement","13":"tag-eu","14":"tag-europe","15":"tag-fr","16":"tag-france","17":"tag-grand-est","18":"tag-nancy","19":"tag-nancy-ville-54b","20":"tag-necrologie","21":"tag-news","22":"tag-republique-francaise","23":"tag-societe"},"share_on_mastodon":{"url":"https:\/\/pubeurope.com\/@fr\/115163450801235106","error":""},"_links":{"self":[{"href":"https:\/\/www.europesays.com\/fr\/wp-json\/wp\/v2\/posts\/373120","targetHints":{"allow":["GET"]}}],"collection":[{"href":"https:\/\/www.europesays.com\/fr\/wp-json\/wp\/v2\/posts"}],"about":[{"href":"https:\/\/www.europesays.com\/fr\/wp-json\/wp\/v2\/types\/post"}],"author":[{"embeddable":true,"href":"https:\/\/www.europesays.com\/fr\/wp-json\/wp\/v2\/users\/2"}],"replies":[{"embeddable":true,"href":"https:\/\/www.europesays.com\/fr\/wp-json\/wp\/v2\/comments?post=373120"}],"version-history":[{"count":0,"href":"https:\/\/www.europesays.com\/fr\/wp-json\/wp\/v2\/posts\/373120\/revisions"}],"wp:featuredmedia":[{"embeddable":true,"href":"https:\/\/www.europesays.com\/fr\/wp-json\/wp\/v2\/media\/373121"}],"wp:attachment":[{"href":"https:\/\/www.europesays.com\/fr\/wp-json\/wp\/v2\/media?parent=373120"}],"wp:term":[{"taxonomy":"category","embeddable":true,"href":"https:\/\/www.europesays.com\/fr\/wp-json\/wp\/v2\/categories?post=373120"},{"taxonomy":"post_tag","embeddable":true,"href":"https:\/\/www.europesays.com\/fr\/wp-json\/wp\/v2\/tags?post=373120"}],"curies":[{"name":"wp","href":"https:\/\/api.w.org\/{rel}","templated":true}]}}