{"id":373126,"date":"2025-09-07T14:21:09","date_gmt":"2025-09-07T14:21:09","guid":{"rendered":"https:\/\/www.europesays.com\/fr\/373126\/"},"modified":"2025-09-07T14:21:09","modified_gmt":"2025-09-07T14:21:09","slug":"montpellier-8eme-ville-la-plus-instagrammable-de-france","status":"publish","type":"post","link":"https:\/\/www.europesays.com\/fr\/373126\/","title":{"rendered":"Montpellier, 8\u00e8me ville la plus instagrammable de France"},"content":{"rendered":"<p>En 2025, un classement a mis en lumi\u00e8re ces destinations qui allient charme, richesse culturelle et popularit\u00e9 num\u00e9rique. <b>Montpellier se classe \u00e0 la 8e place<\/b> de ce palmar\u00e8s, confirmant son statut de destination de choix pour les cr\u00e9ateurs de contenu et les amateurs de belles photos.<\/p>\n<p>310 jours de soleil, 414 000 mentions Instagram<\/p>\n<p>Si vous \u00eates \u00e0 la recherche de votre prochaine inspiration pour l\u2019\u00e9t\u00e9, la \u00ab\u00a0Surdou\u00e9e\u00a0\u00bb a tout pour plaire. Son architecture audacieuse, son climat ensoleill\u00e9 et sa vie urbaine vibrante en font un terrain de jeu id\u00e9al pour un album photo r\u00e9ussi.<\/p>\n<p>Voici les cinq lieux les plus populaires de Montpellier qui font sensation sur Instagram et TikTok, avec leurs hashtags d\u00e9di\u00e9s :<\/p>\n<ol start=\"1\">\n<li><b>Place de la Com\u00e9die<\/b> : Le c\u0153ur de Montpellier, cette place embl\u00e9matique est domin\u00e9e par la fontaine des Trois Gr\u00e2ces et l\u2019Op\u00e9ra Com\u00e9die. C\u2019est l\u2019endroit parfait pour capturer l\u2019effervescence de la ville. Pensez \u00e0 utiliser le hashtag <b>#placedelacomedie<\/b>.<\/li>\n<li><b>Le Peyrou<\/b> : Avec son arc de triomphe et son ch\u00e2teau d\u2019eau majestueux, ce lieu offre un panorama exceptionnel sur les environs. C\u2019est un spot pris\u00e9 pour les photos de coucher de soleil. Ajoutez <b>#peyroumontpellier<\/b> \u00e0 vos publications.<\/li>\n<li><b>Jardin des plantes<\/b> : Le plus ancien jardin botanique de France est une oasis de verdure en plein centre-ville. C\u2019est le lieu id\u00e9al pour des photos plus naturelles et apaisantes. N\u2019oubliez pas le hashtag <b>#jardindesplantesmontpellier<\/b>.<\/li>\n<li><b>Arc de Triomphe<\/b> : Inspir\u00e9 de son homologue parisien, cet arc majestueux marque l\u2019entr\u00e9e du Peyrou. Il offre un cadre historique et photog\u00e9nique, parfait pour des clich\u00e9s uniques. Utilisez <b>#arcdetriomphemontpellier<\/b>.<\/li>\n<li><b>Arbre Blanc et Antigone<\/b> : Ces deux chefs-d\u2019\u0153uvre de l\u2019architecture moderne sont incontournables. L\u2019<b>Arbre Blanc<\/b>avec ses balcons futuristes, et le quartier <b>Antigone<\/b> avec ses perspectives monumentales, offrent un contraste saisissant avec le centre historique. Hashtags \u00e0 retenir : <b>#arbreblancmontpellier<\/b> et <b>#antigonemontpellier<\/b>.<\/li>\n<\/ol>\n<p>Que vous soyez passionn\u00e9 d\u2019histoire, de design contemporain ou simplement \u00e0 la recherche d\u2019une ambiance unique, Montpellier a tout ce qu\u2019il faut pour inspirer votre prochain clich\u00e9.<\/p>\n<p>Ce classement met en lumi\u00e8re les villes fran\u00e7aises les plus dynamiques en 2025, en croisant trois dimensions : pr\u00e9sence sur les r\u00e9seaux sociaux, climat, et richesse de l\u2019offre culturelle et gastronomique.<\/p>\n<p>Avignon, Perpignan et Paris sont dans le Top 3<\/p>\n<p>Le classement <a href=\"https:\/\/www.faireparterie.fr\/magazine\/general\/palmares-villes-francaises-attractives-2025\" target=\"_blank\" rel=\"noopener nofollow\">ici<\/a><\/p>\n","protected":false},"excerpt":{"rendered":"En 2025, un classement a mis en lumi\u00e8re ces destinations qui allient charme, richesse culturelle et popularit\u00e9 num\u00e9rique.&hellip;\n","protected":false},"author":2,"featured_media":373127,"comment_status":"","ping_status":"","sticky":false,"template":"","format":"standard","meta":{"footnotes":""},"categories":[9599],"tags":[1111,11,1777,674,1011,27,2208,12,2680,25],"class_list":{"0":"post-373126","1":"post","2":"type-post","3":"status-publish","4":"format-standard","5":"has-post-thumbnail","7":"category-montpellier","8":"tag-actu","9":"tag-actualites","10":"tag-eu","11":"tag-europe","12":"tag-fr","13":"tag-france","14":"tag-montpellier","15":"tag-news","16":"tag-occitanie","17":"tag-republique-francaise"},"share_on_mastodon":{"url":"https:\/\/pubeurope.com\/@fr\/115163462595033896","error":""},"_links":{"self":[{"href":"https:\/\/www.europesays.com\/fr\/wp-json\/wp\/v2\/posts\/373126","targetHints":{"allow":["GET"]}}],"collection":[{"href":"https:\/\/www.europesays.com\/fr\/wp-json\/wp\/v2\/posts"}],"about":[{"href":"https:\/\/www.europesays.com\/fr\/wp-json\/wp\/v2\/types\/post"}],"author":[{"embeddable":true,"href":"https:\/\/www.europesays.com\/fr\/wp-json\/wp\/v2\/users\/2"}],"replies":[{"embeddable":true,"href":"https:\/\/www.europesays.com\/fr\/wp-json\/wp\/v2\/comments?post=373126"}],"version-history":[{"count":0,"href":"https:\/\/www.europesays.com\/fr\/wp-json\/wp\/v2\/posts\/373126\/revisions"}],"wp:featuredmedia":[{"embeddable":true,"href":"https:\/\/www.europesays.com\/fr\/wp-json\/wp\/v2\/media\/373127"}],"wp:attachment":[{"href":"https:\/\/www.europesays.com\/fr\/wp-json\/wp\/v2\/media?parent=373126"}],"wp:term":[{"taxonomy":"category","embeddable":true,"href":"https:\/\/www.europesays.com\/fr\/wp-json\/wp\/v2\/categories?post=373126"},{"taxonomy":"post_tag","embeddable":true,"href":"https:\/\/www.europesays.com\/fr\/wp-json\/wp\/v2\/tags?post=373126"}],"curies":[{"name":"wp","href":"https:\/\/api.w.org\/{rel}","templated":true}]}}