{"id":373133,"date":"2025-09-07T14:27:22","date_gmt":"2025-09-07T14:27:22","guid":{"rendered":"https:\/\/www.europesays.com\/fr\/373133\/"},"modified":"2025-09-07T14:27:22","modified_gmt":"2025-09-07T14:27:22","slug":"asse-bernauer-couteau-suisse","status":"publish","type":"post","link":"https:\/\/www.europesays.com\/fr\/373133\/","title":{"rendered":"ASSE : Bernauer, couteau suisse ?"},"content":{"rendered":"<p data-start=\"446\" data-end=\"712\"><strong data-start=\"446\" data-end=\"712\">Titulaire \u00e0 un poste inhabituel face \u00e0 Grenoble, <a href=\"https:\/\/peuple-vert.fr\/asse-actualite\/reactions\/reaction-maxime-bernauer-asse-grenoble\/\" rel=\"nofollow noopener\" target=\"_blank\">Maxime Bernauer<\/a> a disput\u00e9 l\u2019int\u00e9gralit\u00e9 de la rencontre en tant que lat\u00e9ral gauche. De retour de blessure, le d\u00e9fenseur st\u00e9phanois a pu faire son retour sur les pelouses de Ligue 2 ! Avant le match, il s&rsquo;est exprim\u00e9 sur son nouveau r\u00f4le.<\/strong><\/p>\n<p data-start=\"678\" data-end=\"990\">\u00c0 peine revenu de blessure, Maxime Bernauer a \u00e9t\u00e9 appel\u00e9 \u00e0 combler l\u2019absence d&rsquo;Ebenezer Annan sur le flanc gauche. Un poste inhabituel pour lui, mais qu\u2019il a accept\u00e9 sans rechigner. Avant la rencontre face \u00e0 Grenoble, il s\u2019\u00e9tait confi\u00e9 sans d\u00e9tours dans <a href=\"https:\/\/www.youtube.com\/watch?v=DeYSWVCeLCk&amp;t=706s\" target=\"_blank\" rel=\"noopener nofollow\">l&rsquo;Inside Match week<\/a>, affichant un \u00e9tat d\u2019esprit exemplaire :<\/p>\n<blockquote data-start=\"992\" data-end=\"1800\">\n<p data-start=\"994\" data-end=\"1489\">\u00ab Non, j&rsquo;ai d\u00e9j\u00e0 jou\u00e9 une mi-temps je pense \u00e0 gauche, mais c&rsquo;\u00e9tait pour d\u00e9panner parce qu&rsquo;on avait pris un rouge. Mais content de jouer ce match-l\u00e0, j&rsquo;\u00e9tais impatient de revenir. J&rsquo;ai dit au coach peu importe o\u00f9 il me mettra, moi je ferai le maximum pour aider l&rsquo;\u00e9quipe. Il se trouve qu&rsquo;aujourd&rsquo;hui il y a un besoin \u00e0 gauche et que je peux jouer \u00e0 gauche, donc je suis content. Je pr\u00e9f\u00e8re \u00eatre sur le terrain que sur le banc et ne pas jouer. Et j&rsquo;esp\u00e8re qu&rsquo;on va continuer sur notre belle s\u00e9rie. \u00bb<\/p>\n<\/blockquote>\n<p data-start=\"994\" data-end=\"1489\">Le joueur a \u00e9galement indiqu\u00e9 quel serait son r\u00f4le durant cette rencontre.<\/p>\n<blockquote data-start=\"992\" data-end=\"1800\">\n<p data-start=\"1494\" data-end=\"1800\">\u00ab On verra en fonction de la physionomie, et peut-\u00eatre un peu plus \u00e0 l&rsquo;int\u00e9rieur pour ne pas jouer comme un L\u00e9o Petrot. Mais je vais m&rsquo;adapter en fonction de mes qualit\u00e9s. Il y a Zuka (<a href=\"https:\/\/peuple-vert.fr\/joueurs\/zuriko-davitashvili\/\" rel=\"nofollow noopener\" target=\"_blank\">Davitashvili<\/a>) aussi qui sera sur le c\u00f4t\u00e9 donc on va pouvoir combiner. On va essayer de faire les choses bien. \u00bb<\/p>\n<\/blockquote>\n<p data-start=\"1802\" data-end=\"1988\">Des mots forts, qui montrent \u00e0 quel point Bernauer est un atout pr\u00e9cieux appr\u00e9ci\u00e9 pour sa polyvalence.<\/p>\n<p>Une prestation appliqu\u00e9e avec l&rsquo;ASSE, malgr\u00e9 la frustration<\/p>\n<p data-start=\"2047\" data-end=\"2318\">Align\u00e9 dans ce r\u00f4le peu habituel, Bernauer a livr\u00e9 une copie propre. Solide d\u00e9fensivement, il s\u2019est aussi projet\u00e9 par moments, cherchant \u00e0 combiner avec Zuka, comme annonc\u00e9. Mais le r\u00e9sultat final, un match nul frustrant (1-1), est venu temp\u00e9rer l\u2019enthousiasme collectif, notamment \u00e0 cause de l&rsquo;action menant au but grenoblois. Le d\u00e9fenseur de l&rsquo;ASSE n&rsquo;est pas parvenu \u00e0 emp\u00eacher le centre adverse.<\/p>\n<p data-start=\"2320\" data-end=\"2395\">Apr\u00e8s la rencontre, il a fait preuve de lucidit\u00e9 :<\/p>\n<blockquote data-start=\"2397\" data-end=\"2718\">\n<p data-start=\"2399\" data-end=\"2718\">\u00ab Beaucoup de frustration au vu de la physionomie. On avait la ma\u00eetrise sur ce match. On conna\u00eet ce championnat, on sait qu\u2019\u00e0 1-0 on n\u2019est pas \u00e0 l\u2019abris d\u2019en prendre un. Il va falloir tirer les le\u00e7ons de \u00e7a. Il y aura plusieurs matchs avec cette physionomie l\u00e0 et faudra qu\u2019on arrive \u00e0 tuer les matchs un peu plus t\u00f4t. \u00bb<\/p>\n<\/blockquote>\n<p>Conscient des difficult\u00e9s face \u00e0 des blocs bas, il insiste sur la n\u00e9cessit\u00e9 d\u2019apprendre et de progresser<\/p>\n<blockquote>\n<p data-start=\"2720\" data-end=\"3047\">\u00ab Ce n\u2019est pas \u00e9vident contre ces blocs bas. Ils \u00e9taient \u00e0 cinq derri\u00e8re aujourd\u2019hui, ce n\u2019est pas \u00e9vident. C\u2019\u00e9tait la m\u00eame chose \u00e0 Boulogne, il faut qu\u2019on se pr\u00e9pare \u00e0 \u00e7a aussi. Apr\u00e8s on reste invaincu mais c\u2019est dommage car ce soir on avait l\u2019occasion d\u2019\u00eatre seul leader avant la tr\u00eave. \u00bb<\/p>\n<\/blockquote>\n<p data-start=\"3617\" data-end=\"3902\">Toujours invaincue apr\u00e8s 4 journ\u00e9es, l\u2019ASSE peut s\u2019appuyer sur des profils comme celui de Bernauer pour continuer sa mont\u00e9e en puissance. Eirik Horneland le titularisera-t-il \u00e0 ce m\u00eame poste face \u00e0 Clermont ? R\u00e9ponse dans un peu plus d&rsquo;une semaine !<\/p>\n<blockquote class=\"twitter-tweet\" data-media-max-width=\"560\">\n<p dir=\"ltr\" lang=\"fr\">Lucide et motiv\u00e9, Maxime Bernauer d\u00e9couvre son r\u00f4le lors du dernier match ! \ud83d\udcaa<\/p>\n<p>Il est encore temps de revivre la semaine des Verts \u00e0 travers l&rsquo;\u00e9pisode d&rsquo;Inside Match Week !<br \/>\ud83d\udcfa\u27a1\ufe0f<a href=\"https:\/\/t.co\/iMaPfeXNEH\" rel=\"nofollow\">https:\/\/t.co\/iMaPfeXNEH<\/a> <a href=\"https:\/\/t.co\/GjyIxUcZDK\" rel=\"nofollow\">pic.twitter.com\/GjyIxUcZDK<\/a><\/p>\n<p>\u2014 AS Saint-\u00c9tienne (@ASSEofficiel) <a href=\"https:\/\/twitter.com\/ASSEofficiel\/status\/1963254023647031785?ref_src=twsrc%5Etfw\" rel=\"nofollow noopener\" target=\"_blank\">September 3, 2025<\/a><\/p>\n<\/blockquote>\n<p>\t\t\t\t\t\t\t\t\t\t\t\t\t\t\t\t\t<script async src=\"https:\/\/platform.twitter.com\/widgets.js\" charset=\"utf-8\"><\/script><\/p>\n","protected":false},"excerpt":{"rendered":"Titulaire \u00e0 un poste inhabituel face \u00e0 Grenoble, Maxime Bernauer a disput\u00e9 l\u2019int\u00e9gralit\u00e9 de la rencontre en tant&hellip;\n","protected":false},"author":2,"featured_media":373134,"comment_status":"","ping_status":"","sticky":false,"template":"","format":"standard","meta":{"footnotes":""},"categories":[9566],"tags":[1111,11,2430,1777,674,1011,27,2731,12,25],"class_list":{"0":"post-373133","1":"post","2":"type-post","3":"status-publish","4":"format-standard","5":"has-post-thumbnail","7":"category-grenoble","8":"tag-actu","9":"tag-actualites","10":"tag-auvergne-rhone-alpes","11":"tag-eu","12":"tag-europe","13":"tag-fr","14":"tag-france","15":"tag-grenoble","16":"tag-news","17":"tag-republique-francaise"},"share_on_mastodon":{"url":"https:\/\/pubeurope.com\/@fr\/115163486180717778","error":""},"_links":{"self":[{"href":"https:\/\/www.europesays.com\/fr\/wp-json\/wp\/v2\/posts\/373133","targetHints":{"allow":["GET"]}}],"collection":[{"href":"https:\/\/www.europesays.com\/fr\/wp-json\/wp\/v2\/posts"}],"about":[{"href":"https:\/\/www.europesays.com\/fr\/wp-json\/wp\/v2\/types\/post"}],"author":[{"embeddable":true,"href":"https:\/\/www.europesays.com\/fr\/wp-json\/wp\/v2\/users\/2"}],"replies":[{"embeddable":true,"href":"https:\/\/www.europesays.com\/fr\/wp-json\/wp\/v2\/comments?post=373133"}],"version-history":[{"count":0,"href":"https:\/\/www.europesays.com\/fr\/wp-json\/wp\/v2\/posts\/373133\/revisions"}],"wp:featuredmedia":[{"embeddable":true,"href":"https:\/\/www.europesays.com\/fr\/wp-json\/wp\/v2\/media\/373134"}],"wp:attachment":[{"href":"https:\/\/www.europesays.com\/fr\/wp-json\/wp\/v2\/media?parent=373133"}],"wp:term":[{"taxonomy":"category","embeddable":true,"href":"https:\/\/www.europesays.com\/fr\/wp-json\/wp\/v2\/categories?post=373133"},{"taxonomy":"post_tag","embeddable":true,"href":"https:\/\/www.europesays.com\/fr\/wp-json\/wp\/v2\/tags?post=373133"}],"curies":[{"name":"wp","href":"https:\/\/api.w.org\/{rel}","templated":true}]}}