{"id":373141,"date":"2025-09-07T14:35:12","date_gmt":"2025-09-07T14:35:12","guid":{"rendered":"https:\/\/www.europesays.com\/fr\/373141\/"},"modified":"2025-09-07T14:35:12","modified_gmt":"2025-09-07T14:35:12","slug":"nice-la-croix-du-boulevard-de-la-madeleine-arrachee","status":"publish","type":"post","link":"https:\/\/www.europesays.com\/fr\/373141\/","title":{"rendered":"Nice : la croix du boulevard de la Madeleine arrach\u00e9e"},"content":{"rendered":"<p>La croix en fer forg\u00e9 qui orne le haut du boulevard de la Madeleine \u00e0 Nice a \u00e9t\u00e9 arrach\u00e9e dans la nuit de samedi \u00e0 dimanche. Il s\u2019agit d\u2019un \u201cacte anti-religieux intol\u00e9rable\u201d pour le maire de Nice, Christian Estrosi.<\/p>\n<p>Cette croix en fer forg\u00e9 p\u00e8se tr\u00e8s lourd et \u00e9tait fix\u00e9e sur un socle \u00e0 un m\u00e8tre du sol : il a fallu s\u2019y mettre \u00e0 plusieurs pour l\u2019arracher\u2026<\/p>\n<blockquote class=\"twitter-tweet\">\n<p dir=\"ltr\" lang=\"fr\">La profanation, cette nuit, d\u2019une croix sur le boulevard de la Madeleine, est inacceptable. Le centre de supervision et notre r\u00e9seau de cam\u00e9ras sont mobilis\u00e9s. Tout sera mis en \u0153uvre pour traquer les auteurs de cet acte anti-religieux. Il est intol\u00e9rable de s\u2019en prendre aux\u2026<\/p>\n<p>\u2014 Christian Estrosi (@cestrosi) <a href=\"https:\/\/twitter.com\/cestrosi\/status\/1964597754967011331?ref_src=twsrc%5Etfw\" rel=\"nofollow noopener\" target=\"_blank\">September 7, 2025<\/a><\/p>\n<\/blockquote>\n<p>&#13;<br \/>\n\t\t\t\t Vues des publications: 145&#13;\n\t\t\t<\/p>\n<p><script async src=\"https:\/\/platform.twitter.com\/widgets.js\" charset=\"utf-8\"><\/script><\/p>\n","protected":false},"excerpt":{"rendered":"La croix en fer forg\u00e9 qui orne le haut du boulevard de la Madeleine \u00e0 Nice a \u00e9t\u00e9&hellip;\n","protected":false},"author":2,"featured_media":373142,"comment_status":"","ping_status":"","sticky":false,"template":"","format":"standard","meta":{"footnotes":""},"categories":[2819],"tags":[1111,11,1777,674,1011,27,12,2401,882,25],"class_list":{"0":"post-373141","1":"post","2":"type-post","3":"status-publish","4":"format-standard","5":"has-post-thumbnail","7":"category-nice","8":"tag-actu","9":"tag-actualites","10":"tag-eu","11":"tag-europe","12":"tag-fr","13":"tag-france","14":"tag-news","15":"tag-nice","16":"tag-provence-alpes-cote-dazur","17":"tag-republique-francaise"},"share_on_mastodon":{"url":"https:\/\/pubeurope.com\/@fr\/115163517638876246","error":""},"_links":{"self":[{"href":"https:\/\/www.europesays.com\/fr\/wp-json\/wp\/v2\/posts\/373141","targetHints":{"allow":["GET"]}}],"collection":[{"href":"https:\/\/www.europesays.com\/fr\/wp-json\/wp\/v2\/posts"}],"about":[{"href":"https:\/\/www.europesays.com\/fr\/wp-json\/wp\/v2\/types\/post"}],"author":[{"embeddable":true,"href":"https:\/\/www.europesays.com\/fr\/wp-json\/wp\/v2\/users\/2"}],"replies":[{"embeddable":true,"href":"https:\/\/www.europesays.com\/fr\/wp-json\/wp\/v2\/comments?post=373141"}],"version-history":[{"count":0,"href":"https:\/\/www.europesays.com\/fr\/wp-json\/wp\/v2\/posts\/373141\/revisions"}],"wp:featuredmedia":[{"embeddable":true,"href":"https:\/\/www.europesays.com\/fr\/wp-json\/wp\/v2\/media\/373142"}],"wp:attachment":[{"href":"https:\/\/www.europesays.com\/fr\/wp-json\/wp\/v2\/media?parent=373141"}],"wp:term":[{"taxonomy":"category","embeddable":true,"href":"https:\/\/www.europesays.com\/fr\/wp-json\/wp\/v2\/categories?post=373141"},{"taxonomy":"post_tag","embeddable":true,"href":"https:\/\/www.europesays.com\/fr\/wp-json\/wp\/v2\/tags?post=373141"}],"curies":[{"name":"wp","href":"https:\/\/api.w.org\/{rel}","templated":true}]}}