{"id":373143,"date":"2025-09-07T14:36:12","date_gmt":"2025-09-07T14:36:12","guid":{"rendered":"https:\/\/www.europesays.com\/fr\/373143\/"},"modified":"2025-09-07T14:36:12","modified_gmt":"2025-09-07T14:36:12","slug":"muganga-celui-qui-soigne-un-film-bouleversant-qui-eveille-les-consciences-au-katorza-a-quimper","status":"publish","type":"post","link":"https:\/\/www.europesays.com\/fr\/373143\/","title":{"rendered":"\u00ab\u00a0Muganga, celui qui soigne\u00a0\u00bb\u00a0: un film bouleversant qui \u00e9veille les consciences au Katorza \u00e0 Quimper"},"content":{"rendered":"<p>Vendredi 5 septembre, une salle presque comble du Cin\u00e9ma Le Katorza \u00e0 Quimper a eu le privil\u00e8ge de d\u00e9couvrir en avant-premi\u00e8re \u00ab\u00a0Muganga, celui qui soigne\u00a0\u00bb, un film poignant de la r\u00e9alisatrice et sc\u00e9nariste Marie-H\u00e9l\u00e8ne Roux. \u00c0 l\u2019issue de la projection, l\u2019\u00e9motion \u00e9tait palpable. Loin de laisser indiff\u00e9rents les spectateurs, le film a suscit\u00e9 une standing-ovation unanime. Un t\u00e9moignage fort, \u00e0 la fois bouleversant et inspirant, port\u00e9 par des acteurs d\u2019exception.<\/p>\n<p>Le film met en lumi\u00e8re l\u2019histoire de Denis Mukwege, m\u00e9decin congolais et prix Nobel de la Paix en 2018, incarn\u00e9 par Isaach de Bankol\u00e9, qui lutte contre les violences sexuelles inflig\u00e9es aux femmes dans son h\u00f4pital de Panzi, au Congo. Sa rencontre avec Guy-Bernard Cadi\u00e8re, un chirurgien belge jou\u00e9 par Vincent Macaigne, va redonner une nouvelle dimension \u00e0 son engagement. Ensemble, ils op\u00e8rent \u00e0 quatre mains pour redonner dignit\u00e9 et espoir aux femmes victimes de ces atrocit\u00e9s.<\/p>\n<p>Alerter sur une terrible r\u00e9alit\u00e9<\/p>\n<p>Le film soul\u00e8ve une probl\u00e9matique tragique\u00a0: le viol de milliers de femmes et d\u2019enfants en R\u00e9publique d\u00e9mocratique du Congo, utilis\u00e9 comme arme de guerre pour semer la terreur et contr\u00f4ler les ressources naturelles, notamment le Coltan, essentiel \u00e0 la fabrication de nos smartphones. Marie-H\u00e9l\u00e8ne Roux, en r\u00e9alisant ce film, souhaite alerter sur cette r\u00e9alit\u00e9 et inciter le public \u00e0 se mobiliser. Elle explique\u00a0: \u00ab\u00a0L\u00e0-bas, j\u2019ai vu le meilleur et le pire de l\u2019humanit\u00e9. C\u2019est \u00e0 nous tous de faire changer les choses en expliquant ce qui s\u2019y passe, en m\u00e9diatisant l\u2019histoire et l\u2019implication de ces deux m\u00e9decins et en incitant les pouvoirs politiques \u00e0 voter des lois.\u00a0\u00bb Prim\u00e9 \u00e0 trois reprises au Festival du film francophone d\u2019Angoul\u00eame, Muganga est un film puissant, n\u00e9cessaire et porteur d\u2019espoir.<\/p>\n","protected":false},"excerpt":{"rendered":"Vendredi 5 septembre, une salle presque comble du Cin\u00e9ma Le Katorza \u00e0 Quimper a eu le privil\u00e8ge de&hellip;\n","protected":false},"author":2,"featured_media":373144,"comment_status":"","ping_status":"","sticky":false,"template":"","format":"standard","meta":{"footnotes":""},"categories":[2818],"tags":[1111,11,1777,674,1011,27,766,12,2636,3319,25],"class_list":{"0":"post-373143","1":"post","2":"type-post","3":"status-publish","4":"format-standard","5":"has-post-thumbnail","7":"category-nantes","8":"tag-actu","9":"tag-actualites","10":"tag-eu","11":"tag-europe","12":"tag-fr","13":"tag-france","14":"tag-nantes","15":"tag-news","16":"tag-pays-de-la-loire","17":"tag-quimper","18":"tag-republique-francaise"},"share_on_mastodon":{"url":"https:\/\/pubeurope.com\/@fr\/115163521727097188","error":""},"_links":{"self":[{"href":"https:\/\/www.europesays.com\/fr\/wp-json\/wp\/v2\/posts\/373143","targetHints":{"allow":["GET"]}}],"collection":[{"href":"https:\/\/www.europesays.com\/fr\/wp-json\/wp\/v2\/posts"}],"about":[{"href":"https:\/\/www.europesays.com\/fr\/wp-json\/wp\/v2\/types\/post"}],"author":[{"embeddable":true,"href":"https:\/\/www.europesays.com\/fr\/wp-json\/wp\/v2\/users\/2"}],"replies":[{"embeddable":true,"href":"https:\/\/www.europesays.com\/fr\/wp-json\/wp\/v2\/comments?post=373143"}],"version-history":[{"count":0,"href":"https:\/\/www.europesays.com\/fr\/wp-json\/wp\/v2\/posts\/373143\/revisions"}],"wp:featuredmedia":[{"embeddable":true,"href":"https:\/\/www.europesays.com\/fr\/wp-json\/wp\/v2\/media\/373144"}],"wp:attachment":[{"href":"https:\/\/www.europesays.com\/fr\/wp-json\/wp\/v2\/media?parent=373143"}],"wp:term":[{"taxonomy":"category","embeddable":true,"href":"https:\/\/www.europesays.com\/fr\/wp-json\/wp\/v2\/categories?post=373143"},{"taxonomy":"post_tag","embeddable":true,"href":"https:\/\/www.europesays.com\/fr\/wp-json\/wp\/v2\/tags?post=373143"}],"curies":[{"name":"wp","href":"https:\/\/api.w.org\/{rel}","templated":true}]}}