{"id":373145,"date":"2025-09-07T14:37:13","date_gmt":"2025-09-07T14:37:13","guid":{"rendered":"https:\/\/www.europesays.com\/fr\/373145\/"},"modified":"2025-09-07T14:37:13","modified_gmt":"2025-09-07T14:37:13","slug":"elisabeth-exerce-le-metier-de-biographe-hospitaliere-a-nantes","status":"publish","type":"post","link":"https:\/\/www.europesays.com\/fr\/373145\/","title":{"rendered":"Elisabeth exerce le m\u00e9tier de biographe hospitali\u00e8re \u00e0 Nantes"},"content":{"rendered":"<p>            Par<br \/>\n        <strong><br \/>\n            <a href=\"https:\/\/actu.fr\/auteur\/thomas-bernard\" title=\"Consulter tous les articles de Thomas Bernard\" rel=\"nofollow noopener\" target=\"_blank\">Thomas Bernard<\/a><br \/>\n        <\/strong><\/p>\n<p>        Publi\u00e9 le<\/p>\n<p>            7 sept. 2025 \u00e0 16h32        <\/p>\n<p>Dictaphone et cahier \u00e0 la main, Elisabeth de Gentil-Baichis arpente les couloirs du service oncologie et de soins palliatifs du <a href=\"https:\/\/actu.fr\/tag\/chu-de-nantes\" rel=\"nofollow noopener\" target=\"_blank\">CHU de Nantes<\/a>. Elle ne porte pas la blouse blanche mais elle rencontre les patients de l\u2019h\u00f4pital. Elle ne prodigue pas de soins m\u00e9dicaux, elle est une oreille attentive. Son outil de travail n\u2019est pas le st\u00e9thoscope, le sien ce sont les mots. Elisabeth est <strong>biographe hospitali\u00e8re<\/strong>. La biographie hospitali\u00e8re permet \u00e0 une personne atteinte <strong>d\u2019une maladie grave de raconter son histoire \u00e0 un professionnel form\u00e9 et de recevoir gratuitement son r\u00e9cit<\/strong>. La biographie est propos\u00e9e \u00e0 des patients \u00ab\u2009o\u00f9 il n\u2019y a plus d\u2019espoir de gu\u00e9rison\u2009\u00bb. Un m\u00e9tier r\u00e9cent et peu connu qui apporte au-del\u00e0 des soins, un temps de transmission. D\u00e9couverte.<\/p>\n<p>Des salles de la classe \u00e0 la biographie<\/p>\n<p class=\" wall-content\">Peu connue du grand public, <strong>la profession de biographe hospitali\u00e8re a \u00e9t\u00e9 cr\u00e9\u00e9e en 2007<\/strong> par Val\u00e9rie Milewski, \u00e0 l\u2019h\u00f4pital de Chartres. Une vingtaine de <a href=\"https:\/\/actu.fr\/provence-alpes-cote-d-azur\/nice_06088\/fin-de-vie-cette-nicoise-accompagne-les-patients-en-redigeant-leur-biographie_62679688.html\" rel=\"nofollow noopener\" target=\"_blank\">biographes hospitaliers sont en exercice<\/a> dans des \u00e9tablissements de sant\u00e9 en France. Un dipl\u00f4me universitaire (DIU de biographie hospitali\u00e8re) a \u00e9t\u00e9 lanc\u00e9 lors de la rentr\u00e9e 2025 \u00e0 la Facult\u00e9 de M\u00e9decine et Ma\u00efeutique de <a href=\"https:\/\/actu.fr\/lille\/\" rel=\"nofollow noopener\" target=\"_blank\">Lille<\/a>, en partenariat avec l\u2019Universit\u00e9 de <a href=\"https:\/\/actu.fr\/grand-est\/strasbourg_67482\" rel=\"nofollow noopener\" target=\"_blank\">Strasbourg<\/a>.<\/p>\n<p class=\" wall-content\">Elisabeth fait partie de <a href=\"https:\/\/passeur-de-mots.fr\/\" rel=\"nofollow noopener\" target=\"_blank\">l\u2019association Passeurs de mots et d\u2019histoires<\/a>, fond\u00e9e en 2010. Une association qui a form\u00e9 <strong>une cinquantaine de biographes hospitaliers en France<\/strong>.<\/p>\n<p class=\" wall-content\">Institutrice en primaire pendant quatre ans, Elisabeth d\u00e9cide de changer de voie professionnelle apr\u00e8s \u00ab\u2009un \u00e9v\u00e9nement difficile dans sa vie\u2009\u00bb.<\/p>\n<blockquote class=\"ac-article-quote wall-content\">\n<p>D\u00e9poser quelque chose par \u00e9crit permettait que le fardeau soit moins lourd \u00e0 porter, j\u2019ai d\u00e9couvert les bienfaits de l\u2019\u00e9criture. C\u2019est ce qui m\u2019a donn\u00e9 envie d\u2019aller vers un m\u00e9tier tourn\u00e9 vers l\u2019\u00e9criture.<\/p>\n<p>    <strong>Elisabeth de Gentil-Baichis<\/strong><br \/>\n        Biographe hospitali\u00e8re \u00e0 Nantes    <\/p><\/blockquote>\n<p class=\" wall-content\">Elle laisse l\u2019animation des salles de classe pour vivre la solitude de l\u2019autrice, en \u00e9crivant des livres (deux ont \u00e9t\u00e9 \u00e9dit\u00e9s) puis en devenant biographe \u00e0 partir de 2020. Apr\u00e8s avoir suivi une formation en 2023, l\u2019\u00e9crivaine se sp\u00e9cialise dans la biographie hospitali\u00e8re.<\/p>\n<p class=\" wall-content\">\u00ab\u2009Pendant un an, j\u2019ai \u00e9t\u00e9 b\u00e9n\u00e9vole \u00e0 <a href=\"https:\/\/actu.fr\/pays-de-la-loire\/nantes_44109\/il-faut-que-la-vie-soit-partout-une-maison-de-soins-palliatifs-ouvrira-a-nantes-en-2022_46074058.html\" rel=\"nofollow noopener\" target=\"_blank\">la maison de Nicod\u00e8me<\/a> pour d\u00e9couvrir l\u2019accompagnement en soins palliatifs. Je voulais voir comment \u00e7a r\u00e9sonnait en moi, si j\u2019\u00e9tais \u00e0 l\u2019aise et si c\u2019\u00e9tait ce que je voulais. Ce qui \u00e9tait le cas\u2009\u00bb, explique la Parisienne d\u2019origine.<\/p>\n<p>Votre r\u00e9gion, votre actu !<\/p>\n<p>Recevez chaque jour les infos qui comptent pour vous.<\/p>\n<p>\t<a href=\"https:\/\/actu.fr\/newsletter\" class=\"ac-btn ac-btn--corner ac-btn--medium ac-btn--blue800\" rel=\"nofollow noopener\" target=\"_blank\">S&rsquo;incrire<\/a><\/p>\n<p>    <a href=\"https:\/\/www.facebook.com\/plugins\/post.php?href=https%3A%2F%2Fwww.facebook.com%2Fphoto.php%3Ffbid%3D1089822286524028%26set%3Da.459192292920367%26type%3D3&amp;show_text=true&amp;width=350\" title=\"Ouvrie le lien\" rel=\"nofollow noopener\" target=\"_blank\">Cliquez ici pour visualiser le contenu<\/a><\/p>\n<p class=\" wall-content\">Pour se lancer, l\u2019ancienne institutrice a <strong>d\u00fb trouver des financements aupr\u00e8s de m\u00e9c\u00e8nes et expliquer sa d\u00e9marche \u00e0 des professionnels de sant\u00e9<\/strong>. Une convention est sign\u00e9e avec l\u2019h\u00f4pital en juillet\u00a02024.<\/p>\n<p class=\" wall-content\">Depuis l\u2019automne 2024, la biographe hospitali\u00e8re, en concertation avec le corps m\u00e9dical, propose aux personnes en situation palliative de se raconter puis de recevoir gracieusement un livre reli\u00e9.<\/p>\n<p class=\" wall-content\">Pour exercer sa profession (r\u00e9tribution et impression du livre), Elisabeth est financ\u00e9e par deux donateurs\u2009principaux\u2009: <a href=\"https:\/\/imad-nantes.org\/la-fondation-santedige\/\" rel=\"nofollow noopener\" target=\"_blank\">la fondation Sant\u00e9Dige<\/a> et par l\u2019association <a href=\"https:\/\/leucemie-leaf.fr\/\" rel=\"nofollow noopener\" target=\"_blank\">Leuc\u00e9mie Espoir Atlantique Famille<\/a> (LEAF). \u00ab\u2009Il faut qu\u2019on trouve, en g\u00e9n\u00e9ral, \u00e0 peu pr\u00e8s 25\u2009000\u00a0euros par an\u2009\u00bb, note la biographe.<\/p>\n<p>\u00ab\u2009Un pas de c\u00f4t\u00e9 par rapport \u00e0 la maladie\u2009\u00bb<\/p>\n<p class=\" wall-content\">Un professionnel de sant\u00e9 pr\u00e9sente la d\u00e9marche aux personnes gravement malades hospitalis\u00e9es. L\u2019\u00e9quipe soignante fait l\u2019interm\u00e9diaire avec la biographe. Si la personne accepte, Elisabeth rencontre le patient dans sa chambre d\u2019h\u00f4pital ou \u00e0 son domicile.<\/p>\n<p class=\" wall-content\">Au cours des \u00e9changes, l\u2019\u00e9crivaine est <strong>\u00ab\u2009dans l\u2019\u00e9coute et l\u2019accompagnement\u2009\u00bb<\/strong> tandis que la personne dicte son r\u00e9cit tout en se replongeant dans des souvenirs. \u00ab\u2009Rires\u2009\u00bb, \u00ab\u2009\u00e9motions\u2009\u00bb et \u00ab\u2009moments de l\u00e9g\u00e8ret\u00e9\u2009\u00bb rythment les interactions entre la biographe et les patients.<\/p>\n<p class=\" wall-content\">Un temps de transmission au cours duquel \u00ab\u2009on se recentre sur soi\u2009\u00bb. \u00ab\u2009Je propose aux patients un projet de vie pour faire un pas de c\u00f4t\u00e9 par rapport \u00e0 la maladie\u2009\u00bb, confie Elisabeth.<\/p>\n<blockquote class=\"ac-article-quote wall-content\">\n<p>La chose la plus importante, c\u2019est de rester tr\u00e8s fid\u00e8le \u00e0 la parole de la personne, notre travail, c\u2019est de reconstituer un puzzle. Souvent, les informations arrivent un peu dans tous les sens. Notre but en tant que biographe hospitalier : c\u2019est de passer du langage oral au langage \u00e9crit, et de mettre le r\u00e9cit en forme.<\/p>\n<p>    <strong>Elisabeth de Gentil-Baichis<\/strong><br \/>\n        Biographe hospitali\u00e8re \u00e0 Nantes    <\/p><\/blockquote>\n<p class=\" wall-content\">La biographie suit le fil chronologique de la vie, narr\u00e9e par l\u2019interlocuteur. Ce dernier s\u2019approprie le r\u00e9cit. \u00ab\u2009C\u2019est la personne qui est l\u2019auteur. Je ne signe pas le livre, c\u2019est son nom qui appara\u00eet\u2009\u00bb, pr\u00e9cise la biographe.<\/p>\n<p class=\" wall-content\">Pour conclure la narration, Elisabeth propose au patient d\u2019\u00e9crire son portrait chinois pour terminer le \u00ab\u2009r\u00e9cit de fa\u00e7on l\u00e9g\u00e8re\u2009\u00bb. \u00c0 travers les ouvrages, les biographes hospitaliers permettent\u00a0 <strong>\u00ab\u2009de dire au revoir\u2009\u00bb aux proches<\/strong>.<\/p>\n<p class=\" wall-content\">Lors de son entretien, divers coloris du livre sont pr\u00e9sent\u00e9s au patient. \u00ab\u2009Dans l\u2019association, on veut que ce soit un tr\u00e8s beau livre, parce que c\u2019est un livre qui pourra \u00eatre transmis de g\u00e9n\u00e9ration en g\u00e9n\u00e9ration. Et qui repr\u00e9sente la valeur de la vie de la personne\u2009\u00bb, ajoute la passionn\u00e9e des mots.<\/p>\n<p class=\" wall-content\">Un livre relu par les personnes, si elles en ont les capacit\u00e9s. Apr\u00e8s sa r\u00e9daction, le manuscrit est imprim\u00e9 et fabriqu\u00e9 par un relieur d\u2019art. L\u2019ouvrage est offert \u00e0 la personne gravement malade ou un destinataire qu\u2019elle aura d\u00e9sign\u00e9, si elle est d\u00e9c\u00e9d\u00e9e.<\/p>\n<p>Une aventure forte en \u00e9motions<\/p>\n<p class=\" wall-content\">\u00ab\u2009Val\u00e9ria Milewski dit toujours \u00ab\u2009ne s\u2019attendre \u00e0 rien pour \u00eatre pr\u00eat \u00e0 tout\u2009\u00bb. C\u2019est vraiment quelque chose que j\u2019ai en t\u00eate tout le temps, parce que quand on rentre dans une chambre, c\u2019est une aventure qui commence et on ne sait pas du tout ce qui va se passer\u2009\u00bb, t\u00e9moigne Elisabeth.<\/p>\n<p class=\" wall-content\">Une aventure forte en \u00e9motions, au cours de laquelle la professionnelle est suivie par une psychologue une fois par mois. \u00ab\u2009Dans mon m\u00e9tier, les deux moments les plus \u00e9mouvants\u2009sont\u2009: quand <strong>j\u2019apprends le d\u00e9c\u00e8s de la personne et puis, le moment o\u00f9 je remets le livre aux familles\u2009\u00bb<\/strong>, livre la biographe.<\/p>\n<blockquote class=\"ac-article-quote wall-content\">\n<p>J\u2019\u00e9coute la vie. C\u2019est pour cela que le moment d\u2019\u00e9motion c&rsquo;est quand j\u2019apprends que la vie s\u2019arr\u00eate et que je per\u00e7ois la tristesse des personnes endeuill\u00e9es. Mais mon travail ne concerne que la vie.<\/p>\n<p>    <strong>Elisabeth de Gentil-Baichis.<\/strong>\n            <\/p><\/blockquote>\n<p class=\" wall-content\">En dix mois d\u2019exercice, l\u2019autrice a accompagn\u00e9 23\u00a0personnes. Un accompagnement ponctu\u00e9 de \u00ab\u2009rencontres incroyables\u2009\u00bb. \u00c9panouie, Elisabeth de Gentil-Baichis qualifie, avec le sourire, sa profession de biographe hospitali\u00e8re comme\u2009: \u00ab\u2009le plus beau m\u00e9tier du monde\u2009\u00bb.<\/p>\n<p class=\" wall-content\">Personnalisez votre actualit\u00e9 en ajoutant vos villes et m\u00e9dias en favori avec <a href=\"https:\/\/moncompte.actu.fr\" title=\"D\u00e9couvez Mon Actu\" rel=\"nofollow noopener\" data-trk=\"{&quot;cta&quot;:{&quot;action&quot;:&quot;https:\\\/\\\/moncompte.actu.fr&quot;,&quot;category&quot;:&quot;mon compte&quot;,&quot;from&quot;:&quot;article footer&quot;,&quot;name&quot;:&quot;Mon actu&quot;,&quot;type&quot;:&quot;cta&quot;}}\" target=\"_blank\">Mon Actu<\/a>.<\/p>\n","protected":false},"excerpt":{"rendered":"Par Thomas Bernard Publi\u00e9 le 7 sept. 2025 \u00e0 16h32 Dictaphone et cahier \u00e0 la main, Elisabeth de&hellip;\n","protected":false},"author":2,"featured_media":373146,"comment_status":"","ping_status":"","sticky":false,"template":"","format":"standard","meta":{"footnotes":""},"categories":[2818],"tags":[1111,11,7426,1777,674,1011,27,226,766,12,2636,9026,25,104],"class_list":{"0":"post-373145","1":"post","2":"type-post","3":"status-publish","4":"format-standard","5":"has-post-thumbnail","7":"category-nantes","8":"tag-actu","9":"tag-actualites","10":"tag-chu-de-nantes","11":"tag-eu","12":"tag-europe","13":"tag-fr","14":"tag-france","15":"tag-maladie","16":"tag-nantes","17":"tag-news","18":"tag-pays-de-la-loire","19":"tag-portrait","20":"tag-republique-francaise","21":"tag-societe"},"share_on_mastodon":{"url":"https:\/\/pubeurope.com\/@fr\/115163525476394788","error":""},"_links":{"self":[{"href":"https:\/\/www.europesays.com\/fr\/wp-json\/wp\/v2\/posts\/373145","targetHints":{"allow":["GET"]}}],"collection":[{"href":"https:\/\/www.europesays.com\/fr\/wp-json\/wp\/v2\/posts"}],"about":[{"href":"https:\/\/www.europesays.com\/fr\/wp-json\/wp\/v2\/types\/post"}],"author":[{"embeddable":true,"href":"https:\/\/www.europesays.com\/fr\/wp-json\/wp\/v2\/users\/2"}],"replies":[{"embeddable":true,"href":"https:\/\/www.europesays.com\/fr\/wp-json\/wp\/v2\/comments?post=373145"}],"version-history":[{"count":0,"href":"https:\/\/www.europesays.com\/fr\/wp-json\/wp\/v2\/posts\/373145\/revisions"}],"wp:featuredmedia":[{"embeddable":true,"href":"https:\/\/www.europesays.com\/fr\/wp-json\/wp\/v2\/media\/373146"}],"wp:attachment":[{"href":"https:\/\/www.europesays.com\/fr\/wp-json\/wp\/v2\/media?parent=373145"}],"wp:term":[{"taxonomy":"category","embeddable":true,"href":"https:\/\/www.europesays.com\/fr\/wp-json\/wp\/v2\/categories?post=373145"},{"taxonomy":"post_tag","embeddable":true,"href":"https:\/\/www.europesays.com\/fr\/wp-json\/wp\/v2\/tags?post=373145"}],"curies":[{"name":"wp","href":"https:\/\/api.w.org\/{rel}","templated":true}]}}