{"id":373153,"date":"2025-09-07T14:41:13","date_gmt":"2025-09-07T14:41:13","guid":{"rendered":"https:\/\/www.europesays.com\/fr\/373153\/"},"modified":"2025-09-07T14:41:13","modified_gmt":"2025-09-07T14:41:13","slug":"toulouse-vers-une-evolution-juridique-pour-la-protection-de-la-garonne","status":"publish","type":"post","link":"https:\/\/www.europesays.com\/fr\/373153\/","title":{"rendered":"Toulouse. Vers une \u00e9volution juridique pour la protection de la Garonne\u00a0?"},"content":{"rendered":"<p>            Par<br \/>\n        <strong><br \/>\n            <a href=\"https:\/\/actu.fr\/auteur\/romain-piccolo\" title=\"Consulter tous les articles de Romain Piccolo\" rel=\"nofollow noopener\" target=\"_blank\">Romain Piccolo<\/a><br \/>\n        <\/strong><\/p>\n<p>        Publi\u00e9 le<\/p>\n<p>            7 sept. 2025 \u00e0 15h26        <\/p>\n<p>Et si la <a href=\"https:\/\/actu.fr\/tag\/garonne\" rel=\"nofollow noopener\" target=\"_blank\">Garonne<\/a> devenait <strong>une entit\u00e9 juridique \u00e0 part enti\u00e8re<\/strong>, avec des droits prot\u00e9g\u00e9s par la loi ? C\u2019est l\u2019objectif ambitieux du Collectif Garonne, un mouvement citoyen lanc\u00e9 le 25 janvier 2025 \u00e0 <a href=\"https:\/\/actu.fr\/toulouse\/\" rel=\"nofollow noopener\" target=\"_blank\">Toulouse<\/a>, qui milite pour que le fleuve, ses affluents et ses \u00e9cosyst\u00e8mes soient <strong>reconnus comme des sujets de droit<\/strong>. Inspir\u00e9 par des initiatives similaires \u00e0 travers le monde, le collectif entend s\u2019appuyer sur <strong>la mobilisation locale<\/strong> pour faire avancer cette cause \u00e9cologique et juridique in\u00e9dite en France.\u00a0<\/p>\n<p>Un mouvement mondial pour les droits de la nature<\/p>\n<p class=\" wall-content\">Plusieurs initiatives voient le jour, notamment \u00e0 Paris, en Gironde, sur la Loire et \u00e0 Avignon. Le Collectif Garonne, compos\u00e9 <strong>d\u2019une vingtaine de membres<\/strong>, s\u2019inscrit dans cette dynamique, avec l\u2019objectif d\u2019obtenir <strong>un statut juridique pour le fleuve<\/strong> et ses affluents, afin de mieux les prot\u00e9ger face aux menaces environnementales croissantes.\u00a0<\/p>\n<p class=\" wall-content\">Pour C\u00e9line Marcos, membre du collectif, une petite subtilit\u00e9 change beaucoup : \u00ab\u00a0On ne veut plus qu\u2019on dise \u00ab\u00a0<strong>la Garonne<\/strong>\u00ab\u00a0, mais juste \u00ab\u00a0<strong>Garonne<\/strong>\u00ab\u00a0. Il ne faut plus qu\u2019on la consid\u00e8re comme une chose, mais comme une personne. Tout comme il existe des droits de l\u2019Homme, il faudrait cr\u00e9er<strong> des droits de la Nature<\/strong>\u00ab\u00a0.\u00a0<\/p>\n<p class=\" wall-content\">Depuis des dizaines d\u2019ann\u00e9es, plusieurs pays ont franchi le pas en reconnaissant des droits \u00e0 des entit\u00e9s naturelles. En \u00c9quateur,<a href=\"https:\/\/actu.fr\/normandie\/evreux_27229\/marine-calmet-les-droits-de-la-nature-seront-reconnus-grace-aux-rivieres_61094171.html\" rel=\"nofollow noopener\" target=\"_blank\"> la Constitution prot\u00e8ge les droits de la nature<\/a> depuis 2008. En Nouvelle-Z\u00e9lande, le fleuve Whanganui a obtenu une personnalit\u00e9 juridique en 2017. Ces avanc\u00e9es l\u00e9gislatives <strong>permettent aux \u00e9cosyst\u00e8mes d\u2019\u00eatre d\u00e9fendus en justice<\/strong>, non plus comme des objets d\u2019exploitation, mais comme des entit\u00e9s ayant des droits propres.<\/p>\n<p>Les origines, la premi\u00e8re assembl\u00e9e citoyenne<\/p>\n<p class=\" wall-content\">C\u2019est en 2022, lors de la mise en place de <a href=\"https:\/\/actu.fr\/occitanie\/toulouse_31555\/une-assemblee-citoyenne-unique-en-france-reunie-pour-la-premiere-fois-a-toulouse_54697463.html\" rel=\"nofollow noopener\" target=\"_blank\">la premi\u00e8re assembl\u00e9e citoyenne du D\u00e9partement de la Haute-Garonne<\/a>, que l\u2019id\u00e9e va na\u00eetre. Tir\u00e9s au sort pour deux ans,<strong> les 162 citoyens<\/strong> avaient notamment pour objectifs de r\u00e9fl\u00e9chir autour de l\u2019\u00e9cologie. C\u2019est en travaillant sur le sujet de l\u2019eau et son importance que certains membres de l\u2019assembl\u00e9e ont souhait\u00e9 se r\u00e9unir pour <strong>pousser plus loin le projet<\/strong>.\u00a0<\/p>\n<p>Vid\u00e9os : en ce moment sur ActuPourquoi accorder une personnalit\u00e9 juridique \u00e0 la Garonne ?<\/p>\n<p class=\" wall-content\">Pour le collectif, \u00ab\u00a0face \u00e0 la crise \u00e9cologique et aux pollutions qui affectent les cours d\u2019eau, une reconnaissance juridique offrirait \u00e0 la Garonne une protection renforc\u00e9e\u00a0\u00bb. En lui accordant un statut l\u00e9gal, il deviendrait <strong>possible d\u2019intenter des actions en justice<\/strong> contre ceux qui portent atteinte \u00e0 son \u00e9quilibre \u00e9cologique.<\/p>\n<p class=\" wall-content\">Le collectif propose que des citoyens, appel\u00e9s \u00ab\u00a0<strong>Gardien de la Garonne<\/strong>\u00ab\u00a0, soient d\u00e9sign\u00e9s pour veiller au respect de ces droits et alerter les instances juridiques en cas de menace. \u00ab\u00a0Il faut qu\u2019il y ait des personnes sur place et qui soient <strong>vigilantes \u00e0 tout abus<\/strong>\u00ab\u00a0, rajoute C\u00e9line Marcos.<\/p>\n<p>Votre r\u00e9gion, votre actu !<\/p>\n<p>Recevez chaque jour les infos qui comptent pour vous.<\/p>\n<p>\t<a href=\"https:\/\/actu.fr\/newsletter\" class=\"ac-btn ac-btn--corner ac-btn--medium ac-btn--blue800\" rel=\"nofollow noopener\" target=\"_blank\">S&rsquo;incrire<\/a><\/p>\n<p class=\" wall-content\">Cette approche, encore <strong>in\u00e9dite en France<\/strong>, r\u00e9pond \u00e0 une n\u00e9cessit\u00e9 d\u2019adaptation face aux d\u00e9fis environnementaux. En int\u00e9grant la nature dans le cadre l\u00e9gislatif,<a href=\"https:\/\/actu.fr\/societe\/urbanisation-incendies-biodiversite-les-forets-beneficient-elles-d-une-protection-juridique_52892108.html\" rel=\"nofollow noopener\" target=\"_blank\"> elle ne serait plus consid\u00e9r\u00e9e uniquement comme une ressource exploitable<\/a>, mais comme une entit\u00e9 ayant <strong>un r\u00f4le fondamental \u00e0 pr\u00e9server<\/strong>.<\/p>\n<p>Une mobilisation citoyenne essentielle<\/p>\n<p class=\" wall-content\">Pour faire entendre cette revendication, le Collectif Garonne mise sur la<strong> mobilisation des habitants<\/strong> du bassin fluvial. R\u00e9unions publiques, campagnes de sensibilisation et discussions avec les \u00e9lus sont en pr\u00e9paration pour d\u00e9fendre cette id\u00e9e aupr\u00e8s des d\u00e9cideurs politiques. <strong>Un projet de manifeste<\/strong>, avec une possibilit\u00e9 d\u2019adh\u00e9sion, est en cours de mise en place. Le collectif esp\u00e8re r\u00e9colter autant que leur homologue de Gironde, et leurs 25 000 signatures.\u00a0<\/p>\n<p class=\" wall-content\">Personnalisez votre actualit\u00e9 en ajoutant vos villes et m\u00e9dias en favori avec <a href=\"https:\/\/moncompte.actu.fr\" title=\"D\u00e9couvez Mon Actu\" rel=\"nofollow noopener\" data-trk=\"{&quot;cta&quot;:{&quot;action&quot;:&quot;https:\\\/\\\/moncompte.actu.fr&quot;,&quot;category&quot;:&quot;mon compte&quot;,&quot;from&quot;:&quot;article footer&quot;,&quot;name&quot;:&quot;Mon actu&quot;,&quot;type&quot;:&quot;cta&quot;}}\" target=\"_blank\">Mon Actu<\/a>.<\/p>\n","protected":false},"excerpt":{"rendered":"Par Romain Piccolo Publi\u00e9 le 7 sept. 2025 \u00e0 15h26 Et si la Garonne devenait une entit\u00e9 juridique&hellip;\n","protected":false},"author":2,"featured_media":373154,"comment_status":"","ping_status":"","sticky":false,"template":"","format":"standard","meta":{"footnotes":""},"categories":[2816],"tags":[1111,11,436,1777,674,1011,27,5601,12,2680,52,25,15097,2312,1090],"class_list":{"0":"post-373153","1":"post","2":"type-post","3":"status-publish","4":"format-standard","5":"has-post-thumbnail","7":"category-toulouse","8":"tag-actu","9":"tag-actualites","10":"tag-environnement","11":"tag-eu","12":"tag-europe","13":"tag-fr","14":"tag-france","15":"tag-garonne","16":"tag-news","17":"tag-occitanie","18":"tag-planete","19":"tag-republique-francaise","20":"tag-solutions","21":"tag-toulouse","22":"tag-toulouse-metropole"},"share_on_mastodon":{"url":"https:\/\/pubeurope.com\/@fr\/115163541173312306","error":""},"_links":{"self":[{"href":"https:\/\/www.europesays.com\/fr\/wp-json\/wp\/v2\/posts\/373153","targetHints":{"allow":["GET"]}}],"collection":[{"href":"https:\/\/www.europesays.com\/fr\/wp-json\/wp\/v2\/posts"}],"about":[{"href":"https:\/\/www.europesays.com\/fr\/wp-json\/wp\/v2\/types\/post"}],"author":[{"embeddable":true,"href":"https:\/\/www.europesays.com\/fr\/wp-json\/wp\/v2\/users\/2"}],"replies":[{"embeddable":true,"href":"https:\/\/www.europesays.com\/fr\/wp-json\/wp\/v2\/comments?post=373153"}],"version-history":[{"count":0,"href":"https:\/\/www.europesays.com\/fr\/wp-json\/wp\/v2\/posts\/373153\/revisions"}],"wp:featuredmedia":[{"embeddable":true,"href":"https:\/\/www.europesays.com\/fr\/wp-json\/wp\/v2\/media\/373154"}],"wp:attachment":[{"href":"https:\/\/www.europesays.com\/fr\/wp-json\/wp\/v2\/media?parent=373153"}],"wp:term":[{"taxonomy":"category","embeddable":true,"href":"https:\/\/www.europesays.com\/fr\/wp-json\/wp\/v2\/categories?post=373153"},{"taxonomy":"post_tag","embeddable":true,"href":"https:\/\/www.europesays.com\/fr\/wp-json\/wp\/v2\/tags?post=373153"}],"curies":[{"name":"wp","href":"https:\/\/api.w.org\/{rel}","templated":true}]}}