{"id":373155,"date":"2025-09-07T14:43:20","date_gmt":"2025-09-07T14:43:20","guid":{"rendered":"https:\/\/www.europesays.com\/fr\/373155\/"},"modified":"2025-09-07T14:43:20","modified_gmt":"2025-09-07T14:43:20","slug":"pierre-mauroy-premier-influenceur-de-la-braderie-de-lille","status":"publish","type":"post","link":"https:\/\/www.europesays.com\/fr\/373155\/","title":{"rendered":"Pierre Mauroy, premier influenceur de la Braderie de Lille"},"content":{"rendered":"<p><strong>En 2025, la Braderie de Lille attire toujours les foules. Les 6 et 7 septembre 2025, dans les all\u00e9es, influenceurs et cam\u00e9ras se pressent. Le premier \u00e0 avoir offert une image nationale \u00e0 la f\u00eate n\u2019\u00e9tait autre que Pierre Mauroy, maire et Premier ministre en 1981.<\/strong><\/p>\n<p>\u200d<\/p>\n<p>En 1981, Pierre Mauroy vient tout juste d\u2019entrer \u00e0 Matignon, mais il reste maire de Lille. Cette ann\u00e9e-l\u00e0, il offre une image nationale et internationale \u00e0 une f\u00eate jusque-l\u00e0 r\u00e9gionale en y faisant venir les cam\u00e9ras de t\u00e9l\u00e9vision. Sur Antenne 2, le Premier ministre lance ce commentaire rest\u00e9 c\u00e9l\u00e8bre : \u00ab\u00a0ce bric-\u00e0-brac est une r\u00e9action contre une soci\u00e9t\u00e9 trop hi\u00e9rarchis\u00e9e, trop divis\u00e9e, trop compartiment\u00e9e.\u00a0\u00bb<\/p>\n<p>L\u2019\u00e9v\u00e9nement devient \u00ab t\u00e9l\u00e9g\u00e9nique \u00bb, une sc\u00e8ne populaire que la presse ne manquera plus. La Braderie de Lille bascule d\u2019un march\u00e9 g\u00e9ant de quartier au plus grand march\u00e9 aux puces d\u2019Europe. Chaque rentr\u00e9e, plus de deux millions de personnes convergent vers Lille, serr\u00e9es le long de pr\u00e8s de cent kilom\u00e8tres d\u2019\u00e9tals. Plus de cinq mille exposants occupent trottoirs et places. Et dans les brasseries, on engloutit cinq cents tonnes de moules et trente tonnes de frites.<\/p>\n<p>\u200d<\/p>\n<blockquote><p><strong>Lire aussi<\/strong> : <a href=\"https:\/\/www.cm-cm.fr\/post\/pourquoi-les-politiques-se-disputent-le-tapis-rouge-des-braderies-brocantes-vide-greniers\" rel=\"nofollow noopener\" target=\"_blank\">Pourquoi les politiques se disputent le tapis rouge des braderies locales \u00e0 chaque rentr\u00e9e<\/a><\/p><\/blockquote>\n<blockquote><p><strong>Voir plus<\/strong> : <a href=\"https:\/\/www.cm-cm.fr\/post\/lena-situations-coline-guillaume-blot-seconde-main-social-media-septembre-2024\" rel=\"nofollow noopener\" target=\"_blank\">La braderie de Lille fr\u00e9quent\u00e9e par les influenceurs (2024)<\/a><\/p><\/blockquote>\n<p>\u200d<\/p>\n<p><a href=\"http:\/\/www.cm-cm.fr\/\" target=\"_blank\" rel=\"nofollow noopener\"><img decoding=\"async\" src=\"https:\/\/www.europesays.com\/fr\/wp-content\/uploads\/2025\/09\/671fec349400e58b0d14bedb_66e3f73ac1b79b4779990bf6_66ddeb9656e463e2ed66ad9a_65c53aa68e8f894a1d8d718c_.png\" alt=\"CMCM : le m\u00e9dia de la seconde main \" loading=\"lazy\"\/><\/a><\/p>\n<p>\u200d<\/p>\n<blockquote><p><strong>\u2192 \ud83d\udda4 <\/strong><a href=\"http:\/\/cm-cm.fr\/\" rel=\"nofollow noopener\" target=\"_blank\"><strong>CM-CM.fr<\/strong><\/a><strong> est le premier m\u00e9dia d\u2019information sur la seconde main. Vous pouvez vous abonner \u00e0 la newsletter <\/strong><a href=\"https:\/\/www.cm-cm.fr\/newsletter\" rel=\"nofollow noopener\" target=\"_blank\"><strong>ici<\/strong><\/a><\/p><\/blockquote>\n<p>\u200d<\/p>\n<p>Cr\u00e9dit : Ville de Lille<\/p>\n","protected":false},"excerpt":{"rendered":"En 2025, la Braderie de Lille attire toujours les foules. Les 6 et 7 septembre 2025, dans les&hellip;\n","protected":false},"author":2,"featured_media":373156,"comment_status":"","ping_status":"","sticky":false,"template":"","format":"standard","meta":{"footnotes":""},"categories":[2815],"tags":[1111,11,1777,674,1011,27,811,1307,12,25],"class_list":{"0":"post-373155","1":"post","2":"type-post","3":"status-publish","4":"format-standard","5":"has-post-thumbnail","7":"category-lille","8":"tag-actu","9":"tag-actualites","10":"tag-eu","11":"tag-europe","12":"tag-fr","13":"tag-france","14":"tag-hauts-de-france","15":"tag-lille","16":"tag-news","17":"tag-republique-francaise"},"share_on_mastodon":{"url":"https:\/\/pubeurope.com\/@fr\/115163549660759863","error":""},"_links":{"self":[{"href":"https:\/\/www.europesays.com\/fr\/wp-json\/wp\/v2\/posts\/373155","targetHints":{"allow":["GET"]}}],"collection":[{"href":"https:\/\/www.europesays.com\/fr\/wp-json\/wp\/v2\/posts"}],"about":[{"href":"https:\/\/www.europesays.com\/fr\/wp-json\/wp\/v2\/types\/post"}],"author":[{"embeddable":true,"href":"https:\/\/www.europesays.com\/fr\/wp-json\/wp\/v2\/users\/2"}],"replies":[{"embeddable":true,"href":"https:\/\/www.europesays.com\/fr\/wp-json\/wp\/v2\/comments?post=373155"}],"version-history":[{"count":0,"href":"https:\/\/www.europesays.com\/fr\/wp-json\/wp\/v2\/posts\/373155\/revisions"}],"wp:featuredmedia":[{"embeddable":true,"href":"https:\/\/www.europesays.com\/fr\/wp-json\/wp\/v2\/media\/373156"}],"wp:attachment":[{"href":"https:\/\/www.europesays.com\/fr\/wp-json\/wp\/v2\/media?parent=373155"}],"wp:term":[{"taxonomy":"category","embeddable":true,"href":"https:\/\/www.europesays.com\/fr\/wp-json\/wp\/v2\/categories?post=373155"},{"taxonomy":"post_tag","embeddable":true,"href":"https:\/\/www.europesays.com\/fr\/wp-json\/wp\/v2\/tags?post=373155"}],"curies":[{"name":"wp","href":"https:\/\/api.w.org\/{rel}","templated":true}]}}