{"id":373157,"date":"2025-09-07T14:44:26","date_gmt":"2025-09-07T14:44:26","guid":{"rendered":"https:\/\/www.europesays.com\/fr\/373157\/"},"modified":"2025-09-07T14:44:26","modified_gmt":"2025-09-07T14:44:26","slug":"le-procureur-va-lancer-un-groupe-local-de-traitement-de-la-delinquance-dedie-a-belsunce","status":"publish","type":"post","link":"https:\/\/www.europesays.com\/fr\/373157\/","title":{"rendered":"Le procureur va lancer un groupe local de traitement de la d\u00e9linquance d\u00e9di\u00e9 \u00e0 Belsunce"},"content":{"rendered":"<p>\t    Le procureur va lancer un groupe local de traitement de la d\u00e9linquance d\u00e9di\u00e9 \u00e0 Belsunce &#8211; Marsactu<\/p>\n<p>&#13;<br \/>\n\t\t&#13;<br \/>\n\t\tNous utilisons des cookies pour vous garantir la meilleure exp\u00e9rience sur notre site. Vous pouvez choisir de refuser les cookies.<a href=\"#\" id=\"cn-accept-cookie\" data-cookie-set=\"accept\" class=\"cn-set-cookie cn-button cn-button-custom button\" aria-label=\"J'accepte\">J&rsquo;accepte<\/a><a href=\"#\" id=\"cn-refuse-cookie\" data-cookie-set=\"refuse\" class=\"cn-set-cookie cn-button cn-button-custom button\" aria-label=\"Non\">Non<\/a><a href=\"https:\/\/marsactu.fr\/societe\/cgu\/\" target=\"_blank\" id=\"cn-more-info\" class=\"cn-more-info cn-button cn-button-custom button\" aria-label=\"En savoir plus\" rel=\"nofollow noopener\">En savoir plus<\/a><\/p>\n<p>\t\t&#13;<\/p>\n","protected":false},"excerpt":{"rendered":"Le procureur va lancer un groupe local de traitement de la d\u00e9linquance d\u00e9di\u00e9 \u00e0 Belsunce &#8211; Marsactu &#13;&hellip;\n","protected":false},"author":2,"featured_media":373158,"comment_status":"","ping_status":"","sticky":false,"template":"","format":"standard","meta":{"footnotes":""},"categories":[2814],"tags":[1111,11,1777,674,1011,27,884,12,882,25],"class_list":{"0":"post-373157","1":"post","2":"type-post","3":"status-publish","4":"format-standard","5":"has-post-thumbnail","7":"category-marseille","8":"tag-actu","9":"tag-actualites","10":"tag-eu","11":"tag-europe","12":"tag-fr","13":"tag-france","14":"tag-marseille","15":"tag-news","16":"tag-provence-alpes-cote-dazur","17":"tag-republique-francaise"},"share_on_mastodon":{"url":"https:\/\/pubeurope.com\/@fr\/115163553074718360","error":""},"_links":{"self":[{"href":"https:\/\/www.europesays.com\/fr\/wp-json\/wp\/v2\/posts\/373157","targetHints":{"allow":["GET"]}}],"collection":[{"href":"https:\/\/www.europesays.com\/fr\/wp-json\/wp\/v2\/posts"}],"about":[{"href":"https:\/\/www.europesays.com\/fr\/wp-json\/wp\/v2\/types\/post"}],"author":[{"embeddable":true,"href":"https:\/\/www.europesays.com\/fr\/wp-json\/wp\/v2\/users\/2"}],"replies":[{"embeddable":true,"href":"https:\/\/www.europesays.com\/fr\/wp-json\/wp\/v2\/comments?post=373157"}],"version-history":[{"count":0,"href":"https:\/\/www.europesays.com\/fr\/wp-json\/wp\/v2\/posts\/373157\/revisions"}],"wp:featuredmedia":[{"embeddable":true,"href":"https:\/\/www.europesays.com\/fr\/wp-json\/wp\/v2\/media\/373158"}],"wp:attachment":[{"href":"https:\/\/www.europesays.com\/fr\/wp-json\/wp\/v2\/media?parent=373157"}],"wp:term":[{"taxonomy":"category","embeddable":true,"href":"https:\/\/www.europesays.com\/fr\/wp-json\/wp\/v2\/categories?post=373157"},{"taxonomy":"post_tag","embeddable":true,"href":"https:\/\/www.europesays.com\/fr\/wp-json\/wp\/v2\/tags?post=373157"}],"curies":[{"name":"wp","href":"https:\/\/api.w.org\/{rel}","templated":true}]}}