{"id":373159,"date":"2025-09-07T14:45:15","date_gmt":"2025-09-07T14:45:15","guid":{"rendered":"https:\/\/www.europesays.com\/fr\/373159\/"},"modified":"2025-09-07T14:45:15","modified_gmt":"2025-09-07T14:45:15","slug":"ol-lyonnes-marseille-sur-quelle-chaine-voir-le-match","status":"publish","type":"post","link":"https:\/\/www.europesays.com\/fr\/373159\/","title":{"rendered":"OL Lyonnes-Marseille, sur quelle cha\u00eene voir le match ?"},"content":{"rendered":"<p><strong>OL Lyonnes accueille Marseille ce<br \/>\ndimanche, dans le cadre de 1\u00e8re journ\u00e9e d&rsquo;Arkema Premi\u00e8re Ligue. Un<br \/>\nmatch \u00e0 suivre en direct \u00e0 17h30.<\/strong><\/p>\n<p>Grand retour de l\u2019Olympique de Marseille en premi\u00e8re division et<br \/>\npour l\u2019occasion, les phoc\u00e9ennes ont droit directement au plat de<br \/>\nr\u00e9sistance ce dimanche. Pour leur premier match dans l\u2019\u00e9lite apr\u00e8s<br \/>\ncinq saisons pass\u00e9es en D2, les Marseillaises se d\u00e9placent sur le<br \/>\nterrain d\u2019OL Lyonnes. Un sacr\u00e9 morceau pour les promues, m\u00eame si<br \/>\nelles comptent bien tirer leur \u00e9pingles du jeu en profitant du fait<br \/>\nque les Lyonnaises ne seront pas \u00e0 leur pic de forme.<\/p>\n<p>Normalement du moins, car les partenaires de Wendie Renard et<br \/>\nSelma Bacha entendent bien faire parler leur sup\u00e9riorit\u00e9. D\u2019autant<br \/>\nqu\u2019elles ont enregistr\u00e9 l\u2019arriv\u00e9e d\u2019un renfort offensif de poids en<br \/>\nla personne de Marie-Antoinette Katoto. De quoi compenser le<br \/>\n<a href=\"https:\/\/www.sports.fr\/football\/mercato\/eugenie-le-sommer-avec-amandine-henry-cest-officiel-932245.html\" rel=\"nofollow noopener\" target=\"_blank\"><br \/>\nd\u00e9part de la l\u00e9gende du club, Eug\u00e9nie Le Sommer du c\u00f4t\u00e9 du<br \/>\nMexique<\/a>.<\/p>\n<p>OL Lyonnes-Marseille, sur quelle cha\u00eene voir le match ?<\/p>\n<p>La rencontre entre Lyon et Marseille, comptant pour la premi\u00e8re<br \/>\njourn\u00e9e d\u2019Ark\u00e9ma Premi\u00e8re Ligue, d\u00e9butera \u00e0 17h30. Elle sera<br \/>\narbitr\u00e9e par Madame Gerbel et aura lieu au stade G\u00e9rard Houllier 1<br \/>\n(3.000 places). Il sera possible de suivre le match sur Canal+. Le<br \/>\nstreaming sera \u00e9galement disponible sur la plateforme internet de<br \/>\nla cha\u00eene, myCanal.<\/p>\n","protected":false},"excerpt":{"rendered":"OL Lyonnes accueille Marseille ce dimanche, dans le cadre de 1\u00e8re journ\u00e9e d&rsquo;Arkema Premi\u00e8re Ligue. Un match \u00e0&hellip;\n","protected":false},"author":2,"featured_media":373160,"comment_status":"","ping_status":"","sticky":false,"template":"","format":"standard","meta":{"footnotes":""},"categories":[2814],"tags":[1111,11,1777,674,1011,27,884,12,882,25],"class_list":{"0":"post-373159","1":"post","2":"type-post","3":"status-publish","4":"format-standard","5":"has-post-thumbnail","7":"category-marseille","8":"tag-actu","9":"tag-actualites","10":"tag-eu","11":"tag-europe","12":"tag-fr","13":"tag-france","14":"tag-marseille","15":"tag-news","16":"tag-provence-alpes-cote-dazur","17":"tag-republique-francaise"},"share_on_mastodon":{"url":"https:\/\/pubeurope.com\/@fr\/115163556900740430","error":""},"_links":{"self":[{"href":"https:\/\/www.europesays.com\/fr\/wp-json\/wp\/v2\/posts\/373159","targetHints":{"allow":["GET"]}}],"collection":[{"href":"https:\/\/www.europesays.com\/fr\/wp-json\/wp\/v2\/posts"}],"about":[{"href":"https:\/\/www.europesays.com\/fr\/wp-json\/wp\/v2\/types\/post"}],"author":[{"embeddable":true,"href":"https:\/\/www.europesays.com\/fr\/wp-json\/wp\/v2\/users\/2"}],"replies":[{"embeddable":true,"href":"https:\/\/www.europesays.com\/fr\/wp-json\/wp\/v2\/comments?post=373159"}],"version-history":[{"count":0,"href":"https:\/\/www.europesays.com\/fr\/wp-json\/wp\/v2\/posts\/373159\/revisions"}],"wp:featuredmedia":[{"embeddable":true,"href":"https:\/\/www.europesays.com\/fr\/wp-json\/wp\/v2\/media\/373160"}],"wp:attachment":[{"href":"https:\/\/www.europesays.com\/fr\/wp-json\/wp\/v2\/media?parent=373159"}],"wp:term":[{"taxonomy":"category","embeddable":true,"href":"https:\/\/www.europesays.com\/fr\/wp-json\/wp\/v2\/categories?post=373159"},{"taxonomy":"post_tag","embeddable":true,"href":"https:\/\/www.europesays.com\/fr\/wp-json\/wp\/v2\/tags?post=373159"}],"curies":[{"name":"wp","href":"https:\/\/api.w.org\/{rel}","templated":true}]}}