{"id":37316,"date":"2025-04-19T20:44:09","date_gmt":"2025-04-19T20:44:09","guid":{"rendered":"https:\/\/www.europesays.com\/fr\/37316\/"},"modified":"2025-04-19T20:44:09","modified_gmt":"2025-04-19T20:44:09","slug":"ce-pacte-entre-geants-va-bouleverser-vos-trajets-en-europe","status":"publish","type":"post","link":"https:\/\/www.europesays.com\/fr\/37316\/","title":{"rendered":"ce pacte entre g\u00e9ants va bouleverser vos trajets en Europe"},"content":{"rendered":"<p>En unifiant leurs services, les membres de la Spark Alliance r\u00e9pondent aux pr\u00e9occupations des conducteurs concernant la complexit\u00e9 de la recharge publique.<\/p>\n<p>Les principaux op\u00e9rateurs europ\u00e9ens de recharge pour v\u00e9hicules \u00e9lectriques unissent leurs forces pour simplifier l&rsquo;exp\u00e9rience des conducteurs. Atlante, Electra, Fastned et <a href=\"https:\/\/www.futura-sciences.com\/tech\/actualites\/voiture-electrique-ionity-reseau-recharge-ultra-rapide-vehicules-electriques-69123\/\" title=\"Ionity : un r\u00e9seau de recharge ultra-rapide pour les v\u00e9hicules \u00e9lectriques\" target=\"_blank\" rel=\"noopener\">Ionity<\/a>\u00a0ont annonc\u00e9 la cr\u00e9ation de la Spark Alliance, une initiative visant \u00e0 harmoniser l&rsquo;acc\u00e8s aux bornes publiques \u00e0 travers l&rsquo;Europe.\u200b<\/p>\n<p>Un r\u00e9seau unifi\u00e9 pour une recharge simplifi\u00e9e<\/p>\n<p>La Spark Alliance ambitionne de cr\u00e9er le plus grand r\u00e9seau public de recharges en Europe, avec plus de 1\u202f700 stations et 11\u202f000 points de recharge r\u00e9partis dans 25 pays. Ce partenariat permettra aux utilisateurs d&rsquo;acc\u00e9der \u00e0 n&rsquo;importe quelle station membre en utilisant leur <a href=\"https:\/\/www.futura-sciences.com\/sciences\/definitions\/mathematiques-application-13200\/\" class=\"typographies__SpanLink-sc-9uspqk-3 cGUqkI\" universe=\"smartmotion\" target=\"_blank\" rel=\"noopener\">application<\/a>application habituelle, \u00e9liminant ainsi la n\u00e9cessit\u00e9 de jongler entre diff\u00e9rentes applications ou cartes d&rsquo;acc\u00e8s. De plus, les applications des membres int\u00e9greront d\u00e9sormais l&rsquo;ensemble des stations du r\u00e9seau, facilitant la planification des trajets et la localisation des points de recharge.\u200b<\/p>\n<p>Des avantages concrets pour les conducteurs<\/p>\n<p>Pour les conducteurs, cette alliance signifie une exp\u00e9rience de recharge plus fluide et coh\u00e9rente. Les stations offriront des services de recharge ultrarapide, jusqu&rsquo;\u00e0 400 kW pour certaines bornes. Cette initiative vise \u00e0 lever les obstacles \u00e0 l&rsquo;adoption des <a href=\"https:\/\/www.futura-sciences.com\/tech\/questions-reponses\/voiture-electrique-voiture-electrique-autonomie-il-fait-froid-10799\/\" title=\"Voiture \u00e9lectrique : quelle autonomie quand il fait froid ?\" target=\"_blank\" rel=\"noopener\">v\u00e9hicules \u00e9lectriques<\/a> en rendant la recharge plus accessible et transparente.\u200b Cette collaboration marque une \u00e9tape importante vers une \u00e9lectromobilit\u00e9 plus int\u00e9gr\u00e9e et conviviale \u00e0 l&rsquo;\u00e9chelle europ\u00e9enne. Cependant, on peut regretter que <a href=\"https:\/\/www.futura-sciences.com\/tech\/definitions\/voiture-electrique-tesla-16379\/\" class=\"typographies__SpanLink-sc-9uspqk-3 cGUqkI\" universe=\"smartmotion\" target=\"_blank\" rel=\"noopener\">Tesla<\/a>Tesla ne fasse pas partie du projet avec son maillage important en Europe de <a href=\"https:\/\/www.futura-sciences.com\/tech\/breves\/smartmotion-autoroutes-france-rattrapent-leurs-retards-stations-recharge-electrique-7633\/\" title=\"Les autoroutes de France rattrapent leurs retards en stations de recharge \u00e9lectrique\" target=\"_blank\" rel=\"noopener\">bornes proche des autoroutes<\/a> avec <a href=\"https:\/\/www.futura-sciences.com\/tech\/actualites\/smartmotion-peut-profiter-nouveaux-superchargeurs-tesla-106458\/\" title=\"Qui peut profiter des nouveaux Superchargeurs Tesla ?\" target=\"_blank\" rel=\"noopener\">ses Superchargeurs<\/a>.<\/p>\n","protected":false},"excerpt":{"rendered":"En unifiant leurs services, les membres de la Spark Alliance r\u00e9pondent aux pr\u00e9occupations des conducteurs concernant la complexit\u00e9&hellip;\n","protected":false},"author":2,"featured_media":37317,"comment_status":"","ping_status":"","sticky":false,"template":"","format":"standard","meta":{"footnotes":""},"categories":[1586],"tags":[11,8725,11883,11882,1777,674,1011,27,12,25,11881,321],"class_list":{"0":"post-37316","1":"post","2":"type-post","3":"status-publish","4":"format-standard","5":"has-post-thumbnail","7":"category-europe","8":"tag-actualites","9":"tag-borne-de-recharge","10":"tag-borne-de-recharge-electrique","11":"tag-borne-de-recharge-rapide","12":"tag-eu","13":"tag-europe","14":"tag-fr","15":"tag-france","16":"tag-news","17":"tag-republique-francaise","18":"tag-smartmotion","19":"tag-voiture-electrique"},"share_on_mastodon":{"url":"https:\/\/pubeurope.com\/@fr\/114366582927692201","error":""},"_links":{"self":[{"href":"https:\/\/www.europesays.com\/fr\/wp-json\/wp\/v2\/posts\/37316","targetHints":{"allow":["GET"]}}],"collection":[{"href":"https:\/\/www.europesays.com\/fr\/wp-json\/wp\/v2\/posts"}],"about":[{"href":"https:\/\/www.europesays.com\/fr\/wp-json\/wp\/v2\/types\/post"}],"author":[{"embeddable":true,"href":"https:\/\/www.europesays.com\/fr\/wp-json\/wp\/v2\/users\/2"}],"replies":[{"embeddable":true,"href":"https:\/\/www.europesays.com\/fr\/wp-json\/wp\/v2\/comments?post=37316"}],"version-history":[{"count":0,"href":"https:\/\/www.europesays.com\/fr\/wp-json\/wp\/v2\/posts\/37316\/revisions"}],"wp:featuredmedia":[{"embeddable":true,"href":"https:\/\/www.europesays.com\/fr\/wp-json\/wp\/v2\/media\/37317"}],"wp:attachment":[{"href":"https:\/\/www.europesays.com\/fr\/wp-json\/wp\/v2\/media?parent=37316"}],"wp:term":[{"taxonomy":"category","embeddable":true,"href":"https:\/\/www.europesays.com\/fr\/wp-json\/wp\/v2\/categories?post=37316"},{"taxonomy":"post_tag","embeddable":true,"href":"https:\/\/www.europesays.com\/fr\/wp-json\/wp\/v2\/tags?post=37316"}],"curies":[{"name":"wp","href":"https:\/\/api.w.org\/{rel}","templated":true}]}}