{"id":373161,"date":"2025-09-07T14:46:10","date_gmt":"2025-09-07T14:46:10","guid":{"rendered":"https:\/\/www.europesays.com\/fr\/373161\/"},"modified":"2025-09-07T14:46:10","modified_gmt":"2025-09-07T14:46:10","slug":"6-mois-de-prison-pour-le-sdf-algerien-qui-avait-attaque-un-adolescent-dans-son-lycee-pour-sa-chaine-en-or","status":"publish","type":"post","link":"https:\/\/www.europesays.com\/fr\/373161\/","title":{"rendered":"6 mois de prison pour le SDF alg\u00e9rien qui avait attaqu\u00e9 un adolescent dans son lyc\u00e9e pour sa cha\u00eene en or"},"content":{"rendered":"<p itemprop=\"description\"><strong>Ce vendredi, un SDF de nationalit\u00e9 alg\u00e9rienne et bien connu de la justice comparaissait devant le tribunal correctionnel de Lyon.<\/strong><\/p>\n<p>Jeudi matin, il avait rep\u00e9r\u00e9 un adolescent de 16 ans dans les rues du 5e arrondissement de Lyon, et l&rsquo;avait alors suivi jusqu&rsquo;\u00e0 son lyc\u00e9e des Lazaristes-La Salle, mont\u00e9e Saint-Barth\u00e9l\u00e9my. Il \u00e9tait ensuite parvenu \u00e0 entrer dans l&rsquo;\u00e9tablissement.<\/p>\n<p>Pourquoi une telle d\u00e9termination \u00e0 suivre un lyc\u00e9en ? Parce que ce dernier portait une cha\u00eene en or que convoitait le jeune SDF.<\/p>\n<p>En se jetant sur l&rsquo;adolescent, l&rsquo;Alg\u00e9rien a tent\u00e9 de lui arracher sa cha\u00eene, mais sa victime s&rsquo;est d\u00e9battue. L&rsquo;agresseur a alors d\u00e9gain\u00e9 une bombe lacrymog\u00e8ne qu&rsquo;il a utilis\u00e9 sur le lyc\u00e9en, mais aussi une professeure qui tentait de s&rsquo;interposer.<\/p>\n<p>Finalement ma\u00eetris\u00e9, il avait \u00e9t\u00e9 remis aux forces de l&rsquo;ordre.<\/p>\n<p>Malgr\u00e9 un casier judiciaire d\u00e9j\u00e0 bien rempli alors qu&rsquo;il n&rsquo;est pas en Europe depuis longtemps, et une violence qui a choqu\u00e9 tout un lyc\u00e9e, le SDF de 19 ans a \u00e9cop\u00e9 de 6 mois de prison ferme. Soit la moiti\u00e9 de ce que r\u00e9clamait l&rsquo;avocat g\u00e9n\u00e9ral.<\/p>\n<p>A l&rsquo;issue de sa peine, l&rsquo;individu fera l&rsquo;objet d&rsquo;une interdiction du territoire fran\u00e7ais pendant les 5 prochaines ann\u00e9es.<\/p>\n","protected":false},"excerpt":{"rendered":"Ce vendredi, un SDF de nationalit\u00e9 alg\u00e9rienne et bien connu de la justice comparaissait devant le tribunal correctionnel&hellip;\n","protected":false},"author":2,"featured_media":373162,"comment_status":"","ping_status":"","sticky":false,"template":"","format":"standard","meta":{"footnotes":""},"categories":[1889],"tags":[1111,11,2813,2190,2430,1109,251,1112,2811,1777,674,118,1011,27,1922,1110,1114,2428,2810,12,241,316,25,2812,517,800],"class_list":{"0":"post-373161","1":"post","2":"type-post","3":"status-publish","4":"format-standard","5":"has-post-thumbnail","7":"category-lyon","8":"tag-actu","9":"tag-actualites","10":"tag-article","11":"tag-asvel","12":"tag-auvergne-rhone-alpes","13":"tag-breves","14":"tag-culture","15":"tag-depeches","16":"tag-economique","17":"tag-eu","18":"tag-europe","19":"tag-faits-divers","20":"tag-fr","21":"tag-france","22":"tag-info","23":"tag-informations","24":"tag-infos","25":"tag-lyon","26":"tag-lyonmag","27":"tag-news","28":"tag-ol","29":"tag-politique","30":"tag-republique-francaise","31":"tag-sociale","32":"tag-sport","33":"tag-transports"},"share_on_mastodon":{"url":"https:\/\/pubeurope.com\/@fr\/115163560883221645","error":""},"_links":{"self":[{"href":"https:\/\/www.europesays.com\/fr\/wp-json\/wp\/v2\/posts\/373161","targetHints":{"allow":["GET"]}}],"collection":[{"href":"https:\/\/www.europesays.com\/fr\/wp-json\/wp\/v2\/posts"}],"about":[{"href":"https:\/\/www.europesays.com\/fr\/wp-json\/wp\/v2\/types\/post"}],"author":[{"embeddable":true,"href":"https:\/\/www.europesays.com\/fr\/wp-json\/wp\/v2\/users\/2"}],"replies":[{"embeddable":true,"href":"https:\/\/www.europesays.com\/fr\/wp-json\/wp\/v2\/comments?post=373161"}],"version-history":[{"count":0,"href":"https:\/\/www.europesays.com\/fr\/wp-json\/wp\/v2\/posts\/373161\/revisions"}],"wp:featuredmedia":[{"embeddable":true,"href":"https:\/\/www.europesays.com\/fr\/wp-json\/wp\/v2\/media\/373162"}],"wp:attachment":[{"href":"https:\/\/www.europesays.com\/fr\/wp-json\/wp\/v2\/media?parent=373161"}],"wp:term":[{"taxonomy":"category","embeddable":true,"href":"https:\/\/www.europesays.com\/fr\/wp-json\/wp\/v2\/categories?post=373161"},{"taxonomy":"post_tag","embeddable":true,"href":"https:\/\/www.europesays.com\/fr\/wp-json\/wp\/v2\/tags?post=373161"}],"curies":[{"name":"wp","href":"https:\/\/api.w.org\/{rel}","templated":true}]}}