{"id":373165,"date":"2025-09-07T14:48:17","date_gmt":"2025-09-07T14:48:17","guid":{"rendered":"https:\/\/www.europesays.com\/fr\/373165\/"},"modified":"2025-09-07T14:48:17","modified_gmt":"2025-09-07T14:48:17","slug":"droits-des-femmes-les-evenements-a-ne-pas-manquer-en-ile-de-france","status":"publish","type":"post","link":"https:\/\/www.europesays.com\/fr\/373165\/","title":{"rendered":"Droits des femmes : les \u00e9v\u00e9nements \u00e0 ne pas manquer en \u00cele-de-France"},"content":{"rendered":"<p>Au programme notamment :<\/p>\n<p>Imbrisable \u00e9nergie, portrait de Virginie H\u00e9riot<\/p>\n<p>L&rsquo;association <a href=\"https:\/\/laminutieuse.com\/\" target=\"_blank\" rel=\"nofollow noopener\">La Minutieuse<\/a> propose un \u00e9v\u00e9nement d\u00e9di\u00e9 \u00e0 Virginie H\u00e9riot. Aimant passionn\u00e9ment la mer, servant de toutes ses forces la cause \u00e0 laquelle elle a consacr\u00e9 sa vie, formidable navigatrice autant que po\u00e9tesse et figure f\u00e9minine avant-gardiste et visionnaire, Virginie H\u00e9riot a remport\u00e9 de nombreuses \u00e9preuves internationales de yachting et a triomph\u00e9 aux Jeux Olympiques de 1928. Conf\u00e9renci\u00e8re aux quatre coins du monde, elle a contribu\u00e9 \u00e0 faire appr\u00e9cier du public la beaut\u00e9 et l&rsquo;importance de la mer et des oc\u00e9ans. Apr\u00e8s le Yatch club de Paris, la Cit\u00e9 internationale de la langue fran\u00e7aise et les Archives d\u00e9partementales de Marseille, Sophie Bourel, incarne pour vous ce personnage fascinant.<\/p>\n<p><strong>Date et lieu<\/strong><br \/>Le 19 mars 2025 \u00e0 19h<br \/>Le Local des Autrices, 18 rue de l&rsquo;Orillon, 75011 Paris<\/p>\n<p><strong>Inscription<\/strong> : <a href=\"https:\/\/my.weezevent.com\/imbrisable-energie\" target=\"_blank\" rel=\"nofollow noopener\">my.weezevent.com\/imbrisable-energie<\/a><\/p>\n<p>Jeu sur les st\u00e9r\u00e9otypes<\/p>\n<p>Le <a href=\"https:\/\/hautsdeseine-nord.cidff.info\/\" target=\"_blank\" rel=\"nofollow noopener\">Centre d&rsquo;Information sur les Droits des Femmes et des Familles Hauts-de-Seine Nord<\/a> vous convie \u00e0 un atelier de sensibilisation \u00e0 l&rsquo;\u00e9galit\u00e9 femmes \/ hommes en direction \u00e0 travers un jeu sur les st\u00e9r\u00e9otypes.<\/p>\n<p><strong>Date et lieu<\/strong><br \/>Le 11 mars 2025 \u00e0 9h<br \/>Espace Nelly-Roussel, 3, mail Marie-Curie, 92390 Villeneuve-la-Garenne<\/p>\n<p>Village \u00c9galit\u00e9<\/p>\n<p>Le <a href=\"https:\/\/hautsdeseine-nord.cidff.info\/\" target=\"_blank\" rel=\"nofollow noopener\">Centre d&rsquo;Information sur les Droits des Femmes et des Familles Hauts-de-Seine Nord<\/a> invite des associations intervenant sur les questions d&rsquo;\u00e9galit\u00e9 et de lutte contre les violences, en marge de l&rsquo;Egal Run, une course en faveur des droits des femmes.<\/p>\n<p><strong>Date et lieu<\/strong><br \/>Le 9 mars 2025 \u00e0 partir de 10h<br \/>Parvis de la mairie de Villeneuve-la-Garenne, 28, avenue de Verdun, 92390 Villeneuve-la-Garenne<\/p>\n<p>Forum sur la sant\u00e9 des femmes<\/p>\n<p>Un temps d\u2019information propos\u00e9 par le <a href=\"https:\/\/hautsdeseine-nord.cidff.info\/\" target=\"_blank\" rel=\"nofollow noopener\">Centre d&rsquo;Information sur les Droits des Femmes et des Familles Hauts-de-Seine Nord<\/a> sur la pr\u00e9vention des cancers f\u00e9minins, l\u2019endom\u00e9triose, les menstruations et la m\u00e9nopause, la contraception, l\u2019IVG et les maladies sexuellement transmissibles.<\/p>\n<p><strong>Date et lieu<\/strong><br \/>Le 21 mars 2025 \u00e0 14h<br \/>Centre P&rsquo;arc en ciel, 79, avenue Pablo-Picasso, 92000 Nanterre<\/p>\n<p>Sensibilisation aux violences faites aux femmes<\/p>\n<p>Le <a href=\"https:\/\/hautsdeseine-nord.cidff.info\/\" target=\"_blank\" rel=\"nofollow noopener\">Centre d&rsquo;Information sur les Droits des Femmes et des Familles Hauts-de-Seine Nord<\/a> organise une intervention en visioconf\u00e9rence visant \u00e0 pr\u00e9senter ses et \u00e0 aborder les id\u00e9es cl\u00e9s en mati\u00e8re de lutte contre les violences sexistes et sexuelles.<\/p>\n<p><strong>Date<\/strong><br \/>Le 7 mars 2025 \u00e0 11h30<br \/><strong>En ligne sur<\/strong> : <a href=\"https:\/\/www.spf92.org\" target=\"_blank\" rel=\"nofollow noopener\">spf92.org<\/a><\/p>\n<p>De la Terre aux \u00e9toiles, l&#8217;empowerment des femmes dans l\u2019a\u00e9ronautique et l\u2019a\u00e9rospatial<\/p>\n<p>Un \u00e9v\u00e9nement organis\u00e9 par l&rsquo;association <a href=\"https:\/\/becomtech.fr\/\" target=\"_blank\" rel=\"nofollow noopener\">BECOMTECH<\/a>. Les femmes sont sous-repr\u00e9sent\u00e9es dans les secteurs de l\u2019a\u00e9rospatial et de l&rsquo;a\u00e9ronautique : on compte seulement 10% d\u2019aviatrices licenci\u00e9es. Face \u00e0 ce constat, l\u2019Ambassadrice BECOMTECH Nakia HT organise une conf\u00e9rence en ligne afin de mettre en lumi\u00e8re le parcours inspirant des femmes fran\u00e7aises de l\u2019a\u00e9rospatial et de l&rsquo;a\u00e9ronautique.<\/p>\n<p><strong>Intervenantes :<\/strong>\u00a0<\/p>\n<ul>\n<li>Claudie Haigner\u00e9, 1re spationaute fran\u00e7aise \u00e0 \u00eatre all\u00e9e dans l\u2019espace,<\/li>\n<li>Sandra Bouxirot, directrice France-BIA et pilote professionnelle,<\/li>\n<li>Brigitte Godard, m\u00e9decin des astronautes (ESA),<\/li>\n<li>Chlo\u00e9 Carri\u00e8re, ing\u00e9nieure a\u00e9rospatiale et vulgarisatrice scientifique,<\/li>\n<li>Aya A\u00efdouni, fondatrice de Stars Factory et Ambassadrice BECOMTECH<\/li>\n<\/ul>\n<p>Gr\u00e2ce \u00e0 cet \u00e9change, venez d\u00e9couvrir les m\u00e9tiers passionnants de l\u2019a\u00e9rospatial et de l&rsquo;a\u00e9ronautique et comment allez au-del\u00e0 des clich\u00e9s afin que les filles et les femmes prennent leur place dans ces secteurs\u00a0!<\/p>\n<p><strong>Date\u00a0<\/strong><br \/>Le 14 mars 2025 de 18h \u00e0 19h30<\/p>\n<p><strong>Inscription<\/strong> : <a href=\"https:\/\/www.eventbrite.fr\/e\/billets-de-la-terre-aux-etoiles-lempowerment-des-femmes-dans-laerospatial-1237445134709?aff=oddtdtcreator\" target=\"_blank\" rel=\"nofollow noopener\">eventbrite.fr\/e\/billets-de-la-terre-aux-etoiles-lempowerment-des-femmes-dans-laerospatial-1237445134709?aff=oddtdtcreator<\/a><\/p>\n<p>Conf\u00e9rence-d\u00e9bat<\/p>\n<p>\u00c0 l\u2019occasion de la Journ\u00e9e internationale des droits des femmes, l\u2019association<a href=\"https:\/\/www.ville-chilly-mazarin.fr\/annuaire-professionnel\/efapo\/\" target=\"_blank\" rel=\"nofollow noopener\"> EFAPO<\/a> et la MJC de Morangis (91) organisent un apr\u00e8s-midi de conf\u00e9rences d\u00e9bat pour mettre en lumi\u00e8re les d\u00e9fis auxquels les femmes sont encore confront\u00e9es et les bienfaits th\u00e9rapeutiques de l\u2019\u00e9criture. L\u2019\u00e9v\u00e9nement sera cl\u00f4tur\u00e9 par la valorisation de femmes inspirantes.<\/p>\n<p><strong>Date et lieu<\/strong><br \/>Le 8 mars \u00e0 partir de 14h<br \/>13, rue Ollivier-Beauregard, 91380 Chilly Mazarin<\/p>\n","protected":false},"excerpt":{"rendered":"Au programme notamment : Imbrisable \u00e9nergie, portrait de Virginie H\u00e9riot L&rsquo;association La Minutieuse propose un \u00e9v\u00e9nement d\u00e9di\u00e9 \u00e0&hellip;\n","protected":false},"author":2,"featured_media":373166,"comment_status":"","ping_status":"","sticky":false,"template":"","format":"standard","meta":{"footnotes":""},"categories":[1592],"tags":[1111,11,1777,674,1011,27,662,12,626,25],"class_list":{"0":"post-373165","1":"post","2":"type-post","3":"status-publish","4":"format-standard","5":"has-post-thumbnail","7":"category-ile-de-france","8":"tag-actu","9":"tag-actualites","10":"tag-eu","11":"tag-europe","12":"tag-fr","13":"tag-france","14":"tag-ile-de-france","15":"tag-news","16":"tag-paris","17":"tag-republique-francaise"},"share_on_mastodon":{"url":"https:\/\/pubeurope.com\/@fr\/115163568738364765","error":""},"_links":{"self":[{"href":"https:\/\/www.europesays.com\/fr\/wp-json\/wp\/v2\/posts\/373165","targetHints":{"allow":["GET"]}}],"collection":[{"href":"https:\/\/www.europesays.com\/fr\/wp-json\/wp\/v2\/posts"}],"about":[{"href":"https:\/\/www.europesays.com\/fr\/wp-json\/wp\/v2\/types\/post"}],"author":[{"embeddable":true,"href":"https:\/\/www.europesays.com\/fr\/wp-json\/wp\/v2\/users\/2"}],"replies":[{"embeddable":true,"href":"https:\/\/www.europesays.com\/fr\/wp-json\/wp\/v2\/comments?post=373165"}],"version-history":[{"count":0,"href":"https:\/\/www.europesays.com\/fr\/wp-json\/wp\/v2\/posts\/373165\/revisions"}],"wp:featuredmedia":[{"embeddable":true,"href":"https:\/\/www.europesays.com\/fr\/wp-json\/wp\/v2\/media\/373166"}],"wp:attachment":[{"href":"https:\/\/www.europesays.com\/fr\/wp-json\/wp\/v2\/media?parent=373165"}],"wp:term":[{"taxonomy":"category","embeddable":true,"href":"https:\/\/www.europesays.com\/fr\/wp-json\/wp\/v2\/categories?post=373165"},{"taxonomy":"post_tag","embeddable":true,"href":"https:\/\/www.europesays.com\/fr\/wp-json\/wp\/v2\/tags?post=373165"}],"curies":[{"name":"wp","href":"https:\/\/api.w.org\/{rel}","templated":true}]}}