{"id":373167,"date":"2025-09-07T14:49:37","date_gmt":"2025-09-07T14:49:37","guid":{"rendered":"https:\/\/www.europesays.com\/fr\/373167\/"},"modified":"2025-09-07T14:49:37","modified_gmt":"2025-09-07T14:49:37","slug":"mouvement-bloquons-tout-quels-secteurs-impactes-en-ile-de-france","status":"publish","type":"post","link":"https:\/\/www.europesays.com\/fr\/373167\/","title":{"rendered":"Mouvement \u00ab\u00a0Bloquons tout\u00a0\u00bb\u00a0: quels secteurs impact\u00e9s en \u00cele-de-France\u00a0?"},"content":{"rendered":"\n<p lang=\"fr-FR\" style=\"margin-bottom: 0cm;\">On en sait plus sur le mouvement \u00ab\u00a0Bloquons tout\u00a0\u00bb, qui appelle \u00e0 une journ\u00e9e de gr\u00e8ve g\u00e9n\u00e9rale le 10 septembre en contestation de la politique gouvernementale. En \u00cele-de-France, plusieurs secteurs devraient \u00eatre concern\u00e9s\u00a0: SUD a\u00e9rien pr\u00e9voit des perturbations \u00e0 Orly et Roissy, tandis que la CGT-Cheminots et La Base appellent \u00e0 la gr\u00e8ve dans les trains et RER. Des blocages sont aussi annonc\u00e9s d\u00e8s 7 heures sur le p\u00e9riph\u00e9rique parisien et un rassemblement \u00e0 14 heures aux Halles. La mobilisation pourrait m\u00eame d\u00e9buter d\u00e8s lundi prochain, juste apr\u00e8s le vote de confiance \u00e0 l&rsquo;Assembl\u00e9e nationale.<\/p>\n<p lang=\"fr-FR\" style=\"margin-bottom: 0cm;\">\u00a0<\/p>\n<p lang=\"fr-FR\" style=\"margin-bottom: 0cm;\">\u00a0<\/p>\n<p lang=\"fr-FR\" style=\"margin-bottom: 0cm;\">Nicolas Chacun &#8211; Samuel Agutter<\/p>\n<p lang=\"fr-FR\" style=\"margin-bottom: 0cm;\">\u00a0<\/p>\n<p>!function(f,b,e,v,n,t,s){if(f.fbq)return;n=f.fbq=function(){n.callMethod?<br \/>\nn.callMethod.apply(n,arguments):n.queue.push(arguments)};if(!f._fbq)f._fbq=n;<br \/>\nn.push=n;n.loaded=!0;n.version=&rsquo;2.0&prime;;n.queue=[];t=b.createElement(e);t.async=!0;<br \/>\nt.src=v;s=b.getElementsByTagName(e)[0];s.parentNode.insertBefore(t,s)}(window,<br \/>\ndocument,&rsquo;script&rsquo;,&rsquo;https:\/\/connect.facebook.net\/en_US\/fbevents.js&rsquo;);<br \/>\nfbq(&lsquo;init&rsquo;, &lsquo;278974969201861&rsquo;); \/\/ Insert your pixel ID here.<br \/>\nfbq(&lsquo;track&rsquo;, &lsquo;PageView&rsquo;);<\/p>\n","protected":false},"excerpt":{"rendered":"On en sait plus sur le mouvement \u00ab\u00a0Bloquons tout\u00a0\u00bb, qui appelle \u00e0 une journ\u00e9e de gr\u00e8ve g\u00e9n\u00e9rale le&hellip;\n","protected":false},"author":2,"featured_media":373168,"comment_status":"","ping_status":"","sticky":false,"template":"","format":"standard","meta":{"footnotes":""},"categories":[1592],"tags":[1111,11,1933,1936,1777,1939,674,1011,27,662,1934,12,1940,626,1935,25,1937,1941,1938],"class_list":{"0":"post-373167","1":"post","2":"type-post","3":"status-publish","4":"format-standard","5":"has-post-thumbnail","7":"category-ile-de-france","8":"tag-actu","9":"tag-actualites","10":"tag-actualites-locales","11":"tag-essonne","12":"tag-eu","13":"tag-eure-et-loir","14":"tag-europe","15":"tag-fr","16":"tag-france","17":"tag-ile-de-france","18":"tag-infos-locales","19":"tag-news","20":"tag-oise","21":"tag-paris","22":"tag-pres-de-chez-vous","23":"tag-republique-francaise","24":"tag-seine-et-marne","25":"tag-somme","26":"tag-yvelines"},"share_on_mastodon":{"url":"https:\/\/pubeurope.com\/@fr\/115163572741680495","error":""},"_links":{"self":[{"href":"https:\/\/www.europesays.com\/fr\/wp-json\/wp\/v2\/posts\/373167","targetHints":{"allow":["GET"]}}],"collection":[{"href":"https:\/\/www.europesays.com\/fr\/wp-json\/wp\/v2\/posts"}],"about":[{"href":"https:\/\/www.europesays.com\/fr\/wp-json\/wp\/v2\/types\/post"}],"author":[{"embeddable":true,"href":"https:\/\/www.europesays.com\/fr\/wp-json\/wp\/v2\/users\/2"}],"replies":[{"embeddable":true,"href":"https:\/\/www.europesays.com\/fr\/wp-json\/wp\/v2\/comments?post=373167"}],"version-history":[{"count":0,"href":"https:\/\/www.europesays.com\/fr\/wp-json\/wp\/v2\/posts\/373167\/revisions"}],"wp:featuredmedia":[{"embeddable":true,"href":"https:\/\/www.europesays.com\/fr\/wp-json\/wp\/v2\/media\/373168"}],"wp:attachment":[{"href":"https:\/\/www.europesays.com\/fr\/wp-json\/wp\/v2\/media?parent=373167"}],"wp:term":[{"taxonomy":"category","embeddable":true,"href":"https:\/\/www.europesays.com\/fr\/wp-json\/wp\/v2\/categories?post=373167"},{"taxonomy":"post_tag","embeddable":true,"href":"https:\/\/www.europesays.com\/fr\/wp-json\/wp\/v2\/tags?post=373167"}],"curies":[{"name":"wp","href":"https:\/\/api.w.org\/{rel}","templated":true}]}}