{"id":373169,"date":"2025-09-07T14:50:17","date_gmt":"2025-09-07T14:50:17","guid":{"rendered":"https:\/\/www.europesays.com\/fr\/373169\/"},"modified":"2025-09-07T14:50:17","modified_gmt":"2025-09-07T14:50:17","slug":"rien-na-ete-fait-accuse-le-collectif-de-victimes-apres-que-francois-bayrou-a-evoque-un-episode-difficile","status":"publish","type":"post","link":"https:\/\/www.europesays.com\/fr\/373169\/","title":{"rendered":"Rien n&rsquo;a \u00e9t\u00e9 fait\u00a0\u00bb, accuse le collectif de victimes apr\u00e8s que Fran\u00e7ois Bayrou a \u00e9voqu\u00e9 un \u00e9pisode \u00ab\u00a0difficile"},"content":{"rendered":"\n<p class=\"c-chapo \">\n  Invit\u00e9 de l&rsquo;\u00e9mission \u00ab\u00a0C \u00e0 vous\u00a0\u00bb sur France 5, le Premier ministre est revenu sur le scandale de l&rsquo;\u00e9tablissement catholique des Pyr\u00e9n\u00e9es-Atlantiques.\n<\/p>\n<p>            lire plus tard<\/p>\n<p id=\"dialog__title\" class=\"dialog__title\">Pour sauvegarder cet article, connectez-vous ou cr\u00e9ez un compte franceinfo<\/p>\n<p class=\"dialog__description\">Sans paiement. Sans abonnement.<\/p>\n<p>        Fermer la fen\u00eatre d\u2019activation des notifications France Info<\/p>\n<p>            cr\u00e9er votre compte<\/p>\n<p>            se connecter<\/p>\n<p>        Fermer la fen\u00eatre de pr\u00e9sentation<\/p>\n<p>    <img loading=\"lazy\" decoding=\"async\" class=\"signature__image lazyload\" width=\"100\" height=\"100\" data- alt=\"\" src=\"https:\/\/www.europesays.com\/fr\/wp-content\/uploads\/2025\/05\/64a68815cd1a7_placeholder-36b69ec8.png\"\/><\/p>\n<p>    Publi\u00e9 le 07\/09\/2025 14:04<\/p>\n<p>      Mis \u00e0 jour le 07\/09\/2025 14:27<\/p>\n<p>        Temps de lecture : 2min<\/p>\n<p>    <img decoding=\"async\"  alt=\"Le coll\u00e8ge-lyc\u00e9e Notre-Dame-de-B\u00e9tharram, dans les Pyr\u00e9n\u00e9es-Atlantiques, le 2 juillet 2025. (QUENTIN TOP \/ HANS LUCAS \/ AFP)\" width=\"432\" height=\"243\" src=\"https:\/\/www.europesays.com\/fr\/wp-content\/uploads\/2025\/09\/080-hl-qtop-2818846-68bd7477a3634407569711.jpg\" fetchpriority=\"high\"\/><\/p>\n<p>      Le coll\u00e8ge-lyc\u00e9e Notre-Dame-de-B\u00e9tharram, dans les Pyr\u00e9n\u00e9es-Atlantiques, le 2 juillet 2025. (QUENTIN TOP \/ HANS LUCAS \/ AFP)<\/p>\n<p>Le collectif des victimes des violences et agressions sexuelles perp\u00e9tr\u00e9es pendant plusieurs d\u00e9cennies dans <a href=\"https:\/\/www.franceinfo.fr\/societe\/education\/affaire-de-violences-sexuelles-a-notre-dame-de-betharram\/betharram-apres-la-publication-du-rapport-de-la-commission-d-enquete-francois-bayrou-se-defend-de-tout-defaut-d-action_7350480.html\" rel=\"nofollow noopener\" target=\"_blank\">le coll\u00e8ge-lyc\u00e9e de Notre-Dame-de-B\u00e9tharram<\/a> r\u00e9pond \u00e0 Fran\u00e7ois Bayrou. Invit\u00e9 de l&rsquo;\u00e9mission \u00ab\u00a0C \u00e0 vous\u00a0\u00bb, sur France 5, samedi 6 septembre, le Premier ministre a d\u00e9clar\u00e9 que le scandale avait \u00ab\u00a0\u00e9t\u00e9 un combat vraiment tr\u00e8s dur\u00a0\u00bb. \u00ab\u00a0Et pour ma famille, \u00e7a a \u00e9t\u00e9 d\u00e9gueulasse\u00a0\u00bb, a dit Fran\u00e7ois Bayrou, accus\u00e9, notamment par la gauche, d&rsquo;avoir menti sur sa connaissance des violences et agressions sexuelles perp\u00e9tr\u00e9es dans l&rsquo;\u00e9tablissement des Pyr\u00e9n\u00e9es-Atlantiques, o\u00f9 plusieurs de ses enfants ont \u00e9t\u00e9 scolaris\u00e9s et o\u00f9 son \u00e9pouse a enseign\u00e9 le cat\u00e9chisme.\u00a0<\/p>\n<p>\u00ab\u00a0Il est surtout d\u00e9gueulasse que, malgr\u00e9 les engagements pris, rien n&rsquo;ait \u00e9t\u00e9 fait\u00a0\u00bb, a r\u00e9pondu dans un communiqu\u00e9 Alain Esquerre, <a href=\"https:\/\/www.franceinfo.fr\/replay-radio\/ils-ont-fait-l-actu\/betharram-le-lanceur-d-alerte-alain-esquerre-deplore-l-absence-de-creation-d-une-structure-ad-hoc-pour-une-meilleure-protection-des-victimes_7355805.html\" rel=\"nofollow noopener\" target=\"_blank\">porte-parole du collectif<\/a> et auteur d&rsquo;un livre sur le scandale de Notre-Dame-de-B\u00e9tharram.<\/p>\n<blockquote class=\"ftvi_content_quote\">\n<p class=\"ftvi_citation_quote\">\u00ab\u00a0Alors que [Fran\u00e7ois Bayrou] insiste sur les souffrances v\u00e9cues par sa famille, le collectif rappelle que la v\u00e9ritable urgence reste celle des victimes, toujours en attente de reconnaissance, de r\u00e9paration et de soutien psychologique.\u00a0\u00bb<\/p>\n<p>Le collectif de victimes de B\u00e9tharram<\/p>\n<p class=\"ftvi_citation_source\">dans un communiqu\u00e9<\/p>\n<\/blockquote>\n<p>Face \u00e0 l&rsquo;affaire, le gouvernement avait annonc\u00e9 d\u00e9ployer un plan de lutte contre les violences au sein des \u00e9tablissements priv\u00e9s sous contrat et un renforcement des contr\u00f4les. Mais les victimes, qui avaient rencontr\u00e9 le Premier ministre en f\u00e9vrier, estiment que ses promesses sont rest\u00e9es \u00ab\u00a0lettre morte\u00a0\u00bb. Le collectif d\u00e9plore ainsi qu&rsquo;un fonds d&rsquo;indemnisation n&rsquo;ait \u00ab\u00a0jamais \u00e9t\u00e9 cr\u00e9\u00e9\u00a0\u00bb et que le \u00ab\u00a0conseil des victimes\u00a0\u00bb \u00e9voqu\u00e9 lors de l&rsquo;audition parlementaire de Fran\u00e7ois Bayrou n&rsquo;ait fait l&rsquo;objet \u00ab\u00a0d&rsquo;aucun d\u00e9but de mise en place\u00a0\u00bb. Quant au plan gouvernemental, le collectif juge qu&rsquo;il doit \u00ab\u00a0encore \u00eatre \u00e9valu\u00e9 pour en mesurer l&rsquo;efficacit\u00e9\u00a0\u00bb.\u00a0A la fin du mois de juillet 2025, <a href=\"https:\/\/www.franceinfo.fr\/societe\/education\/affaire-de-violences-sexuelles-a-notre-dame-de-betharram\/affaire-betharram-17-nouvelles-plaintes-doivent-etre-deposees-mercredi-pour-violences-physiques-violences-sexuelles-et-viols_7392625.html\" rel=\"nofollow noopener\" target=\"_blank\">217 plaintes p\u00e9nales<\/a> avaient \u00e9t\u00e9 recens\u00e9es par le collectif de victimes de B\u00e9tharram, dont une centaine porte sur des faits \u00e0 caract\u00e8re sexuel.<\/p>\n","protected":false},"excerpt":{"rendered":"Invit\u00e9 de l&rsquo;\u00e9mission \u00ab\u00a0C \u00e0 vous\u00a0\u00bb sur France 5, le Premier ministre est revenu sur le scandale de&hellip;\n","protected":false},"author":2,"featured_media":373170,"comment_status":"","ping_status":"","sticky":false,"template":"","format":"standard","meta":{"footnotes":""},"categories":[1888],"tags":[1111,1928,11,1927,1777,674,1011,27,12,1926,626,1925,25],"class_list":{"0":"post-373169","1":"post","2":"type-post","3":"status-publish","4":"format-standard","5":"has-post-thumbnail","7":"category-paris","8":"tag-actu","9":"tag-actu-paris","10":"tag-actualites","11":"tag-actualites-paris","12":"tag-eu","13":"tag-europe","14":"tag-fr","15":"tag-france","16":"tag-news","17":"tag-news-paris","18":"tag-paris","19":"tag-paris-news","20":"tag-republique-francaise"},"share_on_mastodon":{"url":"https:\/\/pubeurope.com\/@fr\/115163576718530367","error":""},"_links":{"self":[{"href":"https:\/\/www.europesays.com\/fr\/wp-json\/wp\/v2\/posts\/373169","targetHints":{"allow":["GET"]}}],"collection":[{"href":"https:\/\/www.europesays.com\/fr\/wp-json\/wp\/v2\/posts"}],"about":[{"href":"https:\/\/www.europesays.com\/fr\/wp-json\/wp\/v2\/types\/post"}],"author":[{"embeddable":true,"href":"https:\/\/www.europesays.com\/fr\/wp-json\/wp\/v2\/users\/2"}],"replies":[{"embeddable":true,"href":"https:\/\/www.europesays.com\/fr\/wp-json\/wp\/v2\/comments?post=373169"}],"version-history":[{"count":0,"href":"https:\/\/www.europesays.com\/fr\/wp-json\/wp\/v2\/posts\/373169\/revisions"}],"wp:featuredmedia":[{"embeddable":true,"href":"https:\/\/www.europesays.com\/fr\/wp-json\/wp\/v2\/media\/373170"}],"wp:attachment":[{"href":"https:\/\/www.europesays.com\/fr\/wp-json\/wp\/v2\/media?parent=373169"}],"wp:term":[{"taxonomy":"category","embeddable":true,"href":"https:\/\/www.europesays.com\/fr\/wp-json\/wp\/v2\/categories?post=373169"},{"taxonomy":"post_tag","embeddable":true,"href":"https:\/\/www.europesays.com\/fr\/wp-json\/wp\/v2\/tags?post=373169"}],"curies":[{"name":"wp","href":"https:\/\/api.w.org\/{rel}","templated":true}]}}