{"id":373171,"date":"2025-09-07T14:51:10","date_gmt":"2025-09-07T14:51:10","guid":{"rendered":"https:\/\/www.europesays.com\/fr\/373171\/"},"modified":"2025-09-07T14:51:10","modified_gmt":"2025-09-07T14:51:10","slug":"cette-exposition-musicale-bat-un-record-absolu-daffluence-a-paris","status":"publish","type":"post","link":"https:\/\/www.europesays.com\/fr\/373171\/","title":{"rendered":"Cette exposition musicale bat un record absolu d&rsquo;affluence \u00e0 Paris"},"content":{"rendered":"<p><img decoding=\"async\" src=\"https:\/\/www.europesays.com\/fr\/wp-content\/uploads\/2025\/09\/photo_1756993851.jpg\" class=\"textcenter img-content\" loading=\"lazy\"\/>Abaca<br \/>\n<br \/>\nVous avez vu des personnes en pantalon pattes d&rsquo;eph&rsquo;, chaussures compens\u00e9es et chemises au col pelle \u00e0 tarte d\u00e9ambuler dans le Parc de la Villette ces derniers mois ? Non, vous n&rsquo;\u00eates pas tomb\u00e9s dans une faille spatio-temporelle : pendant six mois, la Philharmonie de Paris a v\u00e9cu au rythme de sa derni\u00e8re exposition phare <a href=\"https:\/\/www.chartsinfrance.net\/actualite\/news-131662.html\" target=\"_blank\" class=\"spip_out\" rel=\"nofollow noopener\">\u00ab\u00a0Disco, I&rsquo;m Coming Out\u00a0\u00bb<\/a>. G\u00e9r\u00e9e par le commissaire Jean-Yves Leloup, la r\u00e9trospective a permis aux visiteurs m\u00e9lomanes de replonger dans l&rsquo;histoire du genre, \u00e0 travers son c\u00f4t\u00e9 engag\u00e9 envers la communaut\u00e9 LGBT. Le tout rythm\u00e9 par une bande-son nostalgique concoct\u00e9e par Dimitri from Paris, alliant les reines du genre (Sheila, Donna Summer, Diana Ross) aux contemporaines (Juliette Armanet, Clara Luciani). <\/p>\n<p>Le player Dailymotion est en train de se charger&#8230;<\/p>\n<p>Le disco bat David Bowie !<br \/>\nInaugur\u00e9e le 14 f\u00e9vrier dernier, l&rsquo;exposition a ferm\u00e9 ses portes le 17 ao\u00fbt. Et les comptes sont plus que bons. Comme se f\u00e9licitent les \u00e9quipes du lieu, \u00ab\u00a0Disco, I&rsquo;m Coming Out\u00a0\u00bb est devenue tout simplement l&rsquo;exposition la plus visit\u00e9e de l&rsquo;histoire de la Cit\u00e9 de la musique \u2013 Philharmonie de Paris. Avec tr\u00e8s pr\u00e9cis\u00e9ment 200.402 entr\u00e9es comptabilis\u00e9es, cet \u00e9v\u00e9nement a battu le pr\u00e9c\u00e9dent record d\u00e9tenu par <a href=\"https:\/\/www.chartsinfrance.net\/David-Bowie\/news-96101.html\" target=\"_blank\" class=\"spip_out\" rel=\"nofollow noopener\">l&rsquo;exposition \u00ab\u00a0David Bowie Is\u00a0\u00bb<\/a>, qui avait attir\u00e9 196.650 fans du chanteur d\u00e9but 2015, <a href=\"https:\/\/www.chartsinfrance.net\/David-Bowie\/news-100518.html\" target=\"_blank\" class=\"spip_out\" rel=\"nofollow noopener\">un an avant sa disparition<\/a>. <\/p>\n<p>La Philharmonie en profite pour annoncer ses trois prochaines expositions temporaires, consacr\u00e9es au peintre Vassily Kandinsky (\u00ab\u00a0Kandinsky, La musique des couleurs\u00a0\u00bb, d\u00e8s le 15 octobre), \u00e0 la jeune pianiste chinoise Yuja Wang (\u00ab\u00a0Playing with Fire, Une odyss\u00e9e immersive avec Yuja Wang\u00a0\u00bb \u00e0 partir du 14 novembre) et enfin \u00e0 un dialogue entre musique et jeu vid\u00e9o (\u00ab\u00a0Video Games &amp; Music, La musique dont vous \u00eates le h\u00e9ros\u00a0\u00bb en avril 2026).<\/p>\n","protected":false},"excerpt":{"rendered":"Abaca Vous avez vu des personnes en pantalon pattes d&rsquo;eph&rsquo;, chaussures compens\u00e9es et chemises au col pelle \u00e0&hellip;\n","protected":false},"author":2,"featured_media":373172,"comment_status":"","ping_status":"","sticky":false,"template":"","format":"standard","meta":{"footnotes":""},"categories":[1888],"tags":[1111,1928,11,1927,1777,674,1011,27,12,1926,626,1925,25],"class_list":{"0":"post-373171","1":"post","2":"type-post","3":"status-publish","4":"format-standard","5":"has-post-thumbnail","7":"category-paris","8":"tag-actu","9":"tag-actu-paris","10":"tag-actualites","11":"tag-actualites-paris","12":"tag-eu","13":"tag-europe","14":"tag-fr","15":"tag-france","16":"tag-news","17":"tag-news-paris","18":"tag-paris","19":"tag-paris-news","20":"tag-republique-francaise"},"share_on_mastodon":{"url":"https:\/\/pubeurope.com\/@fr\/115163580626168410","error":""},"_links":{"self":[{"href":"https:\/\/www.europesays.com\/fr\/wp-json\/wp\/v2\/posts\/373171","targetHints":{"allow":["GET"]}}],"collection":[{"href":"https:\/\/www.europesays.com\/fr\/wp-json\/wp\/v2\/posts"}],"about":[{"href":"https:\/\/www.europesays.com\/fr\/wp-json\/wp\/v2\/types\/post"}],"author":[{"embeddable":true,"href":"https:\/\/www.europesays.com\/fr\/wp-json\/wp\/v2\/users\/2"}],"replies":[{"embeddable":true,"href":"https:\/\/www.europesays.com\/fr\/wp-json\/wp\/v2\/comments?post=373171"}],"version-history":[{"count":0,"href":"https:\/\/www.europesays.com\/fr\/wp-json\/wp\/v2\/posts\/373171\/revisions"}],"wp:featuredmedia":[{"embeddable":true,"href":"https:\/\/www.europesays.com\/fr\/wp-json\/wp\/v2\/media\/373172"}],"wp:attachment":[{"href":"https:\/\/www.europesays.com\/fr\/wp-json\/wp\/v2\/media?parent=373171"}],"wp:term":[{"taxonomy":"category","embeddable":true,"href":"https:\/\/www.europesays.com\/fr\/wp-json\/wp\/v2\/categories?post=373171"},{"taxonomy":"post_tag","embeddable":true,"href":"https:\/\/www.europesays.com\/fr\/wp-json\/wp\/v2\/tags?post=373171"}],"curies":[{"name":"wp","href":"https:\/\/api.w.org\/{rel}","templated":true}]}}