{"id":373173,"date":"2025-09-07T14:52:13","date_gmt":"2025-09-07T14:52:13","guid":{"rendered":"https:\/\/www.europesays.com\/fr\/373173\/"},"modified":"2025-09-07T14:52:13","modified_gmt":"2025-09-07T14:52:13","slug":"canal-veut-mettre-la-main-sur-les-cinemas-ugc","status":"publish","type":"post","link":"https:\/\/www.europesays.com\/fr\/373173\/","title":{"rendered":"Canal+ veut mettre la main sur les cin\u00e9mas UGC"},"content":{"rendered":"<p data-start=\"355\" data-end=\"750\">Le groupe audiovisuel Canal+ entend renforcer sa pr\u00e9sence dans l\u2019univers du cin\u00e9ma fran\u00e7ais. Ou plut\u00f4t, dans celui des salles obscures. Dans un communiqu\u00e9 publi\u00e9 le 2 septembre, Canal+ a annonc\u00e9 \u00eatre entr\u00e9 en n\u00e9gociations exclusives pour racheter une partie du capital d\u2019UGC. Dans un premier temps, Canal+ pr\u00e9voit d\u2019acqu\u00e9rir 34 % du capital d\u2019UGC, avant une \u00ab prise de contr\u00f4le \u00e9ventuelle \u00bb \u00e0 partir de 2028, sous r\u00e9serve d\u2019un accord avec les actionnaires d\u2019UGC.<\/p>\n<p data-start=\"752\" data-end=\"954\">\u00ab La signature des accords relatifs \u00e0 l\u2019op\u00e9ration envisag\u00e9e sera soumise, le cas \u00e9ch\u00e9ant, \u00e0 l\u2019information et \u00e0 la consultation des instances repr\u00e9sentatives du personnel concern\u00e9es \u00bb, pr\u00e9cise le groupe de m\u00e9dias.<\/p>\n<p data-start=\"956\" data-end=\"1496\">Avec 55 cin\u00e9mas (dont 48 en France et 7 en Belgique) et plusieurs dizaines de millions d\u2019entr\u00e9es enregistr\u00e9es chaque ann\u00e9e, UGC -dont Canal+, via sa filiale Canal+ Brand Solutions, assure d\u00e9j\u00e0 la commercialisation des espaces publicitaires diffus\u00e9s avant les films- figure parmi les principaux exploitants de salles en France, derri\u00e8re Path\u00e9 et CGR. Le groupe UGC se concentre sur de grands multiplexes en zone urbaine, comme l\u2019UGC Cin\u00e9 Cit\u00e9 Les Halles \u00e0 Paris -le cin\u00e9ma le plus fr\u00e9quent\u00e9 au monde- ou encore l\u2019UGC Cin\u00e9 Cit\u00e9 La D\u00e9fense. Ce dernier, implant\u00e9 au Westfield Les 4 Temps depuis avril 2006, a remplac\u00e9 un ancien cin\u00e9ma que le groupe avait acquis \u00e0 la fin des ann\u00e9es 1990.<\/p>\n<p data-start=\"1498\" data-end=\"1820\">En parall\u00e8le de l\u2019exploitation de salles, UGC produit et distribue \u00e9galement de nombreux films, avec \u00e0 son actif plusieurs succ\u00e8s populaires comme \u00ab\u00a0Qu\u2019est-ce qu\u2019on a fait au Bon Dieu ?\u00a0\u00bb ou \u00ab\u00a0Le Fabuleux Destin d\u2019Am\u00e9lie Poulain\u00a0\u00bb, ainsi que des s\u00e9ries t\u00e9l\u00e9vis\u00e9es reconnues \u00e0 l\u2019international telles que \u00ab\u00a0HPI\u00a0\u00bb ou \u00ab\u00a0Soleil Noir\u00a0\u00bb.<\/p>\n<p data-start=\"1822\" data-end=\"2451\">\u00ab Depuis sa cr\u00e9ation en 1984, Canal+ est le premier partenaire du cin\u00e9ma fran\u00e7ais et europ\u00e9en. UGC a construit une cha\u00eene de cin\u00e9mas remarquable et un catalogue embl\u00e9matique de contenus. La croissance de StudioCanal, dirig\u00e9 par Anna Marsh, est un enjeu majeur pour le groupe Canal+, et sa combinaison avec UGC, un partenaire strat\u00e9gique de longue date, nous permettrait d\u2019acc\u00e9l\u00e9rer ce d\u00e9veloppement. Cette op\u00e9ration d\u00e9montre l\u2019engagement du groupe Canal+ dans le cin\u00e9ma et dans l\u2019exploitation en salles, qui joue un r\u00f4le essentiel dans son exposition et sa valorisation \u00bb, d\u00e9clare Maxime Saada, pr\u00e9sident du directoire de Canal+.<\/p>\n<blockquote class=\"twitter-tweet\">\n<p dir=\"ltr\" lang=\"fr\">CANAL+ entre en n\u00e9gociations exclusives pour une prise de participation minoritaire au capital d\u2019UGC, un des leaders du cin\u00e9ma fran\u00e7ais, suivie d\u2019une prise de contr\u00f4le \u00e9ventuelle en 2028<\/p>\n<p>\u27a1\ufe0f Communiqu\u00e9 : <a href=\"https:\/\/t.co\/NvDtQpNATv\" rel=\"nofollow\">https:\/\/t.co\/NvDtQpNATv<\/a><\/p>\n<p>CANAL+ enters exclusive n\u00e9gociations to acquire a\u2026<\/p>\n<p>\u2014 CANAL+ group (@canalplusgroupe) <a href=\"https:\/\/twitter.com\/canalplusgroupe\/status\/1962935135319257155?ref_src=twsrc%5Etfw\" rel=\"nofollow noopener\" target=\"_blank\">September 2, 2025<\/a><\/p>\n<\/blockquote>\n<p><script async src=\"https:\/\/platform.twitter.com\/widgets.js\" charset=\"utf-8\"><\/script><\/p>\n","protected":false},"excerpt":{"rendered":"Le groupe audiovisuel Canal+ entend renforcer sa pr\u00e9sence dans l\u2019univers du cin\u00e9ma fran\u00e7ais. Ou plut\u00f4t, dans celui des&hellip;\n","protected":false},"author":2,"featured_media":373174,"comment_status":"","ping_status":"","sticky":false,"template":"","format":"standard","meta":{"footnotes":""},"categories":[1888],"tags":[11,1777,674,1011,27,12,626,25],"class_list":{"0":"post-373173","1":"post","2":"type-post","3":"status-publish","4":"format-standard","5":"has-post-thumbnail","7":"category-paris","8":"tag-actualites","9":"tag-eu","10":"tag-europe","11":"tag-fr","12":"tag-france","13":"tag-news","14":"tag-paris","15":"tag-republique-francaise"},"share_on_mastodon":{"url":"https:\/\/pubeurope.com\/@fr\/115163584551155073","error":""},"_links":{"self":[{"href":"https:\/\/www.europesays.com\/fr\/wp-json\/wp\/v2\/posts\/373173","targetHints":{"allow":["GET"]}}],"collection":[{"href":"https:\/\/www.europesays.com\/fr\/wp-json\/wp\/v2\/posts"}],"about":[{"href":"https:\/\/www.europesays.com\/fr\/wp-json\/wp\/v2\/types\/post"}],"author":[{"embeddable":true,"href":"https:\/\/www.europesays.com\/fr\/wp-json\/wp\/v2\/users\/2"}],"replies":[{"embeddable":true,"href":"https:\/\/www.europesays.com\/fr\/wp-json\/wp\/v2\/comments?post=373173"}],"version-history":[{"count":0,"href":"https:\/\/www.europesays.com\/fr\/wp-json\/wp\/v2\/posts\/373173\/revisions"}],"wp:featuredmedia":[{"embeddable":true,"href":"https:\/\/www.europesays.com\/fr\/wp-json\/wp\/v2\/media\/373174"}],"wp:attachment":[{"href":"https:\/\/www.europesays.com\/fr\/wp-json\/wp\/v2\/media?parent=373173"}],"wp:term":[{"taxonomy":"category","embeddable":true,"href":"https:\/\/www.europesays.com\/fr\/wp-json\/wp\/v2\/categories?post=373173"},{"taxonomy":"post_tag","embeddable":true,"href":"https:\/\/www.europesays.com\/fr\/wp-json\/wp\/v2\/tags?post=373173"}],"curies":[{"name":"wp","href":"https:\/\/api.w.org\/{rel}","templated":true}]}}