{"id":37318,"date":"2025-04-19T20:45:16","date_gmt":"2025-04-19T20:45:16","guid":{"rendered":"https:\/\/www.europesays.com\/fr\/37318\/"},"modified":"2025-04-19T20:45:16","modified_gmt":"2025-04-19T20:45:16","slug":"la-constitution-dune-armee-europeenne-unifiee-mythe-ou-realite","status":"publish","type":"post","link":"https:\/\/www.europesays.com\/fr\/37318\/","title":{"rendered":"La constitution d&rsquo;une arm\u00e9e europ\u00e9enne unifi\u00e9e : mythe ou r\u00e9alit\u00e9\u00a0?"},"content":{"rendered":"<p><img decoding=\"async\" class=\"c-ad__placeholder__logo\" src=\"https:\/\/www.europesays.com\/fr\/wp-content\/uploads\/2025\/03\/logo-euronews-grey-6-180x22.svg.svg+xml\" width=\"180\" height=\"22\" alt=\"\" loading=\"lazy\"\/>PUBLICIT\u00c9<\/p>\n<p>Le pr\u00e9sident ukrainien <a href=\"https:\/\/fr.euronews.com\/2025\/02\/15\/zelensky-il-est-temps-de-creer-des-forces-armees-de-leurope\" target=\"_blank\" rel=\"noopener\">Volodymyr Zelensky <\/a>et le premier ministre espagnol Pedro S\u00e1nchez sont parmi les derni\u00e8res voix \u00e0 soutenir l&rsquo;id\u00e9e d&rsquo;une arm\u00e9e europ\u00e9enne pour garantir une paix cr\u00e9dible et durable sur le continent.<\/p>\n<p>\u00ab\u00a0Il est temps de cr\u00e9er une arm\u00e9e europ\u00e9enne, des forces arm\u00e9es de l&rsquo;UE avec des troupes des 27 pays membres, travaillant sous un seul drapeau avec les m\u00eames objectifs\u00a0\u00bb, a d\u00e9clar\u00e9 M. S\u00e1nchez. \u00ab\u00a0C&rsquo;est la seule fa\u00e7on de devenir une v\u00e9ritable union.<\/p>\n<p><img decoding=\"async\" src=\"https:\/\/www.europesays.com\/fr\/wp-content\/uploads\/2025\/03\/icon-cross-10x10-grey-6.svg.svg+xml\" width=\"10\" height=\"10\" alt=\"Close advertising\" fetchpriority=\"high\" loading=\"lazy\"\/><\/p>\n<p>Sur le papier, le concept est s\u00e9duisant. Il pourrait stimuler l&rsquo;interop\u00e9rabilit\u00e9 des syst\u00e8mes, des armes et des forces militaires, et impliquerait \u00e9galement une structure de commandement commune afin d&rsquo;am\u00e9liorer la coordination entre toutes les troupes participantes.<\/p>\n<p><strong>L&rsquo;Europe, y compris le Royaume-Uni, compte actuellement 1,47 million de militaires en service actif<\/strong>. <\/p>\n<p><strong>\u00c0 la fin de 2024, la pr\u00e9sence russe en Ukraine aura atteint 700 000 soldats.<\/strong><\/p>\n<p>Les forces arm\u00e9es les plus importantes se trouvent en France, avec 202 200 soldats, suivie par l&rsquo;Allemagne (179 850), la Pologne (164 100), l&rsquo;Italie (161 850), le Royaume-Uni (141 100), la Gr\u00e8ce (132 000) et l&rsquo;Espagne (122 200), selon la Balance militaire 2025, compil\u00e9e par l&rsquo;IISS.<\/p>\n<p>\u00c0 court terme, le d\u00e9fi de l&rsquo;Europe n&rsquo;est pas de remplacer l&rsquo;arm\u00e9e am\u00e9ricaine une \u00e0 une, a d\u00e9clar\u00e9 Max Bergmann, directeur du Centre am\u00e9ricain d&rsquo;\u00e9tudes strat\u00e9giques et internationales, dans une analyse r\u00e9cente. \u00ab\u00a0Mais \u00e0 long terme, l&rsquo;Europe devrait s&rsquo;atteler s\u00e9rieusement \u00e0 la construction d&rsquo;une force europ\u00e9enne commune capable de combattre et d&rsquo;agir comme un seul homme pour d\u00e9fendre l&rsquo;Europe, une force capable de remplacer les \u00c9tats-Unis\u00a0\u00bb, a-t-il \u00e9crit.<\/p>\n<p>Malgr\u00e9 les appels lanc\u00e9s par plusieurs capitales ces derni\u00e8res ann\u00e9es, nombreux responsables de l&rsquo;UE \u00e0 Bruxelles restent r\u00e9ticents \u00e0 l&rsquo;id\u00e9e de relancer l&rsquo;id\u00e9e.<\/p>\n<p>Un nouveau d\u00e9bat sur la cr\u00e9ation d&rsquo;une arm\u00e9e europ\u00e9enne ne ferait que cr\u00e9er de la confusion, a d\u00e9clar\u00e9 l&rsquo;un d&rsquo;entre eux \u00e0 Euronews.<\/p>\n<p>\u00ab\u00a0<strong>La d\u00e9fense est et restera une pr\u00e9rogative nationale<\/strong>\u00ab\u00a0, a ajout\u00e9 un porte-parole de l&rsquo;UE, pr\u00e9cisant qu&rsquo;il ne s&rsquo;agissait pas d&rsquo;avoir une \u00ab\u00a0arm\u00e9e de l&rsquo;UE\u00a0\u00bb, mais plut\u00f4t d&rsquo;avoir 27 arm\u00e9es capables et interop\u00e9rables qui peuvent travailler mieux et ensemble.<\/p>\n<p>Les discussions et les projets actuels se concentrent sur l&rsquo;int\u00e9gration de l&rsquo;Ukraine dans le march\u00e9 de la d\u00e9fense de l&rsquo;UE et sur le renforcement des capacit\u00e9s militaires et de l&rsquo;\u00e9tat de pr\u00e9paration en cas d&rsquo;agression russe potentielle, ce qui, selon plusieurs agences de renseignement europ\u00e9ennes, pourrait se produire d&rsquo;ici cinq ans.<\/p>\n<p>Au d\u00e9but de l&rsquo;ann\u00e9e, la cheffe de la diplomatie europ\u00e9enne, Kaja Kallas, a not\u00e9 que la fragmentation en Europe gonflait les co\u00fbts, entravait l&rsquo;interop\u00e9rabilit\u00e9 et causait des probl\u00e8mes logistiques. <\/p>\n<p>Le continent compte actuellement 172 types diff\u00e9rents de syst\u00e8mes d&rsquo;armes, d&rsquo;avions, de v\u00e9hicules et de navires de combat, contre seulement 32 aux \u00c9tats-Unis.<\/p>\n<p>\u00ab\u00a0Nous avons besoin d&rsquo;int\u00e9gration en mati\u00e8re de d\u00e9fense et d&rsquo;interop\u00e9rabilit\u00e9 sur le terrain. Nous n&rsquo;avons pas besoin d&rsquo;une arm\u00e9e europ\u00e9enne\u00a0\u00bb, a d\u00e9clar\u00e9 l&rsquo;ancienne Premi\u00e8re ministre estonienne.<\/p>\n<p>Aujourd&rsquo;hui, 23 des 27 pays de l&rsquo;UE sont couverts par l&rsquo;alliance militaire transatlantique. <\/p>\n<p><img decoding=\"async\" class=\"c-ad__placeholder__logo\" src=\"https:\/\/www.europesays.com\/fr\/wp-content\/uploads\/2025\/03\/logo-euronews-grey-6-180x22.svg.svg+xml\" width=\"180\" height=\"22\" alt=\"\" loading=\"lazy\"\/>PUBLICIT\u00c9<\/p>\n<p>Les \u00c9tats-Unis r\u00e9orientent leur strat\u00e9gie vers la r\u00e9gion indo-pacifique et exhortent leurs alli\u00e9s europ\u00e9ens \u00e0 assumer une plus grande part du fardeau de la d\u00e9fense.<\/p>\n<p>L&rsquo;OTAN devrait demander \u00e0 ses 32 membres d&rsquo;augmenter leurs objectifs de capacit\u00e9 militaire de 30 % lors de son sommet annuel qui se tiendra \u00e0 La Haye, aux Pays-Bas, en juin.<\/p>\n<p>L&rsquo;Alliance devrait \u00e9galement demander \u00e0 ses membres de porter leurs d\u00e9penses de d\u00e9fense \u00e0 au moins 3 % du PIB, contre 2 % actuellement, ce que certains pays europ\u00e9ens, dont la Belgique, l&rsquo;Italie et l&rsquo;Espagne, ne parviennent toujours pas \u00e0 faire.<\/p>\n<p>Des poids lourds de l&rsquo;UE tels que M. Kallas et Andrius Kubilius, commissaire europ\u00e9en \u00e0 la d\u00e9fense, ont soulign\u00e9 \u00e0 plusieurs reprises que l&rsquo;UE ne cherchait pas \u00e0 concurrencer l&rsquo;OTAN, mais plut\u00f4t \u00e0 soutenir ses membres europ\u00e9ens dans la r\u00e9alisation d&rsquo;objectifs communs.<\/p>\n<p><img decoding=\"async\" class=\"c-ad__placeholder__logo\" src=\"https:\/\/www.europesays.com\/fr\/wp-content\/uploads\/2025\/03\/logo-euronews-grey-6-180x22.svg.svg+xml\" width=\"180\" height=\"22\" alt=\"\" loading=\"lazy\"\/>PUBLICIT\u00c9<\/p>\n<p>\u00ab\u00a0Nous avons besoin de 27 arm\u00e9es europ\u00e9ennes capables de travailler efficacement ensemble pour dissuader nos rivaux et d\u00e9fendre l&rsquo;Europe, de pr\u00e9f\u00e9rence avec nos alli\u00e9s et partenaires, mais seules si n\u00e9cessaire\u00a0\u00bb, a d\u00e9clar\u00e9 M. Kallas \u00e0 la fin du mois de janvier.<\/p>\n<p>Selon les estimations pr\u00e9liminaires du groupe de r\u00e9flexion \u00e9conomique Bruegel, bas\u00e9 \u00e0 Bruxelles, pour que l&rsquo;Europe puisse servir de moyen de dissuasion cr\u00e9dible sans le soutien des \u00c9tats-Unis, une arm\u00e9e europ\u00e9enne aurait besoin d&rsquo;au moins 1 400 chars, 2 000 v\u00e9hicules de combat d&rsquo;infanterie et 700 pi\u00e8ces d&rsquo;artillerie. <\/p>\n<p>Elle aurait \u00e9galement besoin d&rsquo;un million d&rsquo;obus de 155 mm pour les trois premiers mois de combat de haute intensit\u00e9.<\/p>\n<p>En termes de personnel, <strong>l&rsquo;Europe aurait besoin de 300 000 soldats suppl\u00e9mentaires<\/strong>. <\/p>\n<p><img decoding=\"async\" class=\"c-ad__placeholder__logo\" src=\"https:\/\/www.europesays.com\/fr\/wp-content\/uploads\/2025\/03\/logo-euronews-grey-6-180x22.svg.svg+xml\" width=\"180\" height=\"22\" alt=\"\" loading=\"lazy\"\/>PUBLICIT\u00c9<\/p>\n<p>La production de drones devrait \u00eatre port\u00e9e \u00e0 2 000 appareils longue port\u00e9e par an pour atteindre les niveaux russes. <\/p>\n<p>Enfin, les d\u00e9penses de d\u00e9fense devraient augmenter d&rsquo;environ 250 milliards d&rsquo;euros par an, soit environ 3,5 % du PIB, \u00e0 court terme.<\/p>\n<p>\u00ab\u00a0Nous devrions essayer de cr\u00e9er une parit\u00e9 militaire entre l&rsquo;Europe et la Russie, qui maintiendrait cette dissuasion sans avoir \u00e0 recourir \u00e0 la dissuasion nucl\u00e9aire\u00a0\u00bb, a d\u00e9clar\u00e9 \u00e0 Euronews Alexandr Burilkov, co-auteur de l&rsquo;analyse de Bruegel.<\/p>\n","protected":false},"excerpt":{"rendered":"PUBLICIT\u00c9 Le pr\u00e9sident ukrainien Volodymyr Zelensky et le premier ministre espagnol Pedro S\u00e1nchez sont parmi les derni\u00e8res voix&hellip;\n","protected":false},"author":2,"featured_media":37319,"comment_status":"","ping_status":"","sticky":false,"template":"","format":"standard","meta":{"footnotes":""},"categories":[1586],"tags":[11,554,1777,674,1779,11884,1011,27,12,136,25,1778,364],"class_list":{"0":"post-37318","1":"post","2":"type-post","3":"status-publish","4":"format-standard","5":"has-post-thumbnail","7":"category-europe","8":"tag-actualites","9":"tag-defense","10":"tag-eu","11":"tag-europe","12":"tag-european-union","13":"tag-forces-armees","14":"tag-fr","15":"tag-france","16":"tag-news","17":"tag-otan","18":"tag-republique-francaise","19":"tag-ue","20":"tag-union-europeenne"},"share_on_mastodon":{"url":"https:\/\/pubeurope.com\/@fr\/114366586793862196","error":""},"_links":{"self":[{"href":"https:\/\/www.europesays.com\/fr\/wp-json\/wp\/v2\/posts\/37318","targetHints":{"allow":["GET"]}}],"collection":[{"href":"https:\/\/www.europesays.com\/fr\/wp-json\/wp\/v2\/posts"}],"about":[{"href":"https:\/\/www.europesays.com\/fr\/wp-json\/wp\/v2\/types\/post"}],"author":[{"embeddable":true,"href":"https:\/\/www.europesays.com\/fr\/wp-json\/wp\/v2\/users\/2"}],"replies":[{"embeddable":true,"href":"https:\/\/www.europesays.com\/fr\/wp-json\/wp\/v2\/comments?post=37318"}],"version-history":[{"count":0,"href":"https:\/\/www.europesays.com\/fr\/wp-json\/wp\/v2\/posts\/37318\/revisions"}],"wp:featuredmedia":[{"embeddable":true,"href":"https:\/\/www.europesays.com\/fr\/wp-json\/wp\/v2\/media\/37319"}],"wp:attachment":[{"href":"https:\/\/www.europesays.com\/fr\/wp-json\/wp\/v2\/media?parent=37318"}],"wp:term":[{"taxonomy":"category","embeddable":true,"href":"https:\/\/www.europesays.com\/fr\/wp-json\/wp\/v2\/categories?post=37318"},{"taxonomy":"post_tag","embeddable":true,"href":"https:\/\/www.europesays.com\/fr\/wp-json\/wp\/v2\/tags?post=37318"}],"curies":[{"name":"wp","href":"https:\/\/api.w.org\/{rel}","templated":true}]}}