{"id":373184,"date":"2025-09-07T14:58:05","date_gmt":"2025-09-07T14:58:05","guid":{"rendered":"https:\/\/www.europesays.com\/fr\/373184\/"},"modified":"2025-09-07T14:58:05","modified_gmt":"2025-09-07T14:58:05","slug":"securite-les-sirenes-vont-retentir-en-allemagne-ce-jeudi-pour-un-exercice","status":"publish","type":"post","link":"https:\/\/www.europesays.com\/fr\/373184\/","title":{"rendered":"S\u00e9curit\u00e9. Les sir\u00e8nes vont retentir en Allemagne ce jeudi pour un exercice"},"content":{"rendered":"<p>Pas de panique jeudi vers 11h pour les habitants d\u2019Alsace tout pr\u00e8s de la fronti\u00e8re allemande. Par-del\u00e0 le Rhin, ils entendront s\u00fbrement, \u00e0 cette heure exacte, sonner les sir\u00e8nes, hurler les haut-parleurs\u2026 Et puis, pour ceux qui seront branch\u00e9s sur la radio ou la t\u00e9l\u00e9 allemandes, ils entendront et verront des messages d\u2019alerte. Des messages qui arriveront aussi sur les t\u00e9l\u00e9phones portables.<\/p>\n<p>Pas de panique donc, ce sera un exercice. La R\u00e9publique f\u00e9d\u00e9rale d\u2019Allemagne organise en effet, ce jeudi 11\u00a0septembre \u00e0 11h, comme chaque ann\u00e9e, une journ\u00e9e d\u2019alerte (\u00ab\u00a0Bundesweiter Warntag\u00a0\u00bb) pour tester les syst\u00e8mes d\u2019alerte du pays et sensibiliser la population \u00e0 ces signaux d\u2019alerte.<\/p>\n<p>Ce sont les pr\u00e9fectures alsaciennes qui, par un communiqu\u00e9 diffus\u00e9 ce dimanche, en informent la population alsacienne car, effectivement, ces sir\u00e8nes seront audibles dans les communes fran\u00e7aises frontali\u00e8res. Elles pr\u00e9cisent qu\u2019il s\u2019agira bien d\u2019un exercice et qu\u2019aucune action particuli\u00e8re n\u2019est attendue de la part de la population fran\u00e7aise.<\/p>\n","protected":false},"excerpt":{"rendered":"Pas de panique jeudi vers 11h pour les habitants d\u2019Alsace tout pr\u00e8s de la fronti\u00e8re allemande. Par-del\u00e0 le&hellip;\n","protected":false},"author":2,"featured_media":373185,"comment_status":"","ping_status":"","sticky":false,"template":"","format":"standard","meta":{"footnotes":""},"categories":[1587],"tags":[11,672,1804,1805,1803,1777,674,274,107,329,1801,12,1802,104],"class_list":{"0":"post-373184","1":"post","2":"type-post","3":"status-publish","4":"format-standard","5":"has-post-thumbnail","7":"category-allemagne","8":"tag-actualites","9":"tag-allemagne","10":"tag-bundesrepublik-deutschland","11":"tag-de","12":"tag-deutschland","13":"tag-eu","14":"tag-europe","15":"tag-faits-divers-justice","16":"tag-fil-info","17":"tag-france-monde","18":"tag-germany","19":"tag-news","20":"tag-republique-federale-dallemagne","21":"tag-societe"},"share_on_mastodon":{"url":"https:\/\/pubeurope.com\/@fr\/115163608127169244","error":""},"_links":{"self":[{"href":"https:\/\/www.europesays.com\/fr\/wp-json\/wp\/v2\/posts\/373184","targetHints":{"allow":["GET"]}}],"collection":[{"href":"https:\/\/www.europesays.com\/fr\/wp-json\/wp\/v2\/posts"}],"about":[{"href":"https:\/\/www.europesays.com\/fr\/wp-json\/wp\/v2\/types\/post"}],"author":[{"embeddable":true,"href":"https:\/\/www.europesays.com\/fr\/wp-json\/wp\/v2\/users\/2"}],"replies":[{"embeddable":true,"href":"https:\/\/www.europesays.com\/fr\/wp-json\/wp\/v2\/comments?post=373184"}],"version-history":[{"count":0,"href":"https:\/\/www.europesays.com\/fr\/wp-json\/wp\/v2\/posts\/373184\/revisions"}],"wp:featuredmedia":[{"embeddable":true,"href":"https:\/\/www.europesays.com\/fr\/wp-json\/wp\/v2\/media\/373185"}],"wp:attachment":[{"href":"https:\/\/www.europesays.com\/fr\/wp-json\/wp\/v2\/media?parent=373184"}],"wp:term":[{"taxonomy":"category","embeddable":true,"href":"https:\/\/www.europesays.com\/fr\/wp-json\/wp\/v2\/categories?post=373184"},{"taxonomy":"post_tag","embeddable":true,"href":"https:\/\/www.europesays.com\/fr\/wp-json\/wp\/v2\/tags?post=373184"}],"curies":[{"name":"wp","href":"https:\/\/api.w.org\/{rel}","templated":true}]}}