{"id":373188,"date":"2025-09-07T15:00:13","date_gmt":"2025-09-07T15:00:13","guid":{"rendered":"https:\/\/www.europesays.com\/fr\/373188\/"},"modified":"2025-09-07T15:00:13","modified_gmt":"2025-09-07T15:00:13","slug":"traite-ue-mercosur-le-diktat-de-la-commission-europeenne-la-chronique-de-patrick-le-hyaric-7-septembre-2025","status":"publish","type":"post","link":"https:\/\/www.europesays.com\/fr\/373188\/","title":{"rendered":"Trait\u00e9 UE-Mercosur\u00a0: le diktat de la Commission europ\u00e9enne &#8211; La chronique de Patrick Le Hyaric &#8211; 7 septembre 2025"},"content":{"rendered":"<p>Depuis des ann\u00e9es, les n\u00e9gociateurs pr\u00e9parent ce que l\u2019on appelle un \u00ab\u00a0trait\u00e9 mixte\u00a0\u00bb, c\u2019est-\u00e0-dire un accord comprenant un volet commercial et un volet politique. Ceci implique, comme pour <a href=\"https:\/\/www.humanite.fr\/politique\/accord-de-libre-echange\/ceta-a-linitiative-des-communistes-les-deputes-exigent-un-vote-de-ratification\" target=\"_blank\" rel=\"noopener\">le trait\u00e9 avec le Canada<\/a> l\u2019approbation de tous les \u00c9tats membres et de leurs Parlements nationaux ainsi que le vote positif du Parlement europ\u00e9en.<\/p>\n<p>Voici que, dans sa derni\u00e8re r\u00e9union, la Commission europ\u00e9enne a d\u00e9cid\u00e9 d\u2019un changement juridique de grande importance. Sur la base du m\u00eame texte du trait\u00e9, elle impose d\u2019adopter de mani\u00e8re distincte \u00ab\u00a0un accord de partenariat\u00a0\u00bb et un \u00ab\u00a0accord commercial int\u00e9rimaire\u00a0\u00bb. Le texte du trait\u00e9 est ainsi scind\u00e9 en deux volets. <\/p>\n<p>En d\u00e9coupant ainsi de mani\u00e8re tout \u00e0 fait artificielle le texte afin d\u2019isoler la partie dite \u00ab\u00a0commerciale\u00a0\u00bb pour la faire passer sous la forme d\u2019un accord int\u00e9rimaire, la Commission europ\u00e9enne utilise un artifice juridique du \u00ab\u00a0trait\u00e9 sur le fonctionnement de l\u2019Union europ\u00e9enne\u00a0\u00bb (ou trait\u00e9 europ\u00e9en de Lisbonne) qui lui permet d\u2019avoir la comp\u00e9tence exclusive de signature de l\u2019accord de libre-\u00e9change et contourne donc tout vote ou veto potentiel d\u2019un \u00c9tat membre.<\/p>\n<p>Si cette manigance antid\u00e9mocratique aboutit, l\u2019accord commercial sera mis en \u0153uvre m\u00eame dans l\u2019hypoth\u00e8se o\u00f9 le volet dit \u00ab\u00a0politique\u00a0\u00bb serait rejet\u00e9 par un ou plusieurs \u00c9tats membres.<\/p>\n<p>Le comble de l\u2019histoire, c\u2019est que cet acte est \u00e0 l\u2019oppos\u00e9 des conclusions du Conseil europ\u00e9en du 22\u00a0mai 2018 qui avait act\u00e9 la ratification des grands accords internationaux\u00a0: \u00ab\u00a0Les accords d\u2019association devraient \u00eatre mixtes. Ceux qui sont actuellement en cours de n\u00e9gociation, comme avec le Mexique, le Mercosur et le Chili, resteront des accords mixtes\u00a0\u00bb, (Bruxelles 8\u00a0mai 2018, D\u00e9cision 8622\/18).<\/p>\n<p>Le mouvement populaire doit s\u2019emparer de cet enjeu crucial pour <a href=\"https:\/\/www.humanite.fr\/environnement\/agriculteurs\/laccord-europe-mercosur-ferait-reculer-notre-souverainete-alimentaire\" target=\"_blank\" rel=\"noopener\">l\u2019\u00e9conomie<\/a> et l\u2019\u00e9cologie. Le Parlement europ\u00e9en, qui a critiqu\u00e9 \u00e0 plusieurs reprises le contenu de ce texte, et la France doivent formuler une requ\u00eate en nullit\u00e9 aupr\u00e8s de la Cour de justice de l\u2019Union europ\u00e9enne. Les parlementaires fran\u00e7ais doivent s\u2019en emparer pour refuser ce nouveau diktat de la Commission europ\u00e9enne.<\/p>\n<p>Le journal des intelligences libres<\/p>\n<p>\u00ab C\u2019est par des informations \u00e9tendues et exactes que nous voudrions donner \u00e0 toutes les intelligences libres <strong>le moyen de comprendre et de juger elles-m\u00eames les \u00e9v\u00e9nements du monde<\/strong>. \u00bb<br \/>Tel \u00e9tait <strong>\u00ab\u00a0Notre but\u00a0\u00bb<\/strong>, comme l\u2019\u00e9crivait Jean Jaur\u00e8s dans le premier \u00e9ditorial de l\u2019Humanit\u00e9.<br \/><strong>120 ans plus tard, il n\u2019a pas chang\u00e9. <br \/>Gr\u00e2ce \u00e0 vous. <\/strong><br \/>Soutenez-nous\u00a0! Votre don sera d\u00e9fiscalis\u00e9\u00a0: donner 5\u20ac vous reviendra \u00e0 1.65\u20ac. Le prix d\u2019un caf\u00e9.<br \/><a href=\"https:\/\/www.humanite.fr\/lhumanite-cest-vous\" target=\"_blank\" rel=\"noopener\">Je veux en savoir plus\u00a0!<\/a><\/p>\n","protected":false},"excerpt":{"rendered":"Depuis des ann\u00e9es, les n\u00e9gociateurs pr\u00e9parent ce que l\u2019on appelle un \u00ab\u00a0trait\u00e9 mixte\u00a0\u00bb, c\u2019est-\u00e0-dire un accord comprenant un&hellip;\n","protected":false},"author":2,"featured_media":373189,"comment_status":"","ping_status":"","sticky":false,"template":"","format":"standard","meta":{"footnotes":""},"categories":[1586],"tags":[11,1777,674,1779,1011,27,21426,12,25,1778,32180,364],"class_list":{"0":"post-373188","1":"post","2":"type-post","3":"status-publish","4":"format-standard","5":"has-post-thumbnail","7":"category-europe","8":"tag-actualites","9":"tag-eu","10":"tag-europe","11":"tag-european-union","12":"tag-fr","13":"tag-france","14":"tag-mercosur","15":"tag-news","16":"tag-republique-francaise","17":"tag-ue","18":"tag-ue-mercosur","19":"tag-union-europeenne"},"share_on_mastodon":{"url":"https:\/\/pubeurope.com\/@fr\/115163616060140632","error":""},"_links":{"self":[{"href":"https:\/\/www.europesays.com\/fr\/wp-json\/wp\/v2\/posts\/373188","targetHints":{"allow":["GET"]}}],"collection":[{"href":"https:\/\/www.europesays.com\/fr\/wp-json\/wp\/v2\/posts"}],"about":[{"href":"https:\/\/www.europesays.com\/fr\/wp-json\/wp\/v2\/types\/post"}],"author":[{"embeddable":true,"href":"https:\/\/www.europesays.com\/fr\/wp-json\/wp\/v2\/users\/2"}],"replies":[{"embeddable":true,"href":"https:\/\/www.europesays.com\/fr\/wp-json\/wp\/v2\/comments?post=373188"}],"version-history":[{"count":0,"href":"https:\/\/www.europesays.com\/fr\/wp-json\/wp\/v2\/posts\/373188\/revisions"}],"wp:featuredmedia":[{"embeddable":true,"href":"https:\/\/www.europesays.com\/fr\/wp-json\/wp\/v2\/media\/373189"}],"wp:attachment":[{"href":"https:\/\/www.europesays.com\/fr\/wp-json\/wp\/v2\/media?parent=373188"}],"wp:term":[{"taxonomy":"category","embeddable":true,"href":"https:\/\/www.europesays.com\/fr\/wp-json\/wp\/v2\/categories?post=373188"},{"taxonomy":"post_tag","embeddable":true,"href":"https:\/\/www.europesays.com\/fr\/wp-json\/wp\/v2\/tags?post=373188"}],"curies":[{"name":"wp","href":"https:\/\/api.w.org\/{rel}","templated":true}]}}