{"id":373192,"date":"2025-09-07T15:02:12","date_gmt":"2025-09-07T15:02:12","guid":{"rendered":"https:\/\/www.europesays.com\/fr\/373192\/"},"modified":"2025-09-07T15:02:12","modified_gmt":"2025-09-07T15:02:12","slug":"degueulasse-que-rien-nait-ete-fait-les-victimes-repondent-a-la-complainte-de-francois-bayrou","status":"publish","type":"post","link":"https:\/\/www.europesays.com\/fr\/373192\/","title":{"rendered":"\u00ab\u00a0D\u00e9gueulasse que rien n\u2019ait \u00e9t\u00e9 fait\u2026\u00a0\u00bb Les victimes r\u00e9pondent \u00e0 la complainte de Fran\u00e7ois Bayrou"},"content":{"rendered":"<p>Le collectif des victimes r\u00e9pond \u00e0 <a href=\"https:\/\/www.20minutes.fr\/politique\/francois_bayrou\/\" class=\"c-link c-link--is-underlined\" target=\"_blank\" rel=\"noopener\">Fran\u00e7ois Bayrou<\/a>. Alors que le Premier ministre \u00e9voquait samedi un \u00e9pisode \u00ab\u00a0difficile\u00a0\u00bb pour lui et \u00ab\u00a0d\u00e9gueulasse\u00a0\u00bb pour sa famille, Alain Esquerre a rappel\u00e9 que ses \u00ab\u00a0promesses\u00a0\u00bb n\u2019avaient d\u00e9bouch\u00e9 sur \u00ab\u00a0rien\u00a0\u00bb.<\/p>\n<p>\u00ab\u00a0Il est surtout d\u00e9gueulasse que, malgr\u00e9 les engagements pris, rien n\u2019ait \u00e9t\u00e9 fait\u00a0\u00bb, affirme le porte-parole du collectif des victimes dans un communiqu\u00e9. Fran\u00e7ois Bayrou a \u00e9t\u00e9 accus\u00e9, notamment par la gauche, d\u2019avoir menti sur sa connaissance des violences et agressions sexuelles perp\u00e9tr\u00e9es pendant plusieurs d\u00e9cennies \u00e0 <a href=\"https:\/\/www.20minutes.fr\/justice\/affaire-betharram\/\" class=\"c-link c-link--is-underlined\" target=\"_blank\" rel=\"noopener\">Notre-Dame-de-B\u00e9tharram<\/a>.<\/p>\n<\/p>\n<p>Plusieurs de ses enfants ont \u00e9t\u00e9 scolaris\u00e9s dans cet \u00e9tablissement catholique des <a href=\"https:\/\/www.20minutes.fr\/dossier\/pyrenees-atlantiques\" class=\"c-link c-link--is-underlined\" target=\"_blank\" rel=\"noopener\">Pyr\u00e9n\u00e9es-Atlantiques<\/a>, et son \u00e9pouse y a enseign\u00e9 le cat\u00e9chisme. Les deux rapporteurs de la commission d\u2019enqu\u00eate parlementaire ont point\u00e9 un \u00ab\u00a0d\u00e9faut d\u2019action\u00a0\u00bb de sa part quand il \u00e9tait ministre de l\u2019\u00c9ducation nationale dans les ann\u00e9es\u00a01990.<\/p>\n<p>\u00ab\u00a0Un combat vraiment tr\u00e8s dur\u00a0\u00bb<\/p>\n<p>Le Premier ministre a critiqu\u00e9 un \u00ab\u00a0tribunal politique\u00a0\u00bb samedi dans l\u2019\u00e9mission <a href=\"https:\/\/www.20minutes.fr\/dossier\/c_a_vous\" class=\"c-link c-link--is-underlined\" target=\"_blank\" rel=\"noopener\">C \u00e0 vous<\/a>. \u00ab\u00a0\u00c7a a \u00e9t\u00e9 un combat vraiment tr\u00e8s dur. Et pour ma famille, \u00e7a a \u00e9t\u00e9 d\u00e9gueulasse\u00a0\u00bb, a-t-il dit. \u00ab\u00a0C\u2019est la seule chose difficile que j\u2019ai v\u00e9cue pendant ces neuf mois\u00a0\u00bb \u00e0 <a href=\"https:\/\/www.20minutes.fr\/dossier\/matignon\" class=\"c-link c-link--is-underlined\" target=\"_blank\" rel=\"noopener\">Matignon<\/a>, a-t-il assur\u00e9.<\/p>\n<p>Face \u00e0 l\u2019affaire, le gouvernement avait annonc\u00e9 un plan de lutte contre les violences au sein des \u00e9tablissements priv\u00e9s sous contrat et un renforcement des contr\u00f4les. Mais les victimes, qui avaient rencontr\u00e9 le <a href=\"https:\/\/www.20minutes.fr\/dossier\/premier_ministre\" class=\"c-link c-link--is-underlined\" target=\"_blank\" rel=\"noopener\">Premier ministre<\/a> en f\u00e9vrier, estiment que ses promesses sont rest\u00e9es \u00ab\u00a0lettre morte\u00a0\u00bb.<\/p>\n<p>Les victimes \u00ab\u00a0toujours en attente\u00a0\u00bb<\/p>\n<p>Le collectif d\u00e9plore qu\u2019un fonds d\u2019indemnisation n\u2019ait \u00ab\u00a0jamais \u00e9t\u00e9 cr\u00e9\u00e9\u00a0\u00bb et que le \u00ab\u00a0conseil des victimes\u00a0\u00bb \u00e9voqu\u00e9 lors de l\u2019audition parlementaire de Fran\u00e7ois Bayrou n\u2019ait fait l\u2019objet \u00ab\u00a0d\u2019aucun d\u00e9but de mise en place\u00a0\u00bb. Quant au plan gouvernemental, le collectif juge qu\u2019il doit \u00ab\u00a0encore \u00eatre \u00e9valu\u00e9 pour en mesurer l\u2019efficacit\u00e9\u00a0\u00bb.<\/p>\n<p>\u00ab\u00a0Alors que (Fran\u00e7ois Bayrou) insiste sur les souffrances v\u00e9cues par sa famille, le collectif rappelle que la v\u00e9ritable urgence reste celle des victimes, toujours en attente de reconnaissance, de r\u00e9paration et de soutien psychologique\u00a0\u00bb, peut-on lire dans le communiqu\u00e9.<\/p>\n<p>\u00c0 fin juillet, 217 plaintes p\u00e9nales ont \u00e9t\u00e9 recens\u00e9es par le collectif de victimes de B\u00e9tharram, dont une centaine portent sur des faits \u00e0 caract\u00e8re sexuel.<\/p>\n","protected":false},"excerpt":{"rendered":"Le collectif des victimes r\u00e9pond \u00e0 Fran\u00e7ois Bayrou. Alors que le Premier ministre \u00e9voquait samedi un \u00e9pisode \u00ab\u00a0difficile\u00a0\u00bb&hellip;\n","protected":false},"author":2,"featured_media":373193,"comment_status":"","ping_status":"","sticky":false,"template":"","format":"standard","meta":{"footnotes":""},"categories":[2],"tags":[47,11,7765,1011,27,431,12,25,104,799],"class_list":{"0":"post-373192","1":"post","2":"type-post","3":"status-publish","4":"format-standard","5":"has-post-thumbnail","7":"category-actualites","8":"tag-actualite","9":"tag-actualites","10":"tag-affaire-betharram","11":"tag-fr","12":"tag-france","13":"tag-francois-bayrou","14":"tag-news","15":"tag-republique-francaise","16":"tag-societe","17":"tag-violences-sexuelles"},"share_on_mastodon":{"url":"https:\/\/pubeurope.com\/@fr\/115163623913721891","error":""},"_links":{"self":[{"href":"https:\/\/www.europesays.com\/fr\/wp-json\/wp\/v2\/posts\/373192","targetHints":{"allow":["GET"]}}],"collection":[{"href":"https:\/\/www.europesays.com\/fr\/wp-json\/wp\/v2\/posts"}],"about":[{"href":"https:\/\/www.europesays.com\/fr\/wp-json\/wp\/v2\/types\/post"}],"author":[{"embeddable":true,"href":"https:\/\/www.europesays.com\/fr\/wp-json\/wp\/v2\/users\/2"}],"replies":[{"embeddable":true,"href":"https:\/\/www.europesays.com\/fr\/wp-json\/wp\/v2\/comments?post=373192"}],"version-history":[{"count":0,"href":"https:\/\/www.europesays.com\/fr\/wp-json\/wp\/v2\/posts\/373192\/revisions"}],"wp:featuredmedia":[{"embeddable":true,"href":"https:\/\/www.europesays.com\/fr\/wp-json\/wp\/v2\/media\/373193"}],"wp:attachment":[{"href":"https:\/\/www.europesays.com\/fr\/wp-json\/wp\/v2\/media?parent=373192"}],"wp:term":[{"taxonomy":"category","embeddable":true,"href":"https:\/\/www.europesays.com\/fr\/wp-json\/wp\/v2\/categories?post=373192"},{"taxonomy":"post_tag","embeddable":true,"href":"https:\/\/www.europesays.com\/fr\/wp-json\/wp\/v2\/tags?post=373192"}],"curies":[{"name":"wp","href":"https:\/\/api.w.org\/{rel}","templated":true}]}}