{"id":373197,"date":"2025-09-07T15:06:10","date_gmt":"2025-09-07T15:06:10","guid":{"rendered":"https:\/\/www.europesays.com\/fr\/373197\/"},"modified":"2025-09-07T15:06:10","modified_gmt":"2025-09-07T15:06:10","slug":"emmanuel-meafou-raconte-son-gros-passage-a-vide-je-perdais-un-peu-de-plaisir-dans-le-jeu","status":"publish","type":"post","link":"https:\/\/www.europesays.com\/fr\/373197\/","title":{"rendered":"Emmanuel Meafou raconte son gros passage \u00e0 vide : \u00ab Je perdais un peu de plaisir dans le jeu \u00bb"},"content":{"rendered":"<p>\u00c9cart\u00e9 du XV de d\u00e9part lors des derni\u00e8res phases finales, <strong>Emmanuel Meafou<\/strong> retrouve une place de titulaire ce dimanche 7 septembre, \u00e0 Clermont, pour la reprise du Top 14.<\/p>\n<p>Le deuxi\u00e8me ligne international du Stade Toulousain (27 ans, 9 s\u00e9lections) s\u2019est livr\u00e9 via <a href=\"https:\/\/www.ladepeche.fr\/2025\/09\/07\/stade-toulousain-emmanuel-meafou-le-retour-de-la-force-le-colosse-de-toulouse-revient-plus-motive-que-jamais-apres-un-petit-passage-a-vide-12915303.php\" rel=\"nofollow noopener\" target=\"_blank\">La D\u00e9p\u00eache<\/a> avec sinc\u00e9rit\u00e9 sur la p\u00e9riode difficile travers\u00e9e en fin de saison derni\u00e8re.<\/p>\n<p><strong>\u00ab C\u2019\u00e9tait plus mentalement \u00bb<\/strong><\/p>\n<p><strong>Malgr\u00e9 son gabarit hors norme (2,03 m, 145 kg) et son statut de cadre, Meafou admet avoir connu un coup de mou :<\/strong><\/p>\n<p>\u00ab J\u2019ai eu des difficult\u00e9s sur le terrain. Dans les moments o\u00f9 je ne jouais pas trop bien, il y avait d\u2019autres joueurs qui passaient devant. Ils m\u00e9ritaient leur place, c\u2019est le jeu. \u00bb<\/p>\n<p>Victime d\u2019une infection pulmonaire en plein coeur de l\u2019hiver, Emmanuel Meafou conc\u00e8de avoir travers\u00e9 une p\u00e9riode d\u00e9licate.<\/p>\n<p><strong>Mais il ne veut surtout pas s\u2019en servir d\u2019excuse :<\/strong><\/p>\n<p>\u00ab Ce n\u2019\u00e9tait pas un probl\u00e8me physique. C\u2019\u00e9tait plus mentalement. La saison \u00e9tait un peu longue, je perdais un peu de plaisir dans le jeu. \u00bb<\/p>\n<p><strong>Un r\u00f4le d\u2019impact player accept\u00e9<\/strong><\/p>\n<p>Rel\u00e9gu\u00e9 au banc lors des matchs couperets, le colosse a choisi de voir la situation diff\u00e9remment :<\/p>\n<p>\u00ab \u00c0 chaque fois que j\u2019\u00e9tais \u2018rempla\u2019, je devais mettre de l\u2019impact et faire un peu le r\u00f4le finisseur. \u00bb<\/p>\n<p><strong>Une pr\u00e9paration enfin compl\u00e8te<\/strong><\/p>\n<p>Mais la bonne nouvelle est que Meafou a pu r\u00e9aliser une pr\u00e9paration pleine cet \u00e9t\u00e9. Par cons\u00e9quent, il a conserv\u00e9 un poids de forme optimal et a retrouv\u00e9 de la fraicheur.<\/p>\n<p><strong>Le deuxi\u00e8me ligne devra n\u00e9anmoins s\u2019adapter aux nouvelles consignes arbitrales sur la d\u00e9fense en touche :<\/strong><\/p>\n<p>\u00ab On ne peut plus passer le bras entre le lifteur et le sauteur donc l\u00e0, il faut baisser la t\u00eate et taper avec mes \u00e9paules. Mais \u00e7a ne change pas grand-chose. \u00bb<\/p>\n<p><strong>Nul doute que Meafou voudra montrer un tout autre visage lors de ce d\u00e9but de saison 2025 \/ 2026, et cela d\u00e8s ce dimanche soir contre Clermont.<\/strong><\/p>\n","protected":false},"excerpt":{"rendered":"\u00c9cart\u00e9 du XV de d\u00e9part lors des derni\u00e8res phases finales, Emmanuel Meafou retrouve une place de titulaire ce&hellip;\n","protected":false},"author":2,"featured_media":373198,"comment_status":"","ping_status":"","sticky":false,"template":"","format":"standard","meta":{"footnotes":""},"categories":[1416],"tags":[1011,27,479,1468,60],"class_list":{"0":"post-373197","1":"post","2":"type-post","3":"status-publish","4":"format-standard","5":"has-post-thumbnail","7":"category-rugby","8":"tag-fr","9":"tag-france","10":"tag-rugby","11":"tag-rugby-football","12":"tag-sports"},"share_on_mastodon":{"url":"https:\/\/pubeurope.com\/@fr\/115163639676509244","error":""},"_links":{"self":[{"href":"https:\/\/www.europesays.com\/fr\/wp-json\/wp\/v2\/posts\/373197","targetHints":{"allow":["GET"]}}],"collection":[{"href":"https:\/\/www.europesays.com\/fr\/wp-json\/wp\/v2\/posts"}],"about":[{"href":"https:\/\/www.europesays.com\/fr\/wp-json\/wp\/v2\/types\/post"}],"author":[{"embeddable":true,"href":"https:\/\/www.europesays.com\/fr\/wp-json\/wp\/v2\/users\/2"}],"replies":[{"embeddable":true,"href":"https:\/\/www.europesays.com\/fr\/wp-json\/wp\/v2\/comments?post=373197"}],"version-history":[{"count":0,"href":"https:\/\/www.europesays.com\/fr\/wp-json\/wp\/v2\/posts\/373197\/revisions"}],"wp:featuredmedia":[{"embeddable":true,"href":"https:\/\/www.europesays.com\/fr\/wp-json\/wp\/v2\/media\/373198"}],"wp:attachment":[{"href":"https:\/\/www.europesays.com\/fr\/wp-json\/wp\/v2\/media?parent=373197"}],"wp:term":[{"taxonomy":"category","embeddable":true,"href":"https:\/\/www.europesays.com\/fr\/wp-json\/wp\/v2\/categories?post=373197"},{"taxonomy":"post_tag","embeddable":true,"href":"https:\/\/www.europesays.com\/fr\/wp-json\/wp\/v2\/tags?post=373197"}],"curies":[{"name":"wp","href":"https:\/\/api.w.org\/{rel}","templated":true}]}}