{"id":373199,"date":"2025-09-07T15:07:11","date_gmt":"2025-09-07T15:07:11","guid":{"rendered":"https:\/\/www.europesays.com\/fr\/373199\/"},"modified":"2025-09-07T15:07:11","modified_gmt":"2025-09-07T15:07:11","slug":"avance-au-classement-et-prize-money-la-victoire-de-sabalenka-en-chiffres","status":"publish","type":"post","link":"https:\/\/www.europesays.com\/fr\/373199\/","title":{"rendered":"Avance au classement et prize money\u2026 La victoire de Sabalenka en chiffres"},"content":{"rendered":"<p class=\"mb-4 text-lg md:leading-8 break-words\"><strong>tennis queen &#8211; La N.1 mondiale a remport\u00e9 l\u2019US Open face \u00e0 l\u2019Am\u00e9ricaine Amanda Anisimova 6-3, 7-6 (7\/3) apr\u00e8s deux d\u00e9faites en finale de l\u2019Open d\u2019Australie et Roland-Garros plus t\u00f4t dans la saison<\/strong><\/p>\n<p class=\"mb-4 text-lg md:leading-8 break-words\">\u00ab Je pense qu\u2019\u00e0 cause <a href=\"https:\/\/www.20minutes.fr\/sport\/tennis\/roland-garros\/4157350-20250607-direct-roland-garros-aryna-sabalenka-coco-gauff-choc-ultime-entre-deux-meilleures-joueuses-monde-suivez-finale-roland?at_medium=RSS%20feed&amp;at_campaign=ynews&amp;utm_source=yahoo&amp;utm_medium=rss&amp;utm_campaign=news_feed&amp;utm_content=in_article_link\" rel=\"nofollow noopener\" target=\"_blank\" data-ylk=\"slk:des finales perdues;elm:context_link;itc:0;sec:content-canvas\" class=\"link \">des finales perdues<\/a> plus t\u00f4t cette saison, cette victoire me procure un sentiment diff\u00e9rent. J\u2019ai d\u00fb surmonter beaucoup de choses pour conqu\u00e9rir ce titre. <a href=\"https:\/\/www.20minutes.fr\/sport\/tennis\/4171623-20250907-us-open-1-mondiale-aryna-sabalenka-offre-deuxieme-flushing-meadows-affilee?at_medium=RSS%20feed&amp;at_campaign=ynews&amp;utm_source=yahoo&amp;utm_medium=rss&amp;utm_campaign=news_feed&amp;utm_content=in_article_link\" rel=\"nofollow noopener\" target=\"_blank\" data-ylk=\"slk:Je pense que je le m\u00e9rite;elm:context_link;itc:0;sec:content-canvas\" class=\"link \">Je pense que je le m\u00e9rite<\/a> \u00bb. Apr\u00e8s avoir couru toute la saison derri\u00e8re un titre en Grand Chelem, Aryana Sabalenka a r\u00e9ussi \u00e0 aller au bout de la quinzaine new-yorkaise en venant \u00e0 bout de sa b\u00eate noire. 20 minutes vous r\u00e9sume en chiffres l\u2019impressionnante domination de la Bi\u00e9lorusse sur le circuit f\u00e9minin.<\/p>\n<p>56 victoires en 2025\u2026 pour un seul Grand Chelem<\/p>\n<p class=\"mb-4 text-lg md:leading-8 break-words\">Longtemps, la saison de Sabalenka a ressembl\u00e9 \u00e0 un \u00e9norme g\u00e2chis. Alors qu\u2019elle semblait poss\u00e9der une marge confortable sur toutes ses adversaires, avec un ratio victoires\/d\u00e9faites monstrueux (56\/10), elle a craqu\u00e9 \u00e0 chaque fois en Grand Chelem dans ses matchs pourtant \u00e0 sa port\u00e9e face \u00e0 Keys (finale en Australie), Gauff (finale \u00e0 Roland), puis Anisimova en demie \u00e0 Wimbledon. La jeune am\u00e9ricaine avait d\u2019ailleurs les stats pour elle avant la finale de samedi : six victoires en neuf matchs et la force de frappe indispensable pour faire d\u00e9railler Sabalenka, qui a r\u00e9ussi \u00e0 vaincre ses d\u00e9mons malgr\u00e9 la perte de son break d\u2019avance \u00e0 5-3 dans le 2e set et l\u2019hostilit\u00e9 du public new-yorkais.<\/p>\n<p>Cinq millions dans le porte-monnaie<\/p>\n<p class=\"mb-4 text-lg md:leading-8 break-words\">Sabalenka, toujours tr\u00e8s d\u00e9monstrative devant les cam\u00e9ras, a fait semblant de prendre un coup de chaud quand on lui a r\u00e9p\u00e9t\u00e9 le montant du ch\u00e8que qu\u2019elle va pouvoir d\u00e9poser \u00e0 la banque en retournant \u00e0 la maison. 5 millions d\u2019euros, soit(&#8230;)<\/p>\n<p class=\"mb-4 text-lg md:leading-8 break-words\"><a href=\"https:\/\/www.20minutes.fr\/sport\/tennis\/4171638-20250907-us-open-2025-avance-classement-prize-money-victoire-sabalenka-chiffres?at_medium=RSS%20feed&amp;at_campaign=ynews&amp;utm_source=yahoo&amp;utm_medium=rss&amp;utm_campaign=news_feed&amp;utm_content=read_more_link&quot;\" rel=\"nofollow noopener\" target=\"_blank\" data-ylk=\"slk:Lire la suite sur 20minutes;elm:context_link;itc:0;sec:content-canvas\" class=\"link \">Lire la suite sur 20minutes<\/a><\/p>\n<p>\u00c0 lire aussi :<br \/><a href=\"https:\/\/www.20minutes.fr\/sport\/tennis\/roland-garros\/4158952-20250617-roland-garros-2025-tres-maligne-aryna-sabalenka-regrette-propos-apres-finale-face-gauff?at_medium=RSS%20feed&amp;at_campaign=ynews&amp;utm_source=yahoo&amp;utm_medium=rss&amp;utm_campaign=news_feed&amp;utm_content=related_content_link\" rel=\"nofollow noopener\" target=\"_blank\" data-ylk=\"slk:Roland-Garros 2025 : \u00ab Je n\u2019\u00e9tais pas tr\u00e8s maligne \u00bb\u2026 Aryna Sabalenka regrette ses propos apr\u00e8s la finale face \u00e0 Gauff;elm:context_link;itc:0;sec:content-canvas\" class=\"link \">Roland-Garros 2025 : \u00ab Je n\u2019\u00e9tais pas tr\u00e8s maligne \u00bb\u2026 Aryna Sabalenka regrette ses propos apr\u00e8s la finale face \u00e0 Gauff<\/a><br \/><a href=\"https:\/\/www.20minutes.fr\/sport\/tennis\/roland-garros\/4156886-20250607-roland-garros-humour-vie-meilleure-chose-sabalenka-1-fait-bien-tennis-feminin?at_medium=RSS%20feed&amp;at_campaign=ynews&amp;utm_source=yahoo&amp;utm_medium=rss&amp;utm_campaign=news_feed&amp;utm_content=related_content_link\" rel=\"nofollow noopener\" target=\"_blank\" data-ylk=\"slk:Roland-Garros : \u00ab L\u2019humour, dans la vie, c\u2019est la meilleure chose \u00bb\u2026Sabalenka, la n\u00b01 qui fait du bien au tennis f\u00e9minin;elm:context_link;itc:0;sec:content-canvas\" class=\"link \">Roland-Garros : \u00ab L\u2019humour, dans la vie, c\u2019est la meilleure chose \u00bb\u2026Sabalenka, la n\u00b01 qui fait du bien au tennis f\u00e9minin<\/a><\/p>\n","protected":false},"excerpt":{"rendered":"tennis queen &#8211; La N.1 mondiale a remport\u00e9 l\u2019US Open face \u00e0 l\u2019Am\u00e9ricaine Amanda Anisimova 6-3, 7-6 (7\/3)&hellip;\n","protected":false},"author":2,"featured_media":373200,"comment_status":"","ping_status":"","sticky":false,"template":"","format":"standard","meta":{"footnotes":""},"categories":[1415],"tags":[38550,21828,1011,27,25011,4171,24988,60,1467],"class_list":{"0":"post-373199","1":"post","2":"type-post","3":"status-publish","4":"format-standard","5":"has-post-thumbnail","7":"category-tennis","8":"tag-amanda-anisimova","9":"tag-eurosport-france","10":"tag-fr","11":"tag-france","12":"tag-grand-chelem","13":"tag-roland-garros","14":"tag-sabalenka","15":"tag-sports","16":"tag-tennis"},"share_on_mastodon":{"url":"https:\/\/pubeurope.com\/@fr\/115163643419876990","error":""},"_links":{"self":[{"href":"https:\/\/www.europesays.com\/fr\/wp-json\/wp\/v2\/posts\/373199","targetHints":{"allow":["GET"]}}],"collection":[{"href":"https:\/\/www.europesays.com\/fr\/wp-json\/wp\/v2\/posts"}],"about":[{"href":"https:\/\/www.europesays.com\/fr\/wp-json\/wp\/v2\/types\/post"}],"author":[{"embeddable":true,"href":"https:\/\/www.europesays.com\/fr\/wp-json\/wp\/v2\/users\/2"}],"replies":[{"embeddable":true,"href":"https:\/\/www.europesays.com\/fr\/wp-json\/wp\/v2\/comments?post=373199"}],"version-history":[{"count":0,"href":"https:\/\/www.europesays.com\/fr\/wp-json\/wp\/v2\/posts\/373199\/revisions"}],"wp:featuredmedia":[{"embeddable":true,"href":"https:\/\/www.europesays.com\/fr\/wp-json\/wp\/v2\/media\/373200"}],"wp:attachment":[{"href":"https:\/\/www.europesays.com\/fr\/wp-json\/wp\/v2\/media?parent=373199"}],"wp:term":[{"taxonomy":"category","embeddable":true,"href":"https:\/\/www.europesays.com\/fr\/wp-json\/wp\/v2\/categories?post=373199"},{"taxonomy":"post_tag","embeddable":true,"href":"https:\/\/www.europesays.com\/fr\/wp-json\/wp\/v2\/tags?post=373199"}],"curies":[{"name":"wp","href":"https:\/\/api.w.org\/{rel}","templated":true}]}}