{"id":373201,"date":"2025-09-07T15:09:10","date_gmt":"2025-09-07T15:09:10","guid":{"rendered":"https:\/\/www.europesays.com\/fr\/373201\/"},"modified":"2025-09-07T15:09:10","modified_gmt":"2025-09-07T15:09:10","slug":"brillant-premier-podium-pour-bastianini-avec-tech3-en-catalogne","status":"publish","type":"post","link":"https:\/\/www.europesays.com\/fr\/373201\/","title":{"rendered":"Brillant premier podium pour Bastianini avec Tech3 en Catalogne"},"content":{"rendered":"<p>Le pilote italien Enea Bastianini a sign\u00e9 son premier <a href=\"https:\/\/www.motogp.com\/fr\/gp-results\/2025\/cat\/motogp\/rac\/classification\" rel=\"nofollow noopener\" target=\"_blank\">podium<\/a> avec <a href=\"https:\/\/www.autohebdo.fr\/actualites\/ecurie\/red-bull-racing\" data-internallinksmanager029f6b8e52c=\"78\" title=\"Ecurie F1 Red Bull Racing\" rel=\"nofollow noopener\" target=\"_blank\">Red Bull<\/a> KTM Tech3 sur le circuit de Barcelone, ce dimanche. S\u2019\u00e9lan\u00e7ant depuis la neuvi\u00e8me place, Enea Bastianini a effectu\u00e9 une remont\u00e9e impressionnante jusqu\u2019\u00e0 la troisi\u00e8me place du podium, pour finalement c\u00e9l\u00e9brer le Grand Prix de Catalogne avec les fr\u00e8res M\u00e1rquez. \u00c9mu, l\u2019italien exprimait sa gratitude \u00e0 son \u00e9quipe pour ce \u00ab solide \u00bb podium.<\/p>\n<p>\u00ab Des montagnes russes au d\u00e9part, mais maintenant, le r\u00e9sultat est l\u00e0. J\u2019ai fait des courses comp\u00e9titives, mais ce podium est tr\u00e8s solide pour moi. Je me suis donn\u00e9 \u00e0 100% aujourd\u2019hui \u00bb, expliquait le pilote Tech3.<\/p>\n<p> \u00ab Pendant un moment, j\u2019\u00e9tais m\u00eame en train de penser \u00e0 la victoire, mais quand les deux autres ont d\u00e9cid\u00e9 de pousser plus, c\u2019\u00e9tait impossible pour moi de rattraper ces deux-l\u00e0 (les fr\u00e8res M\u00e1rquez. Ndlr), reconnaissait Bastianini. Peu importe, je peux \u00eatre tr\u00e8s content de mon premier podium de l\u2019ann\u00e9e \u00bb, saluait l\u2019italien.<\/p>\n<p><strong>\u00c0 LIRE AUSSI &gt; <a href=\"https:\/\/www.autohebdo.fr\/actualites\/motogp\/motogp-gp-de-catalogne-course.html\" rel=\"nofollow noopener\" target=\"_blank\">GP de Catalogne \u2013 Course : Alex Marquez met un terme \u00e0 la s\u00e9rie de Marc<\/a><\/strong><\/p>\n","protected":false},"excerpt":{"rendered":"Le pilote italien Enea Bastianini a sign\u00e9 son premier podium avec Red Bull KTM Tech3 sur le circuit&hellip;\n","protected":false},"author":2,"featured_media":373202,"comment_status":"","ping_status":"","sticky":false,"template":"","format":"standard","meta":{"footnotes":""},"categories":[1413],"tags":[25466,3377,1011,27,48377,1457,1456,1458,60,1580],"class_list":{"0":"post-373201","1":"post","2":"type-post","3":"status-publish","4":"format-standard","5":"has-post-thumbnail","7":"category-moto","8":"tag-circuit-de-barcelona-catalunya","9":"tag-enea-bastianini","10":"tag-fr","11":"tag-france","12":"tag-gp-de-catalogne","13":"tag-moto","14":"tag-motocycle","15":"tag-motogp","16":"tag-sports","17":"tag-tech3"},"share_on_mastodon":{"url":"https:\/\/pubeurope.com\/@fr\/115163651396868169","error":""},"_links":{"self":[{"href":"https:\/\/www.europesays.com\/fr\/wp-json\/wp\/v2\/posts\/373201","targetHints":{"allow":["GET"]}}],"collection":[{"href":"https:\/\/www.europesays.com\/fr\/wp-json\/wp\/v2\/posts"}],"about":[{"href":"https:\/\/www.europesays.com\/fr\/wp-json\/wp\/v2\/types\/post"}],"author":[{"embeddable":true,"href":"https:\/\/www.europesays.com\/fr\/wp-json\/wp\/v2\/users\/2"}],"replies":[{"embeddable":true,"href":"https:\/\/www.europesays.com\/fr\/wp-json\/wp\/v2\/comments?post=373201"}],"version-history":[{"count":0,"href":"https:\/\/www.europesays.com\/fr\/wp-json\/wp\/v2\/posts\/373201\/revisions"}],"wp:featuredmedia":[{"embeddable":true,"href":"https:\/\/www.europesays.com\/fr\/wp-json\/wp\/v2\/media\/373202"}],"wp:attachment":[{"href":"https:\/\/www.europesays.com\/fr\/wp-json\/wp\/v2\/media?parent=373201"}],"wp:term":[{"taxonomy":"category","embeddable":true,"href":"https:\/\/www.europesays.com\/fr\/wp-json\/wp\/v2\/categories?post=373201"},{"taxonomy":"post_tag","embeddable":true,"href":"https:\/\/www.europesays.com\/fr\/wp-json\/wp\/v2\/tags?post=373201"}],"curies":[{"name":"wp","href":"https:\/\/api.w.org\/{rel}","templated":true}]}}