{"id":373209,"date":"2025-09-07T15:13:18","date_gmt":"2025-09-07T15:13:18","guid":{"rendered":"https:\/\/www.europesays.com\/fr\/373209\/"},"modified":"2025-09-07T15:13:18","modified_gmt":"2025-09-07T15:13:18","slug":"decouvrez-lea-chabrel-la-ravissante-miss-midi","status":"publish","type":"post","link":"https:\/\/www.europesays.com\/fr\/373209\/","title":{"rendered":"d\u00e9couvrez L\u00e9a Chabrel, la ravissante Miss Midi &#8230;"},"content":{"rendered":"<p><a href=\"https:\/\/www.telestar.fr\/actu_tv\/miss-france-2026-deja-du-rififi-avant-lelection-le-comite-ne-laissera-plus-rien-passer-1734837\" rel=\"nofollow noopener\" target=\"_blank\"><br \/>\nMiss France 2026,<\/a> 96\u1d49 \u00e9dition tr\u00e8s attendue du concours, se<br \/>\nd\u00e9roulera en <strong data-start=\"197\" data-end=\"214\">d\u00e9cembre<br \/>\n2025<\/strong>. Comme chaque ann\u00e9e, le show sera retransmis sur<br \/>\n<strong data-start=\"616\" data-end=\"623\">TF1<\/strong>. Fid\u00e8le au<br \/>\nposte, <strong data-start=\"767\" data-end=\"791\">Jean-Pierre<br \/>\nFoucault<\/strong> assurera la pr\u00e9sentation pour la 30\u1d49 ann\u00e9e<br \/>\ncons\u00e9cutive.<\/p>\n<p>Cette \u00e9dition marque un tournant : c\u2019est la premi\u00e8re sans<br \/>\ndirectrice \u00e0 la t\u00eate du comit\u00e9 national depuis le d\u00e9part de<br \/>\n<a href=\"https:\/\/www.telestar.fr\/actu_tv\/miss_france\/miss-france-a-peine-arrivee-cindy-fabre-nest-deja-plus-la-directrice-du-concours-1706159\" rel=\"nofollow noopener\" target=\"_blank\"><br \/>\nCindy Fabre<\/a> en janvier 2025 et de <a href=\"https:\/\/www.closermag.fr\/tv_tele_realite\/agressions-sexuelles-a-miss-france-sylvie-tellier-brise-le-silence-et-ca-augure-une-guerre-intestine-3576181\" rel=\"nofollow noopener\" target=\"_blank\"><br \/>\nSylvie Tellier<\/a> avant. Quant aux candidates, elles seront<br \/>\n<strong data-start=\"1187\" data-end=\"1209\">30 Miss<br \/>\nr\u00e9gionales<\/strong> \u00e0 concourir pour succ\u00e9der \u00e0 <a href=\"https:\/\/www.telestar.fr\/actu_tv\/miss-france-2026-une-candidate-de-tele-realite-va-tenter-de-succeder-a-angelique-angarni-filopon-1714215\" rel=\"nofollow noopener\" target=\"_blank\"><br \/>\nAng\u00e9lique Angarni-Filopon<\/a> <strong data-start=\"1238\" data-end=\"1286\">(Miss France 2025)<\/strong>. Parmi celles d\u00e9j\u00e0 \u00e9lues<br \/>\nfigurent Victoire Dupuis (Normandie), Julie Decroix (Alsace), Alice<br \/>\nDe Lima Guimaraes (Auvergne), Anna Valero (Centre-Val de Loire),<br \/>\nLou Lambert (Languedoc), D\u00e9borah Adelin-Chabal (Roussillon), Priya<br \/>\nPadavatan (R\u00e9union), Hinaupoko Deveze (Tahiti), Julie Zitouni<br \/>\n(Provence), \u00a0Luna Maiolino (C\u00f4te d\u2019Azur), ou encore L\u00e9a<br \/>\nChabrel, ravissante Miss Midi-Pyr\u00e9n\u00e9es.<\/p>\n<p>Qui est L\u00e9a Chabrel, Miss-Midi Pyr\u00e9n\u00e9es<br \/>\n?<\/p>\n<p>L\u00e9a Chabrel, 23 ans, originaire de <strong data-start=\"317\" data-end=\"341\">Saint-Jean-de-Verg\u00e8s<\/strong> en Ari\u00e8ge, mesure<br \/>\n<strong data-start=\"360\" data-end=\"370\">1,70 m<\/strong>. Elle a \u00e9t\u00e9<br \/>\ncouronn\u00e9e <strong data-start=\"393\" data-end=\"420\">Miss<br \/>\nMidi-Pyr\u00e9n\u00e9es 2025<\/strong> le <strong data-start=\"424\" data-end=\"459\">6 septembre \u00e0 Villemur-sur-Tarn<\/strong>. Ancienne \u00e9tudiante<br \/>\npassionn\u00e9e, L\u00e9a jongle entre ses \u00e9tudes et le sport avec<br \/>\nengagement. Ost\u00e9opathe de formation et joueuse de volley active,<br \/>\nelle n&rsquo;aime visiblement pas rester en place.<\/p>\n<blockquote class=\"instagram-media\" style=\"background: #ffffff;border: 0;margin: 1px;width: 100%;padding: 0;max-width: 500px;\" data-instgrm-permalink=\"https:\/\/www.instagram.com\/p\/DMS5iDys2A8\/?utm_source=chatgpt.com\" data-instgrm-version=\"14\"\/>\n<p>Pour L\u00e9a, participer \u00e0 Miss France \u00e9tait un r\u00eave depuis<br \/>\ntoujours. \u00ab\u00a0Participer \u00e0 Miss France \u00e9tait <strong>le r\u00eave d\u2019une<br \/>\npetite fille<\/strong> qui voulait simplement porter de jolies<br \/>\nrobes. Aujourd\u2019hui, c\u2019est devenu celui d\u2019une <strong>jeune femme en<br \/>\nqu\u00eate d\u2019\u00e9panouissement<\/strong> \u00e0 travers une aventure humaine, qui<br \/>\nlui permet d\u2019apprendre \u00e0 se conna\u00eetre et \u00e0 s\u2019aime\u00a0\u00bb, a-t-elle<br \/>\nd\u00e9clar\u00e9.<\/p>\n<p><strong>Retrouvez toutes les candidates \u00e0 Miss France<br \/>\n2026<\/strong> <a href=\"https:\/\/www.telestar.fr\/actu_tv\/miss-france-2026-qui-sont-les-candidates-1728857\" rel=\"nofollow noopener\" target=\"_blank\"><br \/>\nici<\/a><\/p>\n<p>Diaporama<br \/>\n<img decoding=\"async\" class=\"diapo_img img-responsive lazy-load\" loading=\"lazy\" src=\"https:\/\/www.europesays.com\/fr\/wp-content\/uploads\/2025\/09\/capture-decran-2025-09-07-a-1-1.jpg\"\/><\/p>\n<p>\u00a9 Instagram L\u00e9a Chabrel<\/p>\n<p>1\/4 Miss France 2026 : d\u00e9couvrez L\u00e9a Chabrel,<br \/>\nla ravissante Miss Midi-Pyr\u00e9n\u00e9es<\/p>\n<p>Pour L\u00e9a, participer \u00e0 Miss France \u00e9tait un r\u00eave depuis<br \/>\ntoujours.<\/p>\n<p><img decoding=\"async\" class=\"diapo_img img-responsive lazy-load\" loading=\"lazy\" src=\"https:\/\/www.europesays.com\/fr\/wp-content\/uploads\/2025\/09\/capture-decran-2025-09-07-a-1-3.jpg\"\/><\/p>\n<p>Instagram L\u00e9a Chabrel<\/p>\n<p>2\/4 Miss France 2026 : d\u00e9couvrez L\u00e9a Chabrel,<br \/>\nla ravissante Miss Midi-Pyr\u00e9n\u00e9es<\/p>\n<p>Ancienne \u00e9tudiante passionn\u00e9e, L\u00e9a jongle entre ses \u00e9tudes et le<br \/>\nsport avec engagement.<\/p>\n<p><img decoding=\"async\" class=\"diapo_img img-responsive lazy-load\" loading=\"lazy\" src=\"https:\/\/www.europesays.com\/fr\/wp-content\/uploads\/2025\/09\/capture-decran-2025-09-07-a-1.jpg\"\/><\/p>\n<p>Instagram L\u00e9a Chabrel<\/p>\n<p>3\/4 Miss France 2026 : d\u00e9couvrez L\u00e9a Chabrel,<br \/>\nla ravissante Miss Midi-Pyr\u00e9n\u00e9es<\/p>\n<p>Ost\u00e9opathe de formation et joueuse de volley active, elle<br \/>\nincarne une image moderne et \u00e9quilibr\u00e9e.<\/p>\n<p><img decoding=\"async\" class=\"diapo_img img-responsive lazy-load\" loading=\"lazy\" src=\"https:\/\/www.europesays.com\/fr\/wp-content\/uploads\/2025\/09\/capture-decran-2025-09-07-a-14.36.59.png\"\/><\/p>\n<p>Instagram L\u00e9a Chabrel<\/p>\n<p>4\/4 Miss France 2026 : d\u00e9couvrez L\u00e9a Chabrel,<br \/>\nla ravissante Miss Midi-Pyr\u00e9n\u00e9es<\/p>\n<p>En tant que Miss Midi-Pyr\u00e9n\u00e9es, L\u00e9a rejoint la lign\u00e9e des<br \/>\nrepr\u00e9sentantes r\u00e9gionales telles qu\u2019Olivia Sirena (2024), Nadine<br \/>\nBenaboud (2023) ou Florence Demortier (2022).\u00a0<\/p>\n<p><script async src=\"\/\/www.instagram.com\/embed.js\"><\/script><\/p>\n","protected":false},"excerpt":{"rendered":"Miss France 2026, 96\u1d49 \u00e9dition tr\u00e8s attendue du concours, se d\u00e9roulera en d\u00e9cembre 2025. Comme chaque ann\u00e9e, le&hellip;\n","protected":false},"author":2,"featured_media":373210,"comment_status":"","ping_status":"","sticky":false,"template":"","format":"standard","meta":{"footnotes":""},"categories":[1359],"tags":[58,59,1011,27,1638,3034,973],"class_list":{"0":"post-373209","1":"post","2":"type-post","3":"status-publish","4":"format-standard","5":"has-post-thumbnail","7":"category-people","8":"tag-divertissement","9":"tag-entertainment","10":"tag-fr","11":"tag-france","12":"tag-has_diapo","13":"tag-miss-france","14":"tag-people"},"share_on_mastodon":{"url":"https:\/\/pubeurope.com\/@fr\/115163667314031680","error":""},"_links":{"self":[{"href":"https:\/\/www.europesays.com\/fr\/wp-json\/wp\/v2\/posts\/373209","targetHints":{"allow":["GET"]}}],"collection":[{"href":"https:\/\/www.europesays.com\/fr\/wp-json\/wp\/v2\/posts"}],"about":[{"href":"https:\/\/www.europesays.com\/fr\/wp-json\/wp\/v2\/types\/post"}],"author":[{"embeddable":true,"href":"https:\/\/www.europesays.com\/fr\/wp-json\/wp\/v2\/users\/2"}],"replies":[{"embeddable":true,"href":"https:\/\/www.europesays.com\/fr\/wp-json\/wp\/v2\/comments?post=373209"}],"version-history":[{"count":0,"href":"https:\/\/www.europesays.com\/fr\/wp-json\/wp\/v2\/posts\/373209\/revisions"}],"wp:featuredmedia":[{"embeddable":true,"href":"https:\/\/www.europesays.com\/fr\/wp-json\/wp\/v2\/media\/373210"}],"wp:attachment":[{"href":"https:\/\/www.europesays.com\/fr\/wp-json\/wp\/v2\/media?parent=373209"}],"wp:term":[{"taxonomy":"category","embeddable":true,"href":"https:\/\/www.europesays.com\/fr\/wp-json\/wp\/v2\/categories?post=373209"},{"taxonomy":"post_tag","embeddable":true,"href":"https:\/\/www.europesays.com\/fr\/wp-json\/wp\/v2\/tags?post=373209"}],"curies":[{"name":"wp","href":"https:\/\/api.w.org\/{rel}","templated":true}]}}