{"id":37321,"date":"2025-04-19T20:51:13","date_gmt":"2025-04-19T20:51:13","guid":{"rendered":"https:\/\/www.europesays.com\/fr\/37321\/"},"modified":"2025-04-19T20:51:13","modified_gmt":"2025-04-19T20:51:13","slug":"super-league-michael-mcilorum-victime-dune-serieuse-blessure-rugby-a-xiii","status":"publish","type":"post","link":"https:\/\/www.europesays.com\/fr\/37321\/","title":{"rendered":"Super League &#8211; Michael McIlorum victime d\u2019une s\u00e9rieuse blessure &#8211; Rugby \u00e0 XIII"},"content":{"rendered":"<p style=\"text-align: justify;\"><strong>Coup dur pour Hull KR. Victime d\u2019une rupture du biceps, le talonneur Michael McIlorum va rater plusieurs mois de comp\u00e9tition. <\/strong><\/p>\n<p style=\"text-align: justify;\">Revenu cette ann\u00e9e en Angleterre apr\u00e8s 7 ans aux Dragons Catalans, Michael McIlorum (36 ans) s\u2019est s\u00e9rieusement bless\u00e9 la semaine pass\u00e9e face \u00e0 Wigan. Apr\u00e8s examen, le talonneur anglais a \u00e9t\u00e9 victime d\u2019une rupture du biceps. De fait, \u00ab Micky Mac \u00bb va rater au minimum 3 mois de comp\u00e9tition.<\/p>\n<p style=\"text-align: justify;\">C\u2019est une mauvaise nouvelle pour KR qui perd un \u00e9l\u00e9ment d\u2019exp\u00e9rience. Et aussi pour le joueur qui voit sa potentielle derni\u00e8re saison \u00eatre ternie par cette blessure.<\/p>\n<blockquote class=\"twitter-tweet\" data-width=\"500\" data-dnt=\"true\">\n<p lang=\"en\" dir=\"ltr\">Michael McIlorum gone for 12 weeks for Hull KR. Ruptured bicep, as feared. Mikey Lewis could yet return for the derby on Friday.<a href=\"https:\/\/t.co\/7oRg3JnUpi\">https:\/\/t.co\/7oRg3JnUpi<\/a><\/p>\n<p>\u2014 \u1d00\u1d00\u0280\u1d0f\u0274 \u0299\u1d0f\u1d21\u1d07\u0280 (@AaronBower) <a href=\"https:\/\/twitter.com\/AaronBower\/status\/1912159259959107605?ref_src=twsrc%5Etfw\" target=\"_blank\" rel=\"noopener\">April 15, 2025<\/a><\/p>\n<\/blockquote>\n<p><strong>Treize Mondial<br \/><a href=\"https:\/\/www.facebook.com\/13Mondial\" target=\"_blank\" rel=\"noopener\"><img loading=\"lazy\" decoding=\"async\" class=\"alignnone wp-image-217097\" src=\"https:\/\/www.europesays.com\/fr\/wp-content\/uploads\/2025\/04\/logo-facebook.png\" alt=\"\" width=\"40\" height=\"40\"  \/><\/a> <a href=\"https:\/\/twitter.com\/XIIIMondial\" target=\"_blank\" rel=\"noopener\"><img loading=\"lazy\" decoding=\"async\" class=\"alignnone wp-image-217098\" src=\"https:\/\/www.europesays.com\/fr\/wp-content\/uploads\/2025\/04\/logo-twitter.png\" alt=\"\" width=\"39\" height=\"39\"  \/><\/a><\/strong><\/p>\n<p>        <script async src=\"https:\/\/platform.twitter.com\/widgets.js\" charset=\"utf-8\"><\/script><\/p>\n","protected":false},"excerpt":{"rendered":"Coup dur pour Hull KR. Victime d\u2019une rupture du biceps, le talonneur Michael McIlorum va rater plusieurs mois&hellip;\n","protected":false},"author":2,"featured_media":37322,"comment_status":"","ping_status":"","sticky":false,"template":"","format":"standard","meta":{"footnotes":""},"categories":[1416],"tags":[1011,27,9879,11885,479,2228,1468,2229,60,4474],"class_list":{"0":"post-37321","1":"post","2":"type-post","3":"status-publish","4":"format-standard","5":"has-post-thumbnail","7":"category-rugby","8":"tag-fr","9":"tag-france","10":"tag-hull-kr","11":"tag-michael-mcilorum","12":"tag-rugby","13":"tag-rugby-a-xiii","14":"tag-rugby-football","15":"tag-rugby-league","16":"tag-sports","17":"tag-super-league"},"share_on_mastodon":{"url":"https:\/\/pubeurope.com\/@fr\/114366610430361383","error":""},"_links":{"self":[{"href":"https:\/\/www.europesays.com\/fr\/wp-json\/wp\/v2\/posts\/37321","targetHints":{"allow":["GET"]}}],"collection":[{"href":"https:\/\/www.europesays.com\/fr\/wp-json\/wp\/v2\/posts"}],"about":[{"href":"https:\/\/www.europesays.com\/fr\/wp-json\/wp\/v2\/types\/post"}],"author":[{"embeddable":true,"href":"https:\/\/www.europesays.com\/fr\/wp-json\/wp\/v2\/users\/2"}],"replies":[{"embeddable":true,"href":"https:\/\/www.europesays.com\/fr\/wp-json\/wp\/v2\/comments?post=37321"}],"version-history":[{"count":0,"href":"https:\/\/www.europesays.com\/fr\/wp-json\/wp\/v2\/posts\/37321\/revisions"}],"wp:featuredmedia":[{"embeddable":true,"href":"https:\/\/www.europesays.com\/fr\/wp-json\/wp\/v2\/media\/37322"}],"wp:attachment":[{"href":"https:\/\/www.europesays.com\/fr\/wp-json\/wp\/v2\/media?parent=37321"}],"wp:term":[{"taxonomy":"category","embeddable":true,"href":"https:\/\/www.europesays.com\/fr\/wp-json\/wp\/v2\/categories?post=37321"},{"taxonomy":"post_tag","embeddable":true,"href":"https:\/\/www.europesays.com\/fr\/wp-json\/wp\/v2\/tags?post=37321"}],"curies":[{"name":"wp","href":"https:\/\/api.w.org\/{rel}","templated":true}]}}