{"id":373213,"date":"2025-09-07T15:16:25","date_gmt":"2025-09-07T15:16:25","guid":{"rendered":"https:\/\/www.europesays.com\/fr\/373213\/"},"modified":"2025-09-07T15:16:25","modified_gmt":"2025-09-07T15:16:25","slug":"le-chanteur-mika-va-faire-son-retour-en-tant-que-coach-dans-the-voice-mais-pas-en-france","status":"publish","type":"post","link":"https:\/\/www.europesays.com\/fr\/373213\/","title":{"rendered":"Le chanteur Mika va faire son retour en tant que coach dans The Voice\u2026 mais pas en France !"},"content":{"rendered":"<p>Mika change de sc\u00e8ne, mais pas de passion ! Apr\u00e8s avoir marqu\u00e9 l\u2019histoire de The Voice en France, le chanteur libanais de 41 ans vient d\u2019annoncer qu\u2019il rejoignait la version espagnole du t\u00e9l\u00e9-crochet, La Voz, diffus\u00e9e sur Antena 3. Une nouvelle aventure pour celui qui a d\u00e9j\u00e0 men\u00e9 deux talents jusqu\u2019\u00e0 la victoire en France : Kendji Girac, devenu un ph\u00e9nom\u00e8ne de la chanson, et Whitney Marin, r\u00e9v\u00e9l\u00e9e en 2019 par sa voix pleine d\u2019\u00e9motion.<\/p>\n<p><a id=\"eztoc103288626_1\"\/><strong>De The Voice France \u00e0 l\u2019Espagne<\/strong><\/p>\n<p>Arriv\u00e9 en 2014 sur TF1 pour remplacer Louis Bertignac, Mika a occup\u00e9 le fauteuil rouge jusqu\u2019en 2019, avant de revenir lors de la saison All Stars en 2021, puis en 2024 aux c\u00f4t\u00e9s de Vianney, Zazie et Bigflo et Oli. En novembre dernier, sur le plateau de Taratata, il avait surpris en expliquant vouloir mettre un terme \u00e0 sa participation aux \u00e9missions fran\u00e7aises, mais \u00ab\u00a0pas en tant que chanteur\u00a0\u00bb, avait-il toutefois pr\u00e9cis\u00e9, laissant entendre qu\u2019il n\u2019avait pas dit adieu \u00e0 la sc\u00e8ne musicale.<\/p>\n<p>L\u2019annonce officielle est tomb\u00e9e jeudi 4 septembre, via son compte Instagram. Mika a partag\u00e9 sa photo officielle pour La Voz avec ce commentaire : \u00ab\u00a0Je suis tr\u00e8s impatient de d\u00e9voiler cette cr\u00e9ation nouvelle et audacieuse aux fans pour un nombre restreint de dates, qui vont accompagner mon nouvel album\u00a0\u00bb.\u00a0Ce n\u2019est pas la premi\u00e8re fois que Mika exporte son talent de coach. En 2013, il avait int\u00e9gr\u00e9 le jury de X-Factor en Italie, diffus\u00e9 sur Sky Uno, o\u00f9 il est rest\u00e9 trois saisons. Sa personnalit\u00e9 p\u00e9tillante et son franc-parler avaient s\u00e9duit le public italien et men\u00e9 plusieurs talents jusqu\u2019\u00e0 la victoire. En 2015, il avait finalement quitt\u00e9 l\u2019\u00e9mission, mais laiss\u00e9 une empreinte durable !<\/p>\n<p><a id=\"eztoc103288626_2\"\/><strong>Une tourn\u00e9e europ\u00e9enne tr\u00e8s attendue<\/strong><\/p>\n<p>Si ses fans fran\u00e7ais regrettent d\u00e9j\u00e0 son absence du fauteuil rouge de TF1, ils pourront se consoler avec une s\u00e9rie de concerts. Mika a pr\u00e9vu une tourn\u00e9e europ\u00e9enne en 2026, avec pas moins de sept dates dans l\u2019Hexagone. Le 16 f\u00e9vrier prochain, il sera notamment \u00e0 l\u2019Accor Arena de Paris pour un show pr\u00e9sent\u00e9 comme une v\u00e9ritable cr\u00e9ation. \u00ab\u00a0Je suis tr\u00e8s impatient de d\u00e9voiler cette cr\u00e9ation nouvelle et audacieuse aux fans\u00a0\u00bb, avait-il d\u00e9clar\u00e9.\u00a0<\/p>\n<blockquote class=\"instagram-media\" data-instgrm-captioned=\"\" data-instgrm-permalink=\"https:\/\/www.instagram.com\/p\/DOJl1A0jAEy\/?utm_source=ig_embed&amp;utm_campaign=loading\" data-instgrm-version=\"14\" style=\" background:#FFF; border:0; border-radius:3px; box-shadow:0 0 1px 0 rgba(0,0,0,0.5),0 1px 10px 0 rgba(0,0,0,0.15); margin: 1px; max-width:540px; min-width:326px; padding:0; width:99.375%; width:-webkit-calc(100% - 2px); width:calc(100% - 2px);\"\/>\n<p>            <script async src=\"\/\/www.instagram.com\/embed.js\"><\/script><\/p>\n","protected":false},"excerpt":{"rendered":"Mika change de sc\u00e8ne, mais pas de passion ! Apr\u00e8s avoir marqu\u00e9 l\u2019histoire de The Voice en France,&hellip;\n","protected":false},"author":2,"featured_media":373214,"comment_status":"","ping_status":"","sticky":false,"template":"","format":"standard","meta":{"footnotes":""},"categories":[1356],"tags":[58,59,1011,27,252,1364],"class_list":{"0":"post-373213","1":"post","2":"type-post","3":"status-publish","4":"format-standard","5":"has-post-thumbnail","7":"category-television","8":"tag-divertissement","9":"tag-entertainment","10":"tag-fr","11":"tag-france","12":"tag-television","13":"tag-tv"},"share_on_mastodon":{"url":"https:\/\/pubeurope.com\/@fr\/115163678893725591","error":""},"_links":{"self":[{"href":"https:\/\/www.europesays.com\/fr\/wp-json\/wp\/v2\/posts\/373213","targetHints":{"allow":["GET"]}}],"collection":[{"href":"https:\/\/www.europesays.com\/fr\/wp-json\/wp\/v2\/posts"}],"about":[{"href":"https:\/\/www.europesays.com\/fr\/wp-json\/wp\/v2\/types\/post"}],"author":[{"embeddable":true,"href":"https:\/\/www.europesays.com\/fr\/wp-json\/wp\/v2\/users\/2"}],"replies":[{"embeddable":true,"href":"https:\/\/www.europesays.com\/fr\/wp-json\/wp\/v2\/comments?post=373213"}],"version-history":[{"count":0,"href":"https:\/\/www.europesays.com\/fr\/wp-json\/wp\/v2\/posts\/373213\/revisions"}],"wp:featuredmedia":[{"embeddable":true,"href":"https:\/\/www.europesays.com\/fr\/wp-json\/wp\/v2\/media\/373214"}],"wp:attachment":[{"href":"https:\/\/www.europesays.com\/fr\/wp-json\/wp\/v2\/media?parent=373213"}],"wp:term":[{"taxonomy":"category","embeddable":true,"href":"https:\/\/www.europesays.com\/fr\/wp-json\/wp\/v2\/categories?post=373213"},{"taxonomy":"post_tag","embeddable":true,"href":"https:\/\/www.europesays.com\/fr\/wp-json\/wp\/v2\/tags?post=373213"}],"curies":[{"name":"wp","href":"https:\/\/api.w.org\/{rel}","templated":true}]}}