{"id":373215,"date":"2025-09-07T15:17:18","date_gmt":"2025-09-07T15:17:18","guid":{"rendered":"https:\/\/www.europesays.com\/fr\/373215\/"},"modified":"2025-09-07T15:17:18","modified_gmt":"2025-09-07T15:17:18","slug":"saviez-vous-qua-chalon-sur-saone-vous-pouvez-suivre-des-cours-de-k-pop-info-chalon-com","status":"publish","type":"post","link":"https:\/\/www.europesays.com\/fr\/373215\/","title":{"rendered":"Saviez-vous qu&rsquo;\u00e0 Chalon sur Sa\u00f4ne, vous pouvez suivre des cours de K-Pop ? &#8211; info-chalon.com"},"content":{"rendered":"<p>G&rsquo;Danse association, lanc\u00e9e depuis 3 ans \u00e0 Chalon sur Sa\u00f4ne, propose cette petite nouveaut\u00e9, tr\u00e8s \u00e0 la mode du c\u00f4t\u00e9 des adolescents. <\/p>\n<p>La musique cor\u00e9enne et leurs chor\u00e9graphies sont tr\u00e8s tendances depuis quelques ann\u00e9es, et Chalon sur Sa\u00f4ne n&rsquo;\u00e9chappe pas \u00e0 la mode. Du coup, l&rsquo;association G&rsquo;Danse propose des cours de K-Pop tous les jeudis au 6 de la rue Dewet \u00e0 Chalon sur Sa\u00f4ne. La s\u00e9ance d\u00e9couverte est gratuite &#8211; N&rsquo;h\u00e9sitez pas \u00e0 solliciter l&rsquo;association pour toute information compl\u00e9mentaire au 0650284735<\/p>\n","protected":false},"excerpt":{"rendered":"G&rsquo;Danse association, lanc\u00e9e depuis 3 ans \u00e0 Chalon sur Sa\u00f4ne, propose cette petite nouveaut\u00e9, tr\u00e8s \u00e0 la mode&hellip;\n","protected":false},"author":2,"featured_media":373216,"comment_status":"","ping_status":"","sticky":false,"template":"","format":"standard","meta":{"footnotes":""},"categories":[1355],"tags":[58,59,1011,27,1361,873],"class_list":{"0":"post-373215","1":"post","2":"type-post","3":"status-publish","4":"format-standard","5":"has-post-thumbnail","7":"category-musique","8":"tag-divertissement","9":"tag-entertainment","10":"tag-fr","11":"tag-france","12":"tag-music","13":"tag-musique"},"share_on_mastodon":{"url":"https:\/\/pubeurope.com\/@fr\/115163683007880222","error":""},"_links":{"self":[{"href":"https:\/\/www.europesays.com\/fr\/wp-json\/wp\/v2\/posts\/373215","targetHints":{"allow":["GET"]}}],"collection":[{"href":"https:\/\/www.europesays.com\/fr\/wp-json\/wp\/v2\/posts"}],"about":[{"href":"https:\/\/www.europesays.com\/fr\/wp-json\/wp\/v2\/types\/post"}],"author":[{"embeddable":true,"href":"https:\/\/www.europesays.com\/fr\/wp-json\/wp\/v2\/users\/2"}],"replies":[{"embeddable":true,"href":"https:\/\/www.europesays.com\/fr\/wp-json\/wp\/v2\/comments?post=373215"}],"version-history":[{"count":0,"href":"https:\/\/www.europesays.com\/fr\/wp-json\/wp\/v2\/posts\/373215\/revisions"}],"wp:featuredmedia":[{"embeddable":true,"href":"https:\/\/www.europesays.com\/fr\/wp-json\/wp\/v2\/media\/373216"}],"wp:attachment":[{"href":"https:\/\/www.europesays.com\/fr\/wp-json\/wp\/v2\/media?parent=373215"}],"wp:term":[{"taxonomy":"category","embeddable":true,"href":"https:\/\/www.europesays.com\/fr\/wp-json\/wp\/v2\/categories?post=373215"},{"taxonomy":"post_tag","embeddable":true,"href":"https:\/\/www.europesays.com\/fr\/wp-json\/wp\/v2\/tags?post=373215"}],"curies":[{"name":"wp","href":"https:\/\/api.w.org\/{rel}","templated":true}]}}