{"id":373219,"date":"2025-09-07T15:19:10","date_gmt":"2025-09-07T15:19:10","guid":{"rendered":"https:\/\/www.europesays.com\/fr\/373219\/"},"modified":"2025-09-07T15:19:10","modified_gmt":"2025-09-07T15:19:10","slug":"les-chercheurs-sont-au-regret-de-vous-informer-que-si-vous-etes-ne-entre1939-et-2000-vous-natteindrez-sans-doute-pas-cet-age","status":"publish","type":"post","link":"https:\/\/www.europesays.com\/fr\/373219\/","title":{"rendered":"Les chercheurs sont au regret de vous informer que si vous \u00eates n\u00e9 entre1939 et 2000, vous n&rsquo;atteindrez sans doute pas cet \u00e2ge"},"content":{"rendered":"<p class=\"mb-4 text-lg md:leading-8 break-words\">Dans un sondage Ipsos d\u00e9voil\u00e9 en 2018, 71% des Fran\u00e7ais disaient vouloir vivre centenaires. Sous r\u00e9serve d\u2019\u00eatre en bonne sant\u00e9 bien s\u00fbr. Une nouvelle \u00e9tude parue dans la revue Proceedings of the National Academy of Sciences risque de les d\u00e9cevoir. Si l\u2019esp\u00e9rance de vie a augment\u00e9 r\u00e9guli\u00e8rement dans les pays \u00e0 revenu \u00e9lev\u00e9 depuis le d\u00e9but des ann\u00e9es 1900, les g\u00e9n\u00e9rations n\u00e9es entre 1939 et 2000 dans ces m\u00eames pays ne conna\u00eetront malheureusement pas cette augmentation lin\u00e9aire de l\u2019esp\u00e9rance de vie. Autrement dit, elles ont peu de chance d\u2019atteindre le cap tr\u00e8s symbolique des 100 ans. Pour leurs travaux, les chercheurs ont appliqu\u00e9 six m\u00e9thodes diff\u00e9rentes de pr\u00e9vision de la mortalit\u00e9 afin d\u2019estimer l\u2019esp\u00e9rance de vie par cohorte pour les personnes n\u00e9es entre 1939 et 2000 dans 23 pays \u00e0 revenu \u00e9lev\u00e9. Quelle que soit la technique utilis\u00e9e, \u00ab nos r\u00e9sultats indiquent de mani\u00e8re robuste et coh\u00e9rente une d\u00e9c\u00e9l\u00e9ration de l&rsquo;esp\u00e9rance de vie par cohorte \u00bb, \u00e9crivent les chercheurs. Alors qu\u2019auparavant les chercheurs observaient un rythme d\u2019am\u00e9lioration de 0,46 an par cohorte, ce dernier diminue de 37% \u00e0 52% en fonction de la m\u00e9thode utilis\u00e9e. M\u00eame avec le sc\u00e9nario le plus optimiste, aucun groupe de naissance post\u00e9rieur \u00e0 1938 ne devrait en moyenne pouvoir souffler ses 100 bougies.<\/p>\n<p>Des progr\u00e8s au ralenti<\/p>\n<p class=\"mb-4 text-lg md:leading-8 break-words\">Comment expliquer cela ? Notamment car les progr\u00e8s quant \u00e0 la mortalit\u00e9 infantile ne s\u2019am\u00e9liorent pas. Depuis (&#8230;)<\/p>\n<p class=\"mb-4 text-lg md:leading-8 break-words\"><a href=\"https:\/\/www.topsante.com\/senior\/les-chercheurs-sont-au-regret-de-vous-informer-que-si-vous-etes-ne-entre1939-et-2000-vous-natteindrez-sans-doute-pas-cet-age-926317?utm_campaign=partenariat&amp;utm_source=yahoo-articles&amp;utm_medium=flux\" rel=\"nofollow noopener\" target=\"_blank\" data-ylk=\"slk:Lire la suite sur Top Sant\u00e9;elm:context_link;itc:0;sec:content-canvas\" class=\"link \">Lire la suite sur Top Sant\u00e9<\/a><\/p>\n<p class=\"mb-4 text-lg md:leading-8 break-words\"><a href=\"https:\/\/www.topsante.com\/medecine\/des-chercheurs-ont-etudie-des-personnes-au-mode-de-vie-exemplaire-elles-nechappent-pas-non-plus-aux-problemes-cardiaques-voici-la-periode-de-vie-a-risque-926232?utm_campaign=partenariat&amp;utm_source=yahoo-articles&amp;utm_medium=flux\" rel=\"nofollow noopener\" target=\"_blank\" data-ylk=\"slk:Des chercheurs ont \u00e9tudi\u00e9 des personnes au mode de vie exemplaire : elles n&#039;\u00e9chappent pas non plus aux probl\u00e8mes cardiaques, voici la p\u00e9riode de vie \u00e0 risque;elm:context_link;itc:0;sec:content-canvas\" class=\"link \">Des chercheurs ont \u00e9tudi\u00e9 des personnes au mode de vie exemplaire : elles n&rsquo;\u00e9chappent pas non plus aux probl\u00e8mes cardiaques, voici la p\u00e9riode de vie \u00e0 risque<\/a><br \/><a href=\"https:\/\/www.topsante.com\/medecine\/digestion_et_transit\/cette-habitude-de-10-minutes-apres-chaque-repas-a-change-la-vie-de-cette-journaliste-en-moins-dun-mois-925993?utm_campaign=partenariat&amp;utm_source=yahoo-articles&amp;utm_medium=flux\" rel=\"nofollow noopener\" target=\"_blank\" data-ylk=\"slk:Cette habitude de 10 minutes apr\u00e8s chaque repas a chang\u00e9 la vie de cette journaliste en moins d&#039;un mois;elm:context_link;itc:0;sec:content-canvas\" class=\"link \">Cette habitude de 10 minutes apr\u00e8s chaque repas a chang\u00e9 la vie de cette journaliste en moins d&rsquo;un mois<\/a><br \/><a href=\"https:\/\/www.topsante.com\/nutrition_et_recettes\/bien_choisir_ses_aliments\/un-docteur-alerte-ces-3-viandes-sont-les-plus-preoccupantes-926354?utm_campaign=partenariat&amp;utm_source=yahoo-articles&amp;utm_medium=flux\" rel=\"nofollow noopener\" target=\"_blank\" data-ylk=\"slk:Un docteur alerte : ces 3 viandes sont les plus pr\u00e9occupantes;elm:context_link;itc:0;sec:content-canvas\" class=\"link \">Un docteur alerte : ces 3 viandes sont les plus pr\u00e9occupantes<\/a><br \/><a href=\"https:\/\/www.topsante.com\/medecine\/maladies_chroniques\/diabete\/5-petites-habitudes-quotidiennes-qui-peuvent-avoir-un-impact-important-sur-votre-glycemie-selon-les-experts-926294?utm_campaign=partenariat&amp;utm_source=yahoo-articles&amp;utm_medium=flux\" rel=\"nofollow noopener\" target=\"_blank\" data-ylk=\"slk:Commencez toujours vos repas par cet aliment : vous \u00e9viterez le pic de glyc\u00e9mie selon une nutritionniste;elm:context_link;itc:0;sec:content-canvas\" class=\"link \">Commencez toujours vos repas par cet aliment : vous \u00e9viterez le pic de glyc\u00e9mie selon une nutritionniste<\/a><br \/><a href=\"https:\/\/www.topsante.com\/nutrition_et_recettes\/bien_choisir_ses_aliments\/ce-yaourt-devrait-etre-consomme-davantage-a-40-ans-il-renforce-les-muscles-selon-des-experts-926333?utm_campaign=partenariat&amp;utm_source=yahoo-articles&amp;utm_medium=flux\" rel=\"nofollow noopener\" target=\"_blank\" data-ylk=\"slk:Ce yaourt devrait \u00eatre consomm\u00e9 davantage \u00e0 40 ans : il renforce les muscles selon des experts;elm:context_link;itc:0;sec:content-canvas\" class=\"link \">Ce yaourt devrait \u00eatre consomm\u00e9 davantage \u00e0 40 ans : il renforce les muscles selon des experts<\/a><\/p>\n","protected":false},"excerpt":{"rendered":"Dans un sondage Ipsos d\u00e9voil\u00e9 en 2018, 71% des Fran\u00e7ais disaient vouloir vivre centenaires. Sous r\u00e9serve d\u2019\u00eatre en&hellip;\n","protected":false},"author":2,"featured_media":373220,"comment_status":"","ping_status":"","sticky":false,"template":"","format":"standard","meta":{"footnotes":""},"categories":[10],"tags":[1011,27,72,12502,50734,71],"class_list":{"0":"post-373219","1":"post","2":"type-post","3":"status-publish","4":"format-standard","5":"has-post-thumbnail","7":"category-sante","8":"tag-fr","9":"tag-france","10":"tag-health","11":"tag-lesperance-de-vie","12":"tag-proceedings-of-the-national-academy-of-sciences","13":"tag-sante"},"share_on_mastodon":{"url":"https:\/\/pubeurope.com\/@fr\/115163691065346303","error":""},"_links":{"self":[{"href":"https:\/\/www.europesays.com\/fr\/wp-json\/wp\/v2\/posts\/373219","targetHints":{"allow":["GET"]}}],"collection":[{"href":"https:\/\/www.europesays.com\/fr\/wp-json\/wp\/v2\/posts"}],"about":[{"href":"https:\/\/www.europesays.com\/fr\/wp-json\/wp\/v2\/types\/post"}],"author":[{"embeddable":true,"href":"https:\/\/www.europesays.com\/fr\/wp-json\/wp\/v2\/users\/2"}],"replies":[{"embeddable":true,"href":"https:\/\/www.europesays.com\/fr\/wp-json\/wp\/v2\/comments?post=373219"}],"version-history":[{"count":0,"href":"https:\/\/www.europesays.com\/fr\/wp-json\/wp\/v2\/posts\/373219\/revisions"}],"wp:featuredmedia":[{"embeddable":true,"href":"https:\/\/www.europesays.com\/fr\/wp-json\/wp\/v2\/media\/373220"}],"wp:attachment":[{"href":"https:\/\/www.europesays.com\/fr\/wp-json\/wp\/v2\/media?parent=373219"}],"wp:term":[{"taxonomy":"category","embeddable":true,"href":"https:\/\/www.europesays.com\/fr\/wp-json\/wp\/v2\/categories?post=373219"},{"taxonomy":"post_tag","embeddable":true,"href":"https:\/\/www.europesays.com\/fr\/wp-json\/wp\/v2\/tags?post=373219"}],"curies":[{"name":"wp","href":"https:\/\/api.w.org\/{rel}","templated":true}]}}