{"id":373221,"date":"2025-09-07T15:20:14","date_gmt":"2025-09-07T15:20:14","guid":{"rendered":"https:\/\/www.europesays.com\/fr\/373221\/"},"modified":"2025-09-07T15:20:14","modified_gmt":"2025-09-07T15:20:14","slug":"le-vainqueur-de-la-finale-de-lus-open-entre-jannik-sinner-et-carlos-alcaraz-sera-numero-1-mondial-lequipe","status":"publish","type":"post","link":"https:\/\/www.europesays.com\/fr\/373221\/","title":{"rendered":"Le vainqueur de la finale de l&#039;US Open entre Jannik Sinner et Carlos Alcaraz sera num\u00e9ro 1 mondial &#8211; L&#039;\u00c9quipe"},"content":{"rendered":"<ol>\n<li><a href=\"https:\/\/news.google.com\/rss\/articles\/CBMi4AFBVV95cUxQMVpIbUJkNi1YYzNueXJnZ3R2dFlHcmlETERvQ2sxaXV4ckk3cGdyYXBQUWhZV1VpNjJacy1kZkRlX1RaX2ZkOWVFZU1rTkJoZTJWSkduRnpCUHlHeW5QMEt2T0duazlUTjN2SHVCbExwY21uLWI4ekVXQnVBeUFSM2pZZDBIVG9iS0tma0NuV2t2c3dMOVJhb2V0M3dDd3NDZ1l1OG5KckpQVWdPem82VkVGYUFCWTVBa0NDTzh5cDV1aG1sQUJjdVRNcjlBdDlPQWdZT2w0SlBvS2RlRjlWSA?oc=5\" target=\"_blank\" rel=\"nofollow noopener\">Le vainqueur de la finale de l&rsquo;US Open entre Jannik Sinner et Carlos Alcaraz sera num\u00e9ro 1 mondial<\/a>&nbsp;&nbsp;L&rsquo;\u00c9quipe<\/li>\n<li><a href=\"https:\/\/news.google.com\/rss\/articles\/CBMivAFBVV95cUxPNVV0Y1dNQ0pZZmlFUFBwVjZ3dTFfR3RsVTBVcy1ZRUJpYWRBODZZQ2szd2RpaXM1ZlFkUGZ4ZU1VVnljVllJS3ZkbG5ncWdQci1yVlY2blZjbmN6cXZQR1VnNmRzXzJVal82eXFmZy1nZl90RkR2LWJraUdDc25FVWxvM3ZDYzYzMHlxX1JwVHgtNGJvZFplVEhGY1BxamtnUW5qbENNYTdtUzA5OEhKTm5QRTNDY2NYUF9sYg?oc=5\" target=\"_blank\" rel=\"nofollow noopener\">L&rsquo;archi-domination du duo Jannik Sinner-Carlos Alcaraz est une bonne nouvelle pour le tennis<\/a>&nbsp;&nbsp;L&rsquo;\u00c9quipe<\/li>\n<li><a href=\"https:\/\/news.google.com\/rss\/articles\/CBMi6wFBVV95cUxNU19JdXRFQ1Y2RnMwc2dhWFlsakFBZHY5NXJDbmthd2IyTUZmbHU2UGJXQTluR3ZaaThULWRPSnNuaEtESFJlaWg2TkRubk53d0dqZTBKUk1XM0cwM3hJeWxqc2lQMk9zMG5pNkIydXBvZUw3S3R3YVRLUGpWb2dINGxRTEhhUWFUYWJ5UG5SdEFFQ2xfdC1jTi1xSjlPVDlXZFpfRFdwbFpaeDUyajZ0SVBUNG5zb3R5ek5Ha29QSC14eTVPLWJlalgzUDRCcmlXclhJSGpYYzFXcWNjY0NCdGtpTjFBLWRkMjFj?oc=5\" target=\"_blank\" rel=\"nofollow noopener\">US Open 2025 &#8211; Finale &#8211; De l&rsquo;espoir \u00ab\u00a0un peu en de\u00e7\u00e0\u00a0\u00bb au monstre, la m\u00e9tamorphose Jannik Sinner<\/a>&nbsp;&nbsp;Eurosport<\/li>\n<li><a href=\"https:\/\/news.google.com\/rss\/articles\/CBMi7wJBVV95cUxNVTI4ZHB5dnY1aHlMQ2l2dy1adk8xQUlVdDVVUWlLV2Z3Z1ZmWExwczJ1S3BYdEFSYlMtYk1hZG9UR21xMkpXWjRGZ0F0T01ZRWdhMElBd3prOFpyM2VtQXBuVVNxdnNvOEZqNzNxbFZfQTZmOUFDNWVwRVJUbGpmQ2xvdE9UUF9Pa2h6ZG90aElrOHFYNXppR2dmQndJaDdHeC1ZTnA3UU8xUVIwRGgtelpOMmtDWDA4YlhqZy1sdjVlVEF6b19PNk9XVklEdWl4U0E4SWRzaDRGbFRrNTctN3M1XzVEUmdSazZmMFBscU9JQ2g4NnV5NWZUNU9kS2tfZWVrdDh1OFc1ZHBxWC1DR1d4R2JwNllIWlNrdnN1bWZiTWtfeTlPbkZqZG5qdXpScVRaM0FianlIRGw2aGU3SFUtSEQtQ0k4bloxbklwQWFQN0RYWHVpRVk4TUxrWUR4RXZxUHFPdExldERENkhz?oc=5\" target=\"_blank\" rel=\"nofollow noopener\">[Podcasts] Sinner\/Alcaraz seuls au monde, un probl\u00e8me pour le tennis ? Pour Julien Benneteau, c&rsquo;est une b\u00e9n\u00e9diction pour les grands chelems mais \u00e7a pose souci pour le reste de la saison &#8211; 07\/09<\/a>&nbsp;&nbsp;RMC Sport<\/li>\n<li><a href=\"https:\/\/news.google.com\/rss\/articles\/CBMivwFBVV95cUxNNGgxa1F2bm9vRjFPSWU4RlhHM0Y1ZDlpS3B2ME1HNXlNVkdjODhIZTZZblBNTjY5ZXk4OHpxR3FRa21WSDhSd3JJUlctQ1RvX1BCSDBkWFpvMm9nd1lKakxuVlUxczZRODZZb18zYU8tQTJxam1LSU53SlR0dThkVkF1b256bENoRnMxT1FxMWNtaVVyeUlKX21KQ1FkQXpQRkg4bGZzVjlYYU1pbXNHQURFV2g4RXd2ZXBFQ0NURQ?oc=5\" target=\"_blank\" rel=\"nofollow noopener\">US Open 2025 \u2013 Finale messieurs : Sinalcaraz, chapitre III<\/a>&nbsp;&nbsp;Roland Garros (official site)<\/li>\n<\/ol>\n","protected":false},"excerpt":{"rendered":"Le vainqueur de la finale de l&rsquo;US Open entre Jannik Sinner et Carlos Alcaraz sera num\u00e9ro 1 mondial&nbsp;&nbsp;L&rsquo;\u00c9quipe&hellip;\n","protected":false},"author":2,"featured_media":373222,"comment_status":"","ping_status":"","sticky":false,"template":"","format":"standard","meta":{"footnotes":""},"categories":[9],"tags":[1011,27,60],"class_list":{"0":"post-373221","1":"post","2":"type-post","3":"status-publish","4":"format-standard","5":"has-post-thumbnail","7":"category-sports","8":"tag-fr","9":"tag-france","10":"tag-sports"},"share_on_mastodon":{"url":"https:\/\/pubeurope.com\/@fr\/115163694668620363","error":""},"_links":{"self":[{"href":"https:\/\/www.europesays.com\/fr\/wp-json\/wp\/v2\/posts\/373221","targetHints":{"allow":["GET"]}}],"collection":[{"href":"https:\/\/www.europesays.com\/fr\/wp-json\/wp\/v2\/posts"}],"about":[{"href":"https:\/\/www.europesays.com\/fr\/wp-json\/wp\/v2\/types\/post"}],"author":[{"embeddable":true,"href":"https:\/\/www.europesays.com\/fr\/wp-json\/wp\/v2\/users\/2"}],"replies":[{"embeddable":true,"href":"https:\/\/www.europesays.com\/fr\/wp-json\/wp\/v2\/comments?post=373221"}],"version-history":[{"count":0,"href":"https:\/\/www.europesays.com\/fr\/wp-json\/wp\/v2\/posts\/373221\/revisions"}],"wp:featuredmedia":[{"embeddable":true,"href":"https:\/\/www.europesays.com\/fr\/wp-json\/wp\/v2\/media\/373222"}],"wp:attachment":[{"href":"https:\/\/www.europesays.com\/fr\/wp-json\/wp\/v2\/media?parent=373221"}],"wp:term":[{"taxonomy":"category","embeddable":true,"href":"https:\/\/www.europesays.com\/fr\/wp-json\/wp\/v2\/categories?post=373221"},{"taxonomy":"post_tag","embeddable":true,"href":"https:\/\/www.europesays.com\/fr\/wp-json\/wp\/v2\/tags?post=373221"}],"curies":[{"name":"wp","href":"https:\/\/api.w.org\/{rel}","templated":true}]}}